{"id":9915,"date":"2026-03-30T20:01:00","date_gmt":"2026-03-31T00:01:00","guid":{"rendered":"https:\/\/ermdigital.com\/index.php\/2026\/03\/30\/carnaval-de-rio-san-juan-una-manifestacion-de-profundo-amor-al-mar\/"},"modified":"2026-03-30T20:01:00","modified_gmt":"2026-03-31T00:01:00","slug":"carnaval-de-rio-san-juan-una-manifestacion-de-profundo-amor-al-mar","status":"publish","type":"post","link":"https:\/\/ermdigital.com\/?p=9915","title":{"rendered":"Carnaval de R\u00edo San Juan, una manifestaci\u00f3n de profundo amor al mar"},"content":{"rendered":"<p>En <strong>R\u00edo San Juan<\/strong>, en la costa norte del pa\u00eds, el <strong>carnaval sale<\/strong> literalmente del agua y cobra <strong>vida<\/strong>. Entre febrero y marzo, la <strong>Laguna Gri-Gri<\/strong> se convierte en el escenario para que una decena de <strong>comparsas<\/strong> desfilen en botes para todo el pueblo que se aglomera en los alrededores.<\/p>\n<p>Unas <strong>16 comparsas<\/strong> que representan <strong>calamares<\/strong> gigantes,\u00a0caballitos de mar, langostas, peces, compuestas por <strong>ni\u00f1os y j\u00f3venes<\/strong> celebraron su <strong>identidad<\/strong> con el <strong>Carnavarengue<\/strong>, un evento de <strong>cuatro d\u00edas<\/strong> que tiene lugar desde 1997 en R\u00edo San Juan, y al que acuden cientos de personas, desde los locales, los <strong>riosanjuaneros ausentes<\/strong>, visitantes de otras provincias y extranjeros.<\/p>\n<p>La fenecida <strong>Fidelina Jos\u00e9 de B\u00e1ez<\/strong>, figura clave y cofundadora del <strong>Carnavarengue<\/strong> en <strong>R\u00edo San Juan<\/strong> y el arquitecto <strong>Persio Checo<\/strong>, impulsaron el \u00fanico <strong>carnaval marino<\/strong> del mundo.<\/p>\n<div class=\"my-12 component gallery relative small-slider\">\n<div class=\"slider-container\">\n<figure class=\"slider-item\">\n<div class=\"expand-img-placeholder\"><img loading=\"lazy\" decoding=\"async\" src=\"https:\/\/resources.diariolibre.com\/images\/expand.svg\" alt=\"Expandir imagen\" width=\"20\" height=\"20\"><span class=\"rutaimagenoriginal-placeholder\">https:\/\/resources.diariolibre.com\/images\/2026\/03\/27\/1b80b3c0-9ba8-4888-b4f3-5f28f46c239e-cbc6f5b4.jpg<\/span><\/div>\n<p><img decoding=\"async\" src=\"https:\/\/resources.diariolibre.com\/images\/2026\/03\/27\/1b80b3c0-9ba8-4888-b4f3-5f28f46c239e-cbc6f5b4.jpg\" width=\"100%\" alt=\"Los comunitarios disfrutan de su carnaval.\" class=\"w-full object-cover\"><figcaption><span>Los comunitarios disfrutan de su carnaval.<\/span><span> (<strong>FUENTE EXTERNA<\/strong>)<\/span><\/figcaption><\/figure>\n<figure class=\"slider-item\">\n<div class=\"expand-img-placeholder\"><img loading=\"lazy\" decoding=\"async\" src=\"https:\/\/resources.diariolibre.com\/images\/expand.svg\" alt=\"Expandir imagen\" width=\"20\" height=\"20\"><span class=\"rutaimagenoriginal-placeholder\">https:\/\/resources.diariolibre.com\/images\/2026\/03\/27\/9bdcae17-0aed-4088-bea3-aa08933dc73b-fd357cd1.jpg<\/span><\/div>\n<p><img decoding=\"async\" src=\"https:\/\/resources.diariolibre.com\/images\/2026\/03\/27\/9bdcae17-0aed-4088-bea3-aa08933dc73b-fd357cd1.jpg\" width=\"100%\" alt=\"Infograf\u00eda\" class=\"w-full object-cover\"><figcaption><\/figcaption><\/figure>\n<\/p><\/div>\n<div class=\"slider-arrows\">\n<div class=\"slider-arrow prev\">\u2039<\/div>\n<div class=\"slider-arrow next\">\u203a<\/div>\n<\/p><\/div>\n<ul class=\"slider-dots\"><\/ul>\n<\/div>\n<p>El pasado domingo<strong> 22 de marzo<\/strong> se celebr\u00f3 el cierre del <strong>Carnavarengue<\/strong>, que tuvo como artista invitado a <strong>Wason Brazob\u00e1n<\/strong>, junto con el <strong>desfile de la reina<\/strong> y las <strong>comparsas<\/strong>. La actividad, que se monta dentro de la laguna, se dio pese a la prolongada lluvia del d\u00eda anterior.<\/p>\n<h2>La juventud se integra<\/h2>\n<div class=\"my-12 component gallery relative small-slider\">\n<div class=\"slider-container\">\n<figure class=\"slider-item\">\n<div class=\"expand-img-placeholder\"><img loading=\"lazy\" decoding=\"async\" src=\"https:\/\/resources.diariolibre.com\/images\/expand.svg\" alt=\"Expandir imagen\" width=\"20\" height=\"20\"><span class=\"rutaimagenoriginal-placeholder\">https:\/\/resources.diariolibre.com\/images\/2026\/03\/27\/8a3035c6-3532-4afd-9509-c8fc64e366eb-2d406b76.jpg<\/span><\/div>\n<p><img decoding=\"async\" src=\"https:\/\/resources.diariolibre.com\/images\/2026\/03\/27\/8a3035c6-3532-4afd-9509-c8fc64e366eb-2d406b76.jpg\" width=\"100%\" alt=\"Las comparsas integran color, fantas\u00eda y coreograf\u00eda.\" class=\"w-full object-cover\"><figcaption><span>Las comparsas integran color, fantas\u00eda y coreograf\u00eda.<\/span><\/figcaption><\/figure>\n<figure class=\"slider-item\">\n<div class=\"expand-img-placeholder\"><img loading=\"lazy\" decoding=\"async\" src=\"https:\/\/resources.diariolibre.com\/images\/expand.svg\" alt=\"Expandir imagen\" width=\"20\" height=\"20\"><span class=\"rutaimagenoriginal-placeholder\">https:\/\/resources.diariolibre.com\/images\/2026\/03\/27\/3cbf778c-9400-4140-869b-0ab4a85cbcfa-13a67507.jpg<\/span><\/div>\n<p><img decoding=\"async\" src=\"https:\/\/resources.diariolibre.com\/images\/2026\/03\/27\/3cbf778c-9400-4140-869b-0ab4a85cbcfa-13a67507.jpg\" width=\"100%\" alt=\"Infograf\u00eda\" class=\"w-full object-cover\"><figcaption><\/figcaption><\/figure>\n<figure class=\"slider-item\">\n<div class=\"expand-img-placeholder\"><img loading=\"lazy\" decoding=\"async\" src=\"https:\/\/resources.diariolibre.com\/images\/expand.svg\" alt=\"Expandir imagen\" width=\"20\" height=\"20\"><span class=\"rutaimagenoriginal-placeholder\">https:\/\/resources.diariolibre.com\/images\/2026\/03\/27\/7e3dafd8-2d4a-4a5e-8767-83346b9334cd-f5b51291.jpg<\/span><\/div>\n<p><img decoding=\"async\" src=\"https:\/\/resources.diariolibre.com\/images\/2026\/03\/27\/7e3dafd8-2d4a-4a5e-8767-83346b9334cd-f5b51291.jpg\" width=\"100%\" alt=\"Infograf\u00eda\" class=\"w-full object-cover\"><figcaption><\/figcaption><\/figure>\n<\/p><\/div>\n<div class=\"slider-arrows\">\n<div class=\"slider-arrow prev\">\u2039<\/div>\n<div class=\"slider-arrow next\">\u203a<\/div>\n<\/p><\/div>\n<ul class=\"slider-dots\"><\/ul>\n<\/div>\n<p>Tambi\u00e9n llamado <strong>Carnamar<\/strong>, todas las <strong>comparsas<\/strong> integran <strong>color<\/strong>, fantas\u00eda, coreograf\u00eda y, sobre todo, toda la creatividad de la <strong>fauna marina<\/strong>.<\/p>\n<p><strong>\u00c1ngel S\u00e1nchez<\/strong>, organizador del\u00a0<strong>Carnavarengue<\/strong> y uno de sus mayores impulsores en la actualidad, dice que esta expresi\u00f3n art\u00edstica es una fusi\u00f3n de<strong> carnaval <\/strong>y <strong>merengue<\/strong> que este 2026 celebr\u00f3 su <strong>edici\u00f3n n\u00famero 28<\/strong>. <\/p>\n<p>Narra que todo comenz\u00f3 en 1995, cuando el empresario <strong>Luis Medrano<\/strong> mont\u00f3 una tarima en la <strong>Laguna Gri-Gri<\/strong>. Un a\u00f1o despu\u00e9s, la <strong>comunidad<\/strong> dijo -ah\u00ed es que queremos nuestro carnaval-. As\u00ed naci\u00f3 una <strong>tradici\u00f3n<\/strong> que hoy presume de tener un escenario \u00fanico en el mundo.<\/p>\n<p>Coment\u00f3 que m\u00e1s de <strong>400 j\u00f3venes<\/strong> participaron desde <strong>sectores populares<\/strong> como Acapulco, Buenos Aires y Nueva York Chiquito. Ni\u00f1os desde los tres a\u00f1os de edad son guiados por sus tutores\u00a0 a formar parte de una <strong>comparsa<\/strong>.<\/p>\n<p>Entre las m\u00e1s famosas que desfilaron est\u00e1n \"<strong>Surgiendo del oc\u00e9ano<\/strong>\", con trajes dise\u00f1ados por <strong>Nala Pe\u00f1a<\/strong> y coreograf\u00eda de <strong>Suly Pe\u00f1a<\/strong>; \"Mareas en fantas\u00eda\" de Luis Emilio Bierd, y \"Los oce\u00e1nicos\", del artesano Rubiem.<\/p>\n<div class=\"my-12 component gallery relative small-slider\">\n<div class=\"slider-container\">\n<figure class=\"slider-item\">\n<div class=\"expand-img-placeholder\"><img loading=\"lazy\" decoding=\"async\" src=\"https:\/\/resources.diariolibre.com\/images\/expand.svg\" alt=\"Expandir imagen\" width=\"20\" height=\"20\"><span class=\"rutaimagenoriginal-placeholder\">https:\/\/resources.diariolibre.com\/images\/2026\/03\/27\/9f5203b7-0832-40ac-aeed-6879eded2e1f-cc11d993.jpg<\/span><\/div>\n<p><img decoding=\"async\" src=\"https:\/\/resources.diariolibre.com\/images\/2026\/03\/27\/9f5203b7-0832-40ac-aeed-6879eded2e1f-cc11d993.jpg\" width=\"100%\" alt=\"Infograf\u00eda\" class=\"w-full object-cover\"><figcaption><\/figcaption><\/figure>\n<figure class=\"slider-item\">\n<div class=\"expand-img-placeholder\"><img loading=\"lazy\" decoding=\"async\" src=\"https:\/\/resources.diariolibre.com\/images\/expand.svg\" alt=\"Expandir imagen\" width=\"20\" height=\"20\"><span class=\"rutaimagenoriginal-placeholder\">https:\/\/resources.diariolibre.com\/images\/2026\/03\/27\/d4e3fc4a-3f1b-4ee8-8fe8-2e0047dc7d5c-f687448e.jpg<\/span><\/div>\n<p><img decoding=\"async\" src=\"https:\/\/resources.diariolibre.com\/images\/2026\/03\/27\/d4e3fc4a-3f1b-4ee8-8fe8-2e0047dc7d5c-f687448e.jpg\" width=\"100%\" alt=\"Los ni\u00f1os se integran a las comparsas desde los cinco a\u00f1os.\" class=\"w-full object-cover\"><figcaption><span>Los ni\u00f1os se integran a las comparsas desde los cinco a\u00f1os.<\/span><\/figcaption><\/figure>\n<\/p><\/div>\n<div class=\"slider-arrows\">\n<div class=\"slider-arrow prev\">\u2039<\/div>\n<div class=\"slider-arrow next\">\u203a<\/div>\n<\/p><\/div>\n<ul class=\"slider-dots\"><\/ul>\n<\/div>\n<p>De todos los carnavales dominicanos, \u00bfpor qu\u00e9 el suyo es el mejor? \"<strong>Autenticidad<\/strong> es la palabra\", fue la respuesta de <strong>\u00c1ngel S\u00e1nchez<\/strong>.<\/p>\n<p>\"Es algo espectacular lo que se vive en tarima. Es el <strong>\u00fanico escenario<\/strong> mundial dentro de una <strong>laguna<\/strong>. Esto es lo que le da la belleza y la calidad del trabajo de nuestros artistas y <strong>j\u00f3venes<\/strong> valiosos\", declara a este medio.<\/p>\n<p>El <strong>carnaval marino<\/strong> de <strong>R\u00edo San Juan<\/strong> ha ganado tres <strong>premios<\/strong> en el <strong>Desfile Nacional de Carnava<\/strong>l, pero hay mucho que dar.\u00a0\"Todav\u00eda somos un peque\u00f1o <strong>diamante en bruto<\/strong> en nuestro municipio\".<\/p>\n<figure class=\"inline-block\">\n<div class=\"expand-img-placeholder\"><img loading=\"lazy\" decoding=\"async\" src=\"https:\/\/resources.diariolibre.com\/images\/expand.svg\" alt=\"Expandir imagen\" width=\"20\" height=\"20\"><span class=\"rutaimagenoriginal-placeholder\">https:\/\/resources.diariolibre.com\/images\/2026\/03\/27\/7657a891-04f9-40d6-b847-bb0b30f78b8a-fd0edc76.jpg<\/span><\/div>\n<p><img decoding=\"async\" loading=\"lazy\" src=\"https:\/\/resources.diariolibre.com\/images\/2026\/03\/27\/7657a891-04f9-40d6-b847-bb0b30f78b8a-fd0edc76.jpg\" width=\"auto\" height=\"350\" alt=\"Infograf\u00eda\" class=\"mx-auto\"><figcaption><span>Lenin Melo, alcalde de R\u00edo San Juan y \u00c1ngel S\u00e1nchez, organizador del Carnavarengue<\/span><span> (<strong>FUENTE EXTERNA<\/strong>)<\/span><\/figcaption><\/figure>\n<p>La alcald\u00eda de<strong> R\u00edo San Juan <\/strong>asume el costo total del presupuesto de cada grupo carnavalero. En este 2026, <strong>Lenin Melo<\/strong>, alcalde de este municipio de la provincia costera Mar\u00eda Trinidad S\u00e1nchez, destin\u00f3 una suma de <strong>2.5 millones de pesos<\/strong>, entreg\u00e1ndole los fondos para que creen los trajes, la careta y\u00a0toda la indumentaria.<\/p>\n<p>Melo, al conversar con <em><strong>Diario Libre<\/strong><\/em>, abund\u00f3: \"Nuestro pueblo se siente totalmente identificado con lo que es el <strong>carnavarengue<\/strong>, que celebramos 28 a\u00f1os de esta hermosa manifestaci\u00f3n cultural y el pueblo se integra porque sabe que esto nos identifica\".<\/p>\n<p><!-- ctrlPlaceHolderQuote Inicio --><\/p>\n<div class=\"mb-5 component cita\">    <i>\"Somos un carnaval marino. Hacemos una rese\u00f1a de nuestros oc\u00e9anos y lo llevamos a las calles del municipio y a la tarima de la Laguna Gri-Gri\"<\/i>        <span class=\"author\"><strong>Lenin Melo<\/strong><\/span>        <span class=\"status\">Alcalde de R\u00edo San Juan<\/span>        <span class=\"cita-icon\">\u201c<\/span><\/div>\n<p><!-- ctrlPlaceHolderQuote Final --><\/p>\n<p>Es un trabajo que se comienza desde hace meses tocando puertas con los ministerios y diferentes instituciones y empresarios, a raz\u00f3n de ser un ayuntamiento peque\u00f1o, desde la <strong>Presidencia<\/strong> hasta el <strong>Ministerio de Turismo<\/strong>.<\/p>\n<\/p>\n<div class=\"w-full pt-2 float-left inside-related\">    <span class=\"border-b border-black pb-3 mb-4 block\"><strong>RELACIONADAS<\/strong><\/span>                <\/p>\n<article class=\"flex flex-wrap border-b pb-4 mb-3 inline-block\">\n<div class=\"xl:w-2\/12 w-4\/12\">\n<figure class=\"mb-0\">                                                    <a href=\"https:\/\/www.diariolibre.com\/revista\/musica\/2026\/03\/19\/festituricarnaval-celebra-el-carnaval-dominicano-en-varias-ciudad\/3475159?utm_source=relacionadas&amp;utm_medium=nota&amp;utm_campaign=relacionadas\" title=\"                                                                                                                            \">                                                                <img decoding=\"async\" loading=\"lazy\" src=\"https:\/\/resources.diariolibre.com\/images\/2026\/02\/11\/sergio-vargas-4a8b4a8e-focus-0-0-149-99.jpg\" width=\"149\" height=\"99\" title=\"Festituricarnaval llega a cuatro ciudades con m\u00fasica y carnaval este domingo 22\" alt=\"Festituricarnaval llega a cuatro ciudades con m\u00fasica y carnaval este domingo 22\" class=\"object-cover\">                                                            <\/a>                                            <\/figure>\n<\/p><\/div>\n<div class=\"xl:w-10\/12 w-8\/12 pl-3\">\n<div class=\"text-md mb-2 meta\">                        <a href=\"https:\/\/www.diariolibre.com\/revista\/musica\" title=\"M\u00fasica\">M\u00fasica<\/a>                    <\/div>\n<h2><a href=\"https:\/\/www.diariolibre.com\/revista\/musica\/2026\/03\/19\/festituricarnaval-celebra-el-carnaval-dominicano-en-varias-ciudad\/3475159?utm_source=relacionadas&amp;utm_medium=nota&amp;utm_campaign=relacionadas\" title=\"Festituricarnaval llega a cuatro ciudades con m\u00fasica y carnaval este domingo 22\">Festituricarnaval llega a cuatro ciudades con m\u00fasica y carnaval este domingo 22<\/a><\/h2>\n<\/p><\/div>\n<\/article>\n<article class=\"flex flex-wrap border-b pb-4 mb-3 inline-block\">\n<div class=\"xl:w-2\/12 w-4\/12\">\n<figure class=\"mb-0\">                                                    <a href=\"https:\/\/www.diariolibre.com\/revista\/buena-vida\/2023\/09\/16\/visita-los-lugares-mas-hermosos-de-rio-san-juan\/2463394?utm_source=relacionadas&amp;utm_medium=nota&amp;utm_campaign=relacionadas\" title=\"                                                                                                                            \">                                                                <img decoding=\"async\" loading=\"lazy\" src=\"https:\/\/resources.diariolibre.com\/images\/2023\/09\/16\/playa-grande-2_1-focus-min0.04-0.13-149-99.jpg\" width=\"149\" height=\"99\" title=\"R\u00edo San Juan: un para\u00edso tur\u00edstico en Rep\u00fablica Dominicana\" alt=\"R\u00edo San Juan: un para\u00edso tur\u00edstico en Rep\u00fablica Dominicana\" class=\"object-cover\">                                                            <\/a>                                            <\/figure>\n<\/p><\/div>\n<div class=\"xl:w-10\/12 w-8\/12 pl-3\">\n<div class=\"text-md mb-2 meta\">                        <a href=\"https:\/\/www.diariolibre.com\/revista\/buena-vida\" title=\"Buena vida\">Buena vida<\/a>                    <\/div>\n<h2><a href=\"https:\/\/www.diariolibre.com\/revista\/buena-vida\/2023\/09\/16\/visita-los-lugares-mas-hermosos-de-rio-san-juan\/2463394?utm_source=relacionadas&amp;utm_medium=nota&amp;utm_campaign=relacionadas\" title=\"R\u00edo San Juan: un para\u00edso tur\u00edstico en Rep\u00fablica Dominicana\">R\u00edo San Juan: un para\u00edso tur\u00edstico en Rep\u00fablica Dominicana<\/a><\/h2>\n<\/p><\/div>\n<\/article><\/div>\n<p>Esta celebraci\u00f3n de <strong>cuatro d\u00edas<\/strong> impacta positivamente a la <strong>comunidad<\/strong>, a la familia\u00a0y a los <strong>j\u00f3venes<\/strong>, como una manera de mantenerlos ocupados. \"El \u00faltimo d\u00eda, se celebra el desfile y el concurso de <strong>comparsas<\/strong> donde se dan buenos <strong>premios<\/strong> y es una forma de seguir motiv\u00e1ndolos para que sigan con esa labor\", subraya.<\/p>\n<div class=\"my-12 component gallery relative small-slider\">\n<div class=\"slider-container\">\n<figure class=\"slider-item\">\n<div class=\"expand-img-placeholder\"><img loading=\"lazy\" decoding=\"async\" src=\"https:\/\/resources.diariolibre.com\/images\/expand.svg\" alt=\"Expandir imagen\" width=\"20\" height=\"20\"><span class=\"rutaimagenoriginal-placeholder\">https:\/\/resources.diariolibre.com\/images\/2026\/03\/27\/bbd19f79-adac-4f3c-b8e1-6895c040d15d-09d813fb.jpg<\/span><\/div>\n<p><img decoding=\"async\" src=\"https:\/\/resources.diariolibre.com\/images\/2026\/03\/27\/bbd19f79-adac-4f3c-b8e1-6895c040d15d-09d813fb.jpg\" width=\"100%\" alt=\"Infograf\u00eda\" class=\"w-full object-cover\"><figcaption><\/figcaption><\/figure>\n<figure class=\"slider-item\">\n<div class=\"expand-img-placeholder\"><img loading=\"lazy\" decoding=\"async\" src=\"https:\/\/resources.diariolibre.com\/images\/expand.svg\" alt=\"Expandir imagen\" width=\"20\" height=\"20\"><span class=\"rutaimagenoriginal-placeholder\">https:\/\/resources.diariolibre.com\/images\/2026\/03\/27\/54f9b4cb-3198-4a8a-b436-a2d1340d11ad-6705aac1.jpg<\/span><\/div>\n<p><img decoding=\"async\" src=\"https:\/\/resources.diariolibre.com\/images\/2026\/03\/27\/54f9b4cb-3198-4a8a-b436-a2d1340d11ad-6705aac1.jpg\" width=\"100%\" alt=\"Infograf\u00eda\" class=\"w-full object-cover\"><figcaption><\/figcaption><\/figure>\n<figure class=\"slider-item\">\n<div class=\"expand-img-placeholder\"><img loading=\"lazy\" decoding=\"async\" src=\"https:\/\/resources.diariolibre.com\/images\/expand.svg\" alt=\"Expandir imagen\" width=\"20\" height=\"20\"><span class=\"rutaimagenoriginal-placeholder\">https:\/\/resources.diariolibre.com\/images\/2026\/03\/27\/ecb17c0d-4f4f-40ea-bc0e-8e356ac344cd-79711bee.jpg<\/span><\/div>\n<p><img decoding=\"async\" src=\"https:\/\/resources.diariolibre.com\/images\/2026\/03\/27\/ecb17c0d-4f4f-40ea-bc0e-8e356ac344cd-79711bee.jpg\" width=\"100%\" alt=\"Infograf\u00eda\" class=\"w-full object-cover\"><figcaption><\/figcaption><\/figure>\n<\/p><\/div>\n<div class=\"slider-arrows\">\n<div class=\"slider-arrow prev\">\u2039<\/div>\n<div class=\"slider-arrow next\">\u203a<\/div>\n<\/p><\/div>\n<ul class=\"slider-dots\"><\/ul>\n<\/div>\n<p>El <strong>cabildo<\/strong> considera que esto ha traspasado fronteras. Muchos <strong>turistas<\/strong> vienen cada a\u00f1o a este\u00a0encuentro, por igual compueblanos en Europa y Estados Unidos, que reservan sus vuelos para estas fechas.<\/p>\n<h2><strong>Vocaci\u00f3n<\/strong> por su carnaval<\/h2>\n<div class=\"my-12 component gallery relative small-slider\">\n<div class=\"slider-container\">\n<figure class=\"slider-item\">\n<div class=\"expand-img-placeholder\"><img loading=\"lazy\" decoding=\"async\" src=\"https:\/\/resources.diariolibre.com\/images\/expand.svg\" alt=\"Expandir imagen\" width=\"20\" height=\"20\"><span class=\"rutaimagenoriginal-placeholder\">https:\/\/resources.diariolibre.com\/images\/2026\/03\/27\/e1c6733a-1ce2-4d93-af14-d4d6ee5a3a6c-ac53bef8.jpg<\/span><\/div>\n<p><img decoding=\"async\" src=\"https:\/\/resources.diariolibre.com\/images\/2026\/03\/27\/e1c6733a-1ce2-4d93-af14-d4d6ee5a3a6c-ac53bef8.jpg\" width=\"100%\" alt=\"Algunas de las piezas que elabora la profesora Carmen Estrella.\" class=\"w-full object-cover\"><figcaption><span>Algunas de las piezas que elabora la profesora Carmen Estrella.<\/span><span> (<strong>FOTOS: NEAL CRUZ<\/strong>)<\/span><\/figcaption><\/figure>\n<figure class=\"slider-item\">\n<div class=\"expand-img-placeholder\"><img loading=\"lazy\" decoding=\"async\" src=\"https:\/\/resources.diariolibre.com\/images\/expand.svg\" alt=\"Expandir imagen\" width=\"20\" height=\"20\"><span class=\"rutaimagenoriginal-placeholder\">https:\/\/resources.diariolibre.com\/images\/2026\/03\/27\/9432e71a-eaae-4887-8f73-fa6efd1e1e62-afc612ce.jpg<\/span><\/div>\n<p><img decoding=\"async\" src=\"https:\/\/resources.diariolibre.com\/images\/2026\/03\/27\/9432e71a-eaae-4887-8f73-fa6efd1e1e62-afc612ce.jpg\" width=\"100%\" alt=\"Infograf\u00eda\" class=\"w-full object-cover\"><figcaption><\/figcaption><\/figure>\n<figure class=\"slider-item\">\n<div class=\"expand-img-placeholder\"><img loading=\"lazy\" decoding=\"async\" src=\"https:\/\/resources.diariolibre.com\/images\/expand.svg\" alt=\"Expandir imagen\" width=\"20\" height=\"20\"><span class=\"rutaimagenoriginal-placeholder\">https:\/\/resources.diariolibre.com\/images\/2026\/03\/27\/375e0cf5-d541-49c8-b827-f58db34cf080-78ff8a36.jpg<\/span><\/div>\n<p><img decoding=\"async\" src=\"https:\/\/resources.diariolibre.com\/images\/2026\/03\/27\/375e0cf5-d541-49c8-b827-f58db34cf080-78ff8a36.jpg\" width=\"100%\" alt=\"Infograf\u00eda\" class=\"w-full object-cover\"><figcaption><\/figcaption><\/figure>\n<figure class=\"slider-item\">\n<div class=\"expand-img-placeholder\"><img loading=\"lazy\" decoding=\"async\" src=\"https:\/\/resources.diariolibre.com\/images\/expand.svg\" alt=\"Expandir imagen\" width=\"20\" height=\"20\"><span class=\"rutaimagenoriginal-placeholder\">https:\/\/resources.diariolibre.com\/images\/2026\/03\/27\/7b4fc585-51c6-4566-b79a-ecd867eb3c32-8c85307a.jpg<\/span><\/div>\n<p><img decoding=\"async\" src=\"https:\/\/resources.diariolibre.com\/images\/2026\/03\/27\/7b4fc585-51c6-4566-b79a-ecd867eb3c32-8c85307a.jpg\" width=\"100%\" alt=\"Infograf\u00eda\" class=\"w-full object-cover\"><figcaption><\/figcaption><\/figure>\n<\/p><\/div>\n<div class=\"slider-arrows\">\n<div class=\"slider-arrow prev\">\u2039<\/div>\n<div class=\"slider-arrow next\">\u203a<\/div>\n<\/p><\/div>\n<ul class=\"slider-dots\"><\/ul>\n<\/div>\n<p>Antes de subir a la tarima de la <strong>Laguna<\/strong> Gri-Gri, a dos esquinas, est\u00e1 la casa de la <strong>profesora Carmen Estrella<\/strong>. Con solo ver en la acera los <strong>disfraces<\/strong> de peces y caballitos de mar de todos los colores o los tridentes, sabemos que estamos frente a una <strong>artesana<\/strong> que vive por este carnaval.<\/p>\n<p>Desde finales de los a\u00f1os 90, Estrella ha sido parte esencial de este proceso. <strong>Artesana<\/strong>, <strong>formadora<\/strong> y creadora, sus trajes nacen desde la salita de su casa (llena de indumentarias del carnaval), con fundas recicladas, pl\u00e1sticos y \"todo lo que el mar nos da\", menciona en referencia a caracoles, algas, etc.<\/p>\n<p><strong>Carmen<\/strong> trabaja directamente con decenas de <strong>ni\u00f1os y j\u00f3venes<\/strong>, alrededor de 50 actualmente, a quienes forma, gu\u00eda y conecta con la <strong>tradici\u00f3n<\/strong>.<\/p>\n<div class=\"my-12 component gallery relative small-slider\">\n<div class=\"slider-container\">\n<figure class=\"slider-item\">\n<div class=\"expand-img-placeholder\"><img loading=\"lazy\" decoding=\"async\" src=\"https:\/\/resources.diariolibre.com\/images\/expand.svg\" alt=\"Expandir imagen\" width=\"20\" height=\"20\"><span class=\"rutaimagenoriginal-placeholder\">https:\/\/resources.diariolibre.com\/images\/2026\/03\/27\/b743cea7-7505-4196-8c0c-e515bb22db81-5a0897af.jpg<\/span><\/div>\n<p><img decoding=\"async\" src=\"https:\/\/resources.diariolibre.com\/images\/2026\/03\/27\/b743cea7-7505-4196-8c0c-e515bb22db81-5a0897af.jpg\" width=\"100%\" alt=\"Carmen Estrella en el Desfile Nacional de Carnaval en Santo Domingo.\" class=\"w-full object-cover\"><figcaption><span>Carmen Estrella en el Desfile Nacional de Carnaval en Santo Domingo.<\/span><\/figcaption><\/figure>\n<figure class=\"slider-item\">\n<div class=\"expand-img-placeholder\"><img loading=\"lazy\" decoding=\"async\" src=\"https:\/\/resources.diariolibre.com\/images\/expand.svg\" alt=\"Expandir imagen\" width=\"20\" height=\"20\"><span class=\"rutaimagenoriginal-placeholder\">https:\/\/resources.diariolibre.com\/images\/2026\/03\/27\/2e113f33-ecaa-4cea-9e21-0345cb2c422e-3528742e.jpg<\/span><\/div>\n<p><img decoding=\"async\" src=\"https:\/\/resources.diariolibre.com\/images\/2026\/03\/27\/2e113f33-ecaa-4cea-9e21-0345cb2c422e-3528742e.jpg\" width=\"100%\" alt=\"Carmen Estrella ha sido part\u00edcipe de los principales eventos del carnaval del pa\u00eds.\" class=\"w-full object-cover\"><figcaption><span>Carmen Estrella ha sido part\u00edcipe de los principales eventos del carnaval del pa\u00eds.<\/span><\/figcaption><\/figure>\n<figure class=\"slider-item\">\n<div class=\"expand-img-placeholder\"><img loading=\"lazy\" decoding=\"async\" src=\"https:\/\/resources.diariolibre.com\/images\/expand.svg\" alt=\"Expandir imagen\" width=\"20\" height=\"20\"><span class=\"rutaimagenoriginal-placeholder\">https:\/\/resources.diariolibre.com\/images\/2026\/03\/27\/fff94595-73ec-48fb-ba32-0265d5d58101-9bc1ecff.jpg<\/span><\/div>\n<p><img decoding=\"async\" src=\"https:\/\/resources.diariolibre.com\/images\/2026\/03\/27\/fff94595-73ec-48fb-ba32-0265d5d58101-9bc1ecff.jpg\" width=\"100%\" alt=\"Una de sus creaciones.\" class=\"w-full object-cover\"><figcaption><span>Una de sus creaciones.<\/span><\/figcaption><\/figure>\n<\/p><\/div>\n<div class=\"slider-arrows\">\n<div class=\"slider-arrow prev\">\u2039<\/div>\n<div class=\"slider-arrow next\">\u203a<\/div>\n<\/p><\/div>\n<ul class=\"slider-dots\"><\/ul>\n<\/div>\n<p>Comenta que los <strong>calamares<\/strong> son lo que distingue\u00a0la <strong>identidad<\/strong> del carnaval de <strong>R\u00edo San Juan<\/strong>. Pero cada a\u00f1o se reinventan: tiburones, monstruos marinos, langostas y peces imposibles emergen desde la imaginaci\u00f3n colectiva.<\/p>\n<p>A su lado est\u00e1 su vecina, amiga y c\u00f3mplice, <strong>Lourdes Taveras<\/strong>, quien cose las propuestas de las ideas que ella les lleva. Juntas montan hasta 50 <strong>disfraces<\/strong>. <\/p>\n<p>Al entrar al hogar de Taveras, en su patio estaban ensayando su baile las ni\u00f1as del grupo \"<strong>Las aletas del fuego<\/strong> del Gri-Gri\". Tambi\u00e9n se preparan a ritmo de la m\u00fasica y la camarader\u00eda los muchachos que se iban a transformar en peces.<\/p>\n<ul>\n<li> Las escamas del pescado <strong>rojo con verde<\/strong> se pintaron a mano uno a uno y el<em> body<\/em> estaba fabricado en poli\u00e9ster. Sus disfraces se distinguen de otros carnavales de ser m\u00e1s ajustados al cuerpo como base, pero d\u00e1ndole protagonismo a las caretas, las capas y los tridentes o palos.<\/li>\n<\/ul>\n<div class=\"my-12 component gallery relative small-slider\">\n<div class=\"slider-container\">\n<figure class=\"slider-item\">\n<div class=\"expand-img-placeholder\"><img loading=\"lazy\" decoding=\"async\" src=\"https:\/\/resources.diariolibre.com\/images\/expand.svg\" alt=\"Expandir imagen\" width=\"20\" height=\"20\"><span class=\"rutaimagenoriginal-placeholder\">https:\/\/resources.diariolibre.com\/images\/2026\/03\/27\/d5767c22-ae9e-4d3b-87fe-179cad65270d-0f986a0a.jpg<\/span><\/div>\n<p><img decoding=\"async\" src=\"https:\/\/resources.diariolibre.com\/images\/2026\/03\/27\/d5767c22-ae9e-4d3b-87fe-179cad65270d-0f986a0a.jpg\" width=\"100%\" alt=\"Lourdes Taveras prepara sus trajes para salir al desfile del pasado 22 de marzo.\" class=\"w-full object-cover\"><figcaption><span>Lourdes Taveras prepara sus trajes para salir al desfile del pasado 22 de marzo.<\/span><span> (<strong>NEAL CRUZ<\/strong>)<\/span><\/figcaption><\/figure>\n<figure class=\"slider-item\">\n<div class=\"expand-img-placeholder\"><img loading=\"lazy\" decoding=\"async\" src=\"https:\/\/resources.diariolibre.com\/images\/expand.svg\" alt=\"Expandir imagen\" width=\"20\" height=\"20\"><span class=\"rutaimagenoriginal-placeholder\">https:\/\/resources.diariolibre.com\/images\/2026\/03\/27\/82235786-7554-4219-a95b-ad56a857a92d-5052c9e2.jpg<\/span><\/div>\n<p><img decoding=\"async\" src=\"https:\/\/resources.diariolibre.com\/images\/2026\/03\/27\/82235786-7554-4219-a95b-ad56a857a92d-5052c9e2.jpg\" width=\"100%\" alt=\"Uno de los adolescentes que forman parte del grupo de la artesana Lourdes Taveras.\" class=\"w-full object-cover\"><figcaption><span>Uno de los adolescentes que forman parte del grupo de la artesana Lourdes Taveras.<\/span><span> (<strong>NEAL CRUZ<\/strong>)<\/span><\/figcaption><\/figure>\n<\/p><\/div>\n<div class=\"slider-arrows\">\n<div class=\"slider-arrow prev\">\u2039<\/div>\n<div class=\"slider-arrow next\">\u203a<\/div>\n<\/p><\/div>\n<ul class=\"slider-dots\"><\/ul>\n<\/div>\n<p> Un <strong>muchachito<\/strong> accedi\u00f3 a ponerse el <strong>traje<\/strong> como adelanto a este medio. La motivaci\u00f3n y la <strong>alegr\u00eda<\/strong> les brota.<\/p>\n<p>La modista do\u00f1a <strong>Lourdes<\/strong>, con aguja e hilo en la mano, y con la sala llena de materiales, tambi\u00e9n demostr\u00f3 que el carnaval es una <strong>vocaci\u00f3n<\/strong> y es su <strong>vida<\/strong>, tanto, que los hijos muchas veces no logran entenderlo.<\/p>\n<ul>\n<li>Al terminar la temporada carnavalesca deben vender, regalar o deshacerse de las creaciones porque no les caben.<\/li>\n<\/ul>\n<p>\"Cada a\u00f1o seguimos con <strong>m\u00e1s fe<\/strong>. A nuestros <strong>j\u00f3venes<\/strong> les gusta participar, lo disfrutan. Qu\u00e9 pena que se nos fue la inspiraci\u00f3n mayor, que era do\u00f1a <strong>Fidelina<\/strong>. Ella hizo que este pedacito de tierra anduviera el mundo entero\", declara.<\/p>\n<p>Otra mujer incansable de la organizaci\u00f3n del carnaval es <strong>Marilyn<\/strong> \"La bombera\", una <strong>l\u00edder comunitaria<\/strong> que ha llevado a mantener viva esta <strong>tradici\u00f3n<\/strong>.<\/p>\n<p>La mayor felicidad de <strong>Lourdes<\/strong>, <strong>Carmen<\/strong> y <strong>Marilyn<\/strong>: ver a sus muchachos del barrio desfilando por todo lo alto en la <strong>Laguna<\/strong> Gri-Gri, dejando huellas en el carnaval de <strong>R\u00edo San Juan<\/strong>.<\/p>\n<p>\u200bEn R\u00edo San Juan, en la costa norte del pa\u00eds, el carnaval sale literalmente del agua y cobra vida. Entre febrero y marzo, la Laguna Gri-Gri se convierte en el escenario para que una decena de comparsas desfilen en botes para todo el pueblo que se aglomera en los alrededores.Unas 16 comparsas que representan calamares gigantes,\u00a0caballitos de mar, langostas, peces, compuestas por ni\u00f1os y j\u00f3venes celebraron su identidad con el Carnavarengue, un evento de cuatro d\u00edas que tiene lugar desde 1997 en R\u00edo San Juan, y al que acuden cientos de personas, desde los locales, los riosanjuaneros ausentes, visitantes de otras provincias y extranjeros.La fenecida Fidelina Jos\u00e9 de B\u00e1ez, figura clave y cofundadora del Carnavarengue en R\u00edo San Juan y el arquitecto Persio Checo, impulsaron el \u00fanico carnaval marino del mundo.            https:\/\/resources.diariolibre.com\/images\/2026\/03\/27\/1b80b3c0-9ba8-4888-b4f3-5f28f46c239e-cbc6f5b4.jpgLos comunitarios disfrutan de su carnaval. (FUENTE EXTERNA)https:\/\/resources.diariolibre.com\/images\/2026\/03\/27\/9bdcae17-0aed-4088-bea3-aa08933dc73b-fd357cd1.jpg                \u2039        \u203a        El pasado domingo 22 de marzo se celebr\u00f3 el cierre del Carnavarengue, que tuvo como artista invitado a Wason Brazob\u00e1n, junto con el desfile de la reina y las comparsas. La actividad, que se monta dentro de la laguna, se dio pese a la prolongada lluvia del d\u00eda anterior.La juventud se integra            https:\/\/resources.diariolibre.com\/images\/2026\/03\/27\/8a3035c6-3532-4afd-9509-c8fc64e366eb-2d406b76.jpgLas comparsas integran color, fantas\u00eda y coreograf\u00eda.https:\/\/resources.diariolibre.com\/images\/2026\/03\/27\/3cbf778c-9400-4140-869b-0ab4a85cbcfa-13a67507.jpghttps:\/\/resources.diariolibre.com\/images\/2026\/03\/27\/7e3dafd8-2d4a-4a5e-8767-83346b9334cd-f5b51291.jpg                \u2039        \u203a        Tambi\u00e9n llamado Carnamar, todas las comparsas integran color, fantas\u00eda, coreograf\u00eda y, sobre todo, toda la creatividad de la fauna marina.\u00c1ngel S\u00e1nchez, organizador del\u00a0Carnavarengue y uno de sus mayores impulsores en la actualidad, dice que esta expresi\u00f3n art\u00edstica es una fusi\u00f3n de carnaval y merengue que este 2026 celebr\u00f3 su edici\u00f3n n\u00famero 28. Narra que todo comenz\u00f3 en 1995, cuando el empresario Luis Medrano mont\u00f3 una tarima en la Laguna Gri-Gri. Un a\u00f1o despu\u00e9s, la comunidad dijo -ah\u00ed es que queremos nuestro carnaval-. As\u00ed naci\u00f3 una tradici\u00f3n que hoy presume de tener un escenario \u00fanico en el mundo.Coment\u00f3 que m\u00e1s de 400 j\u00f3venes participaron desde sectores populares como Acapulco, Buenos Aires y Nueva York Chiquito. Ni\u00f1os desde los tres a\u00f1os de edad son guiados por sus tutores\u00a0 a formar parte de una comparsa.Entre las m\u00e1s famosas que desfilaron est\u00e1n \"Surgiendo del oc\u00e9ano\", con trajes dise\u00f1ados por Nala Pe\u00f1a y coreograf\u00eda de Suly Pe\u00f1a; \"Mareas en fantas\u00eda\" de Luis Emilio Bierd, y \"Los oce\u00e1nicos\", del artesano Rubiem.            https:\/\/resources.diariolibre.com\/images\/2026\/03\/27\/9f5203b7-0832-40ac-aeed-6879eded2e1f-cc11d993.jpghttps:\/\/resources.diariolibre.com\/images\/2026\/03\/27\/d4e3fc4a-3f1b-4ee8-8fe8-2e0047dc7d5c-f687448e.jpgLos ni\u00f1os se integran a las comparsas desde los cinco a\u00f1os.                \u2039        \u203a        De todos los carnavales dominicanos, \u00bfpor qu\u00e9 el suyo es el mejor? \"Autenticidad es la palabra\", fue la respuesta de \u00c1ngel S\u00e1nchez.\"Es algo espectacular lo que se vive en tarima. Es el \u00fanico escenario mundial dentro de una laguna. Esto es lo que le da la belleza y la calidad del trabajo de nuestros artistas y j\u00f3venes valiosos\", declara a este medio.El carnaval marino de R\u00edo San Juan ha ganado tres premios en el Desfile Nacional de Carnaval, pero hay mucho que dar.\u00a0\"Todav\u00eda somos un peque\u00f1o diamante en bruto en nuestro municipio\".https:\/\/resources.diariolibre.com\/images\/2026\/03\/27\/7657a891-04f9-40d6-b847-bb0b30f78b8a-fd0edc76.jpgLenin Melo, alcalde de R\u00edo San Juan y \u00c1ngel S\u00e1nchez, organizador del Carnavarengue (FUENTE EXTERNA)La alcald\u00eda de R\u00edo San Juan asume el costo total del presupuesto de cada grupo carnavalero. En este 2026, Lenin Melo, alcalde de este municipio de la provincia costera Mar\u00eda Trinidad S\u00e1nchez, destin\u00f3 una suma de 2.5 millones de pesos, entreg\u00e1ndole los fondos para que creen los trajes, la careta y\u00a0toda la indumentaria.Melo, al conversar con Diario Libre, abund\u00f3: \"Nuestro pueblo se siente totalmente identificado con lo que es el carnavarengue, que celebramos 28 a\u00f1os de esta hermosa manifestaci\u00f3n cultural y el pueblo se integra porque sabe que esto nos identifica\".    \"Somos un carnaval marino. Hacemos una rese\u00f1a de nuestros oc\u00e9anos y lo llevamos a las calles del municipio y a la tarima de la Laguna Gri-Gri\"        Lenin Melo        Alcalde de R\u00edo San Juan        \u201cEs un trabajo que se comienza desde hace meses tocando puertas con los ministerios y diferentes instituciones y empresarios, a raz\u00f3n de ser un ayuntamiento peque\u00f1o, desde la Presidencia hasta el Ministerio de Turismo.    RELACIONADAS                                                                                                                                                                                                                                                                                                                                                            M\u00fasica                                        Festituricarnaval llega a cuatro ciudades con m\u00fasica y carnaval este domingo 22                                                                                                                                                                                                                                                                                                                                                                                            Buena vida                                        R\u00edo San Juan: un para\u00edso tur\u00edstico en Rep\u00fablica Dominicana                                    Esta celebraci\u00f3n de cuatro d\u00edas impacta positivamente a la comunidad, a la familia\u00a0y a los j\u00f3venes, como una manera de mantenerlos ocupados. \"El \u00faltimo d\u00eda, se celebra el desfile y el concurso de comparsas donde se dan buenos premios y es una forma de seguir motiv\u00e1ndolos para que sigan con esa labor\", subraya.            https:\/\/resources.diariolibre.com\/images\/2026\/03\/27\/bbd19f79-adac-4f3c-b8e1-6895c040d15d-09d813fb.jpghttps:\/\/resources.diariolibre.com\/images\/2026\/03\/27\/54f9b4cb-3198-4a8a-b436-a2d1340d11ad-6705aac1.jpghttps:\/\/resources.diariolibre.com\/images\/2026\/03\/27\/ecb17c0d-4f4f-40ea-bc0e-8e356ac344cd-79711bee.jpg                \u2039        \u203a        El cabildo considera que esto ha traspasado fronteras. Muchos turistas vienen cada a\u00f1o a este\u00a0encuentro, por igual compueblanos en Europa y Estados Unidos, que reservan sus vuelos para estas fechas.Vocaci\u00f3n por su carnaval            https:\/\/resources.diariolibre.com\/images\/2026\/03\/27\/e1c6733a-1ce2-4d93-af14-d4d6ee5a3a6c-ac53bef8.jpgAlgunas de las piezas que elabora la profesora Carmen Estrella. (FOTOS: NEAL CRUZ)https:\/\/resources.diariolibre.com\/images\/2026\/03\/27\/9432e71a-eaae-4887-8f73-fa6efd1e1e62-afc612ce.jpghttps:\/\/resources.diariolibre.com\/images\/2026\/03\/27\/375e0cf5-d541-49c8-b827-f58db34cf080-78ff8a36.jpghttps:\/\/resources.diariolibre.com\/images\/2026\/03\/27\/7b4fc585-51c6-4566-b79a-ecd867eb3c32-8c85307a.jpg                \u2039        \u203a        Antes de subir a la tarima de la Laguna Gri-Gri, a dos esquinas, est\u00e1 la casa de la profesora Carmen Estrella. Con solo ver en la acera los disfraces de peces y caballitos de mar de todos los colores o los tridentes, sabemos que estamos frente a una artesana que vive por este carnaval.Desde finales de los a\u00f1os 90, Estrella ha sido parte esencial de este proceso. Artesana, formadora y creadora, sus trajes nacen desde la salita de su casa (llena de indumentarias del carnaval), con fundas recicladas, pl\u00e1sticos y \"todo lo que el mar nos da\", menciona en referencia a caracoles, algas, etc.Carmen trabaja directamente con decenas de ni\u00f1os y j\u00f3venes, alrededor de 50 actualmente, a quienes forma, gu\u00eda y conecta con la tradici\u00f3n.            https:\/\/resources.diariolibre.com\/images\/2026\/03\/27\/b743cea7-7505-4196-8c0c-e515bb22db81-5a0897af.jpgCarmen Estrella en el Desfile Nacional de Carnaval en Santo Domingo.https:\/\/resources.diariolibre.com\/images\/2026\/03\/27\/2e113f33-ecaa-4cea-9e21-0345cb2c422e-3528742e.jpgCarmen Estrella ha sido part\u00edcipe de los principales eventos del carnaval del pa\u00eds.https:\/\/resources.diariolibre.com\/images\/2026\/03\/27\/fff94595-73ec-48fb-ba32-0265d5d58101-9bc1ecff.jpgUna de sus creaciones.                \u2039        \u203a        Comenta que los calamares son lo que distingue\u00a0la identidad del carnaval de R\u00edo San Juan. Pero cada a\u00f1o se reinventan: tiburones, monstruos marinos, langostas y peces imposibles emergen desde la imaginaci\u00f3n colectiva.A su lado est\u00e1 su vecina, amiga y c\u00f3mplice, Lourdes Taveras, quien cose las propuestas de las ideas que ella les lleva. Juntas montan hasta 50 disfraces. Al entrar al hogar de Taveras, en su patio estaban ensayando su baile las ni\u00f1as del grupo \"Las aletas del fuego del Gri-Gri\". Tambi\u00e9n se preparan a ritmo de la m\u00fasica y la camarader\u00eda los muchachos que se iban a transformar en peces.     Las escamas del pescado rojo con verde se pintaron a mano uno a uno y el body estaba fabricado en poli\u00e9ster. Sus disfraces se distinguen de otros carnavales de ser m\u00e1s ajustados al cuerpo como base, pero d\u00e1ndole protagonismo a las caretas, las capas y los tridentes o palos.            https:\/\/resources.diariolibre.com\/images\/2026\/03\/27\/d5767c22-ae9e-4d3b-87fe-179cad65270d-0f986a0a.jpgLourdes Taveras prepara sus trajes para salir al desfile del pasado 22 de marzo. (NEAL CRUZ)https:\/\/resources.diariolibre.com\/images\/2026\/03\/27\/82235786-7554-4219-a95b-ad56a857a92d-5052c9e2.jpgUno de los adolescentes que forman parte del grupo de la artesana Lourdes Taveras. (NEAL CRUZ)                \u2039        \u203a         Un muchachito accedi\u00f3 a ponerse el traje como adelanto a este medio. La motivaci\u00f3n y la alegr\u00eda les brota.La modista do\u00f1a Lourdes, con aguja e hilo en la mano, y con la sala llena de materiales, tambi\u00e9n demostr\u00f3 que el carnaval es una vocaci\u00f3n y es su vida, tanto, que los hijos muchas veces no logran entenderlo.    Al terminar la temporada carnavalesca deben vender, regalar o deshacerse de las creaciones porque no les caben.\"Cada a\u00f1o seguimos con m\u00e1s fe. A nuestros j\u00f3venes les gusta participar, lo disfrutan. Qu\u00e9 pena que se nos fue la inspiraci\u00f3n mayor, que era do\u00f1a Fidelina. Ella hizo que este pedacito de tierra anduviera el mundo entero\", declara.Otra mujer incansable de la organizaci\u00f3n del carnaval es Marilyn \"La bombera\", una l\u00edder comunitaria que ha llevado a mantener viva esta tradici\u00f3n.La mayor felicidad de Lourdes, Carmen y Marilyn: ver a sus muchachos del barrio desfilando por todo lo alto en la Laguna Gri-Gri, dejando huellas en el carnaval de R\u00edo San Juan.\u00a0\u00a0Revista, Cultura, Daniela Pujols, Mar\u00eda Trinidad S\u00e1nchez, Carnaval de R\u00edo San Juan, Carnamar, Carnavarengue\u00a0<\/p>\n","protected":false},"excerpt":{"rendered":"<p>En R\u00edo San Juan, en la costa norte del pa\u00eds, el carnaval sale literalmente del agua y cobra vida. Entre febrero y marzo, la Laguna Gri-Gri se convierte en el escenario para que una decena de comparsas desfilen en botes para todo el pueblo que se aglomera en los alrededores. Unas 16 comparsas que representan [&hellip;]<\/p>\n","protected":false},"author":1,"featured_media":9575,"comment_status":"open","ping_status":"open","sticky":false,"template":"","format":"standard","meta":{"amp_status":"","footnotes":""},"categories":[9],"tags":[],"class_list":["post-9915","post","type-post","status-publish","format-standard","has-post-thumbnail","hentry","category-espectaculo"],"_links":{"self":[{"href":"https:\/\/ermdigital.com\/index.php?rest_route=\/wp\/v2\/posts\/9915","targetHints":{"allow":["GET"]}}],"collection":[{"href":"https:\/\/ermdigital.com\/index.php?rest_route=\/wp\/v2\/posts"}],"about":[{"href":"https:\/\/ermdigital.com\/index.php?rest_route=\/wp\/v2\/types\/post"}],"author":[{"embeddable":true,"href":"https:\/\/ermdigital.com\/index.php?rest_route=\/wp\/v2\/users\/1"}],"replies":[{"embeddable":true,"href":"https:\/\/ermdigital.com\/index.php?rest_route=%2Fwp%2Fv2%2Fcomments&post=9915"}],"version-history":[{"count":0,"href":"https:\/\/ermdigital.com\/index.php?rest_route=\/wp\/v2\/posts\/9915\/revisions"}],"wp:featuredmedia":[{"embeddable":true,"href":"https:\/\/ermdigital.com\/index.php?rest_route=\/wp\/v2\/media\/9575"}],"wp:attachment":[{"href":"https:\/\/ermdigital.com\/index.php?rest_route=%2Fwp%2Fv2%2Fmedia&parent=9915"}],"wp:term":[{"taxonomy":"category","embeddable":true,"href":"https:\/\/ermdigital.com\/index.php?rest_route=%2Fwp%2Fv2%2Fcategories&post=9915"},{"taxonomy":"post_tag","embeddable":true,"href":"https:\/\/ermdigital.com\/index.php?rest_route=%2Fwp%2Fv2%2Ftags&post=9915"}],"curies":[{"name":"wp","href":"https:\/\/api.w.org\/{rel}","templated":true}]}}