{"id":9913,"date":"2026-03-30T20:32:00","date_gmt":"2026-03-31T00:32:00","guid":{"rendered":"https:\/\/ermdigital.com\/index.php\/2026\/03\/30\/anitta-anuncia-el-lanzamiento-de-su-octavo-disco\/"},"modified":"2026-03-30T20:32:00","modified_gmt":"2026-03-31T00:32:00","slug":"anitta-anuncia-el-lanzamiento-de-su-octavo-disco","status":"publish","type":"post","link":"https:\/\/ermdigital.com\/?p=9913","title":{"rendered":"Anitta anuncia el lanzamiento de su octavo disco"},"content":{"rendered":"<p>La cantante brasile\u00f1a <strong>Anitta<\/strong> anunci\u00f3 este lunes el <strong>lanzamiento<\/strong> de su <strong>octavo \u00e1lbum<\/strong> de estudio, titulado '<strong>Equilibrivm<\/strong>', que estar\u00e1 disponible en todas las plataformas digitales a partir del 16 de abril, en un proyecto que refuerza su apuesta internacional y su diversidad musical.<\/p>\n<p>El <strong>anuncio<\/strong> fue realizado el mismo d\u00eda en que la reina brasile\u00f1a del pop y de la m\u00fasica urbana celebr\u00f3 su <strong>cumplea\u00f1os<\/strong> n\u00famero 33, con un <strong>mensaje<\/strong> dirigido a sus <strong>seguidores<\/strong> en redes sociales.<\/p>\n<p>\"Es mi <strong>cumplea\u00f1os<\/strong>, pero el regalo es nuestro. \u00a1Comencemos!\", escribi\u00f3 la int\u00e9rprete, que acompa\u00f1\u00f3 la publicaci\u00f3n con un <strong>video promocional<\/strong> en el que aparece tocando una gran <strong>campana<\/strong> de una iglesia en lo alto de una <strong>monta\u00f1a<\/strong>, en una est\u00e9tica cargada de simbolismo.<\/p>\n<div class=\"social-embed mb-4\">\n<div class=\"placeholderYoutube\"><\/div>\n<\/div>\n<p>El nuevo trabajo, cuyo t\u00edtulo estilizado resalta en '<strong>EquilibrIVm<\/strong>' el <strong>n\u00famero romano<\/strong> \"IV\" en alusi\u00f3n a su cuarto \u00e1lbum orientado al <strong>mercado global<\/strong>, incluye canciones en portugu\u00e9s, <strong>espa\u00f1ol e ingl\u00e9s<\/strong>, en l\u00ednea con la estrategia internacional que la artista ha consolidado en los \u00faltimos a\u00f1os.<\/p>\n<h2>Temas in\u00e9ditos<\/h2>\n<div class=\"social-embed mb-4\">\n<div class=\"placeholderYoutube\"><\/div>\n<\/div>\n<p>Seg\u00fan la informaci\u00f3n ya divulgada por los <strong>productores<\/strong>, el <strong>disco<\/strong> ser\u00e1 presentado en <strong>dos fases<\/strong>.<\/p>\n<ul>\n<li>La primera estar\u00e1 enfocada en el <strong>p\u00fablico brasile\u00f1o<\/strong>, con <strong>temas in\u00e9ditos<\/strong> en portugu\u00e9s que exploran g\u00e9neros como el <strong>funk<\/strong>, el samba y el reggae, reafirmando la versatilidad de la cantante.<\/li>\n<\/ul>\n<p>Entre las <strong>colaboraciones<\/strong> confirmadas figuran artistas como <strong>Luedji Luna<\/strong> y <strong>Rincon Sapi\u00eancia<\/strong>, lo que ampl\u00eda la diversidad sonora del proyecto.<\/p>\n<div class=\"w-full pt-2 float-left inside-related\">    <span class=\"border-b border-black pb-3 mb-4 block\"><strong>RELACIONADAS<\/strong><\/span>                <\/p>\n<article class=\"flex flex-wrap border-b pb-4 mb-3 inline-block\">\n<div class=\"xl:w-2\/12 w-4\/12\">\n<figure class=\"mb-0\">                                                    <a href=\"https:\/\/www.diariolibre.com\/revista\/musica\/2025\/04\/30\/proteger-selva-amazonica-festival-global\/3094574?utm_source=relacionadas&amp;utm_medium=nota&amp;utm_campaign=relacionadas\" title=\"                                                                                                                            \">                                                                <img decoding=\"async\" loading=\"lazy\" src=\"https:\/\/resources.diariolibre.com\/images\/2025\/04\/30\/coldplay-chris-martin-7eea1256-focus-min0.04-0.35-149-99.jpg\" width=\"149\" height=\"99\" title=\"Global Citizen Festival llega a Brasil con Anitta, Chris Martin y Seu Jorge\" alt=\"Global Citizen Festival llega a Brasil con Anitta, Chris Martin y Seu Jorge\" class=\"object-cover\">                                                            <\/a>                                            <\/figure>\n<\/p><\/div>\n<div class=\"xl:w-10\/12 w-8\/12 pl-3\">\n<div class=\"text-md mb-2 meta\">                        <a href=\"https:\/\/www.diariolibre.com\/revista\/musica\" title=\"M\u00fasica\">M\u00fasica<\/a>                    <\/div>\n<h2><a href=\"https:\/\/www.diariolibre.com\/revista\/musica\/2025\/04\/30\/proteger-selva-amazonica-festival-global\/3094574?utm_source=relacionadas&amp;utm_medium=nota&amp;utm_campaign=relacionadas\" title=\"Global Citizen Festival llega a Brasil con Anitta, Chris Martin y Seu Jorge\">Global Citizen Festival llega a Brasil con Anitta, Chris Martin y Seu Jorge<\/a><\/h2>\n<\/p><\/div>\n<\/article><\/div>\n<p>Algunas canciones, como \"<strong>Pinterest<\/strong>\", ya hab\u00edan sido adelantadas como <strong>sencillo<\/strong>, mientras que otras fueron presentadas en <strong>actuaciones recientes<\/strong> de la artista.<\/p>\n<div class=\"social-embed mb-4\">\n<div class=\"placeholderYoutube\"><\/div>\n<\/div>\n<p>El \u00e1lbum tambi\u00e9n incluir\u00e1 una <strong>segunda etapa<\/strong> con temas en <strong>espa\u00f1ol e ingl\u00e9s<\/strong>, as\u00ed como adaptaciones y relecturas de composiciones brasile\u00f1as, lo que refuerza su <strong>proyecci\u00f3n global<\/strong>.<\/p>\n<p><strong>Equilibrivm<\/strong> sucede a <strong>Funk<\/strong> Generation (2024) y llega en un momento de <strong>consolidaci\u00f3n internacional<\/strong> para <strong>Anitta<\/strong>, considerada una de las principales figuras del pop latino y brasile\u00f1o en la actualidad.<\/p>\n<p>\u200bLa cantante brasile\u00f1a Anitta anunci\u00f3 este lunes el lanzamiento de su octavo \u00e1lbum de estudio, titulado 'Equilibrivm', que estar\u00e1 disponible en todas las plataformas digitales a partir del 16 de abril, en un proyecto que refuerza su apuesta internacional y su diversidad musical.El anuncio fue realizado el mismo d\u00eda en que la reina brasile\u00f1a del pop y de la m\u00fasica urbana celebr\u00f3 su cumplea\u00f1os n\u00famero 33, con un mensaje dirigido a sus seguidores en redes sociales.\"Es mi cumplea\u00f1os, pero el regalo es nuestro. \u00a1Comencemos!\", escribi\u00f3 la int\u00e9rprete, que acompa\u00f1\u00f3 la publicaci\u00f3n con un video promocional en el que aparece tocando una gran campana de una iglesia en lo alto de una monta\u00f1a, en una est\u00e9tica cargada de simbolismo.El nuevo trabajo, cuyo t\u00edtulo estilizado resalta en 'EquilibrIVm' el n\u00famero romano \"IV\" en alusi\u00f3n a su cuarto \u00e1lbum orientado al mercado global, incluye canciones en portugu\u00e9s, espa\u00f1ol e ingl\u00e9s, en l\u00ednea con la estrategia internacional que la artista ha consolidado en los \u00faltimos a\u00f1os.Temas in\u00e9ditosSeg\u00fan la informaci\u00f3n ya divulgada por los productores, el disco ser\u00e1 presentado en dos fases.    La primera estar\u00e1 enfocada en el p\u00fablico brasile\u00f1o, con temas in\u00e9ditos en portugu\u00e9s que exploran g\u00e9neros como el funk, el samba y el reggae, reafirmando la versatilidad de la cantante.Entre las colaboraciones confirmadas figuran artistas como Luedji Luna y Rincon Sapi\u00eancia, lo que ampl\u00eda la diversidad sonora del proyecto.    RELACIONADAS                                                                                                                                                                                                                                                                                                                                                            M\u00fasica                                        Global Citizen Festival llega a Brasil con Anitta, Chris Martin y Seu Jorge                                    Algunas canciones, como \"Pinterest\", ya hab\u00edan sido adelantadas como sencillo, mientras que otras fueron presentadas en actuaciones recientes de la artista.El \u00e1lbum tambi\u00e9n incluir\u00e1 una segunda etapa con temas en espa\u00f1ol e ingl\u00e9s, as\u00ed como adaptaciones y relecturas de composiciones brasile\u00f1as, lo que refuerza su proyecci\u00f3n global.Equilibrivm sucede a Funk Generation (2024) y llega en un momento de consolidaci\u00f3n internacional para Anitta, considerada una de las principales figuras del pop latino y brasile\u00f1o en la actualidad.\u00a0\u00a0Revista, M\u00fasica, EFE, Rio de Janeiro, lanzamiento, Anitta, m\u00fasica brasile\u00f1a, octavo disco, Equilibrivm\u00a0<\/p>\n","protected":false},"excerpt":{"rendered":"<p>La cantante brasile\u00f1a Anitta anunci\u00f3 este lunes el lanzamiento de su octavo \u00e1lbum de estudio, titulado 'Equilibrivm', que estar\u00e1 disponible en todas las plataformas digitales a partir del 16 de abril, en un proyecto que refuerza su apuesta internacional y su diversidad musical. El anuncio fue realizado el mismo d\u00eda en que la reina brasile\u00f1a [&hellip;]<\/p>\n","protected":false},"author":1,"featured_media":9597,"comment_status":"open","ping_status":"open","sticky":false,"template":"","format":"standard","meta":{"amp_status":"","footnotes":""},"categories":[9],"tags":[],"class_list":["post-9913","post","type-post","status-publish","format-standard","has-post-thumbnail","hentry","category-espectaculo"],"_links":{"self":[{"href":"https:\/\/ermdigital.com\/index.php?rest_route=\/wp\/v2\/posts\/9913","targetHints":{"allow":["GET"]}}],"collection":[{"href":"https:\/\/ermdigital.com\/index.php?rest_route=\/wp\/v2\/posts"}],"about":[{"href":"https:\/\/ermdigital.com\/index.php?rest_route=\/wp\/v2\/types\/post"}],"author":[{"embeddable":true,"href":"https:\/\/ermdigital.com\/index.php?rest_route=\/wp\/v2\/users\/1"}],"replies":[{"embeddable":true,"href":"https:\/\/ermdigital.com\/index.php?rest_route=%2Fwp%2Fv2%2Fcomments&post=9913"}],"version-history":[{"count":0,"href":"https:\/\/ermdigital.com\/index.php?rest_route=\/wp\/v2\/posts\/9913\/revisions"}],"wp:featuredmedia":[{"embeddable":true,"href":"https:\/\/ermdigital.com\/index.php?rest_route=\/wp\/v2\/media\/9597"}],"wp:attachment":[{"href":"https:\/\/ermdigital.com\/index.php?rest_route=%2Fwp%2Fv2%2Fmedia&parent=9913"}],"wp:term":[{"taxonomy":"category","embeddable":true,"href":"https:\/\/ermdigital.com\/index.php?rest_route=%2Fwp%2Fv2%2Fcategories&post=9913"},{"taxonomy":"post_tag","embeddable":true,"href":"https:\/\/ermdigital.com\/index.php?rest_route=%2Fwp%2Fv2%2Ftags&post=9913"}],"curies":[{"name":"wp","href":"https:\/\/api.w.org\/{rel}","templated":true}]}}