{"id":9875,"date":"2026-03-30T19:48:00","date_gmt":"2026-03-30T23:48:00","guid":{"rendered":"https:\/\/ermdigital.com\/index.php\/2026\/03\/30\/mescyt-impulsa-la-transformacion-del-conservatorio-nacional-de-musica\/"},"modified":"2026-03-30T19:48:00","modified_gmt":"2026-03-30T23:48:00","slug":"mescyt-impulsa-la-transformacion-del-conservatorio-nacional-de-musica","status":"publish","type":"post","link":"https:\/\/ermdigital.com\/?p=9875","title":{"rendered":"MESCyT impulsa la transformaci\u00f3n del Conservatorio Nacional de M\u00fasica"},"content":{"rendered":"<p>En una decisi\u00f3n que redefine el rumbo de la formaci\u00f3n cultural y acad\u00e9mica del pa\u00eds, el <strong>Ministerio de Educaci\u00f3n Superior<\/strong>, Ciencia y Tecnolog\u00eda (<strong>MESCyT<\/strong>) avanza en una <strong>transformaci\u00f3n<\/strong> hist\u00f3rica: integrar formalmente la educaci\u00f3n art\u00edstica al sistema de educaci\u00f3n superior de <strong>Rep\u00fablica Dominicana<\/strong>.<\/p>\n<p>El ministro del <strong>MESCyT<\/strong>, <strong>Rafael Santos Bad\u00eda<\/strong>, sostuvo un <strong>encuentro de alto nivel<\/strong> con el ministro de Cultura, Roberto \u00c1ngel Salcedo, para impulsar la acreditaci\u00f3n del <strong>Conservatorio Nacional de M\u00fasica<\/strong> como instituci\u00f3n de educaci\u00f3n superior.<\/p>\n<div class=\"w-full pt-2 float-left inside-related\">    <span class=\"border-b border-black pb-3 mb-4 block\"><strong>RELACIONADAS<\/strong><\/span>                <\/p>\n<article class=\"flex flex-wrap border-b pb-4 mb-3 inline-block\">\n<div class=\"xl:w-2\/12 w-4\/12\">\n<figure class=\"mb-0\">                                                    <a href=\"https:\/\/www.diariolibre.com\/revista\/cultura\/2026\/03\/25\/entidades-coordinan-maestria-sobre-derechos-de-autor-y-regalias\/3481661?utm_source=relacionadas&amp;utm_medium=nota&amp;utm_campaign=relacionadas\" title=\"                                                                                                                            \">                                                                <img decoding=\"async\" loading=\"lazy\" src=\"https:\/\/resources.diariolibre.com\/images\/2026\/03\/25\/whatsapp-image-2026-03-25-at-15833-pm-1-28b3a814-focus-min0.13-0.42-149-99.jpg\" width=\"149\" height=\"99\" title=\"Entidades avanzan en los trabajos de la primera Maestr\u00eda en Gesti\u00f3n Colectiva del pa\u00eds\" alt=\"Entidades avanzan en los trabajos de la primera Maestr\u00eda en Gesti\u00f3n Colectiva del pa\u00eds\" class=\"object-cover\">                                                            <\/a>                                            <\/figure>\n<\/p><\/div>\n<div class=\"xl:w-10\/12 w-8\/12 pl-3\">\n<div class=\"text-md mb-2 meta\">                        <a href=\"https:\/\/www.diariolibre.com\/revista\/cultura\" title=\"Cultura\">Cultura<\/a>                    <\/div>\n<h2><a href=\"https:\/\/www.diariolibre.com\/revista\/cultura\/2026\/03\/25\/entidades-coordinan-maestria-sobre-derechos-de-autor-y-regalias\/3481661?utm_source=relacionadas&amp;utm_medium=nota&amp;utm_campaign=relacionadas\" title=\"Entidades avanzan en los trabajos de la primera Maestr\u00eda en Gesti\u00f3n Colectiva del pa\u00eds\">Entidades avanzan en los trabajos de la primera Maestr\u00eda en Gesti\u00f3n Colectiva del pa\u00eds<\/a><\/h2>\n<\/p><\/div>\n<\/article><\/div>\n<p>\u201cEl <strong>arte<\/strong> es una de las ocupaciones humanas que sobrevivir\u00e1 en la <strong>Cuarta Revoluci\u00f3n Industrial<\/strong>\u201d, afirm\u00f3 Santos Bad\u00eda, marcando una visi\u00f3n de Estado que coloca la creatividad en el centro del desarrollo nacional.<\/p>\n<p>La iniciativa reconoce el papel estrat\u00e9gico de la llamada <strong>econom\u00eda naranja<\/strong>, donde el talento, la innovaci\u00f3n y la cultura se posicionan como pilares del <strong>crecimiento econ\u00f3mico<\/strong>. Con <strong>84 a\u00f1os<\/strong> de historia, el <strong>Conservatorio Nacional de M\u00fasica<\/strong> ha sido semillero de generaciones de artistas dominicanos. <\/p>\n<p>Su elevaci\u00f3n al nivel superior no solo fortalecer\u00eda la calidad acad\u00e9mica, sino que abrir\u00eda nuevas oportunidades para millares de j\u00f3venes que ven en las artes una v\u00eda de desarrollo profesional y <strong>movilidad social<\/strong>.<\/p>\n<figure class=\"inline-block\">\n<div class=\"expand-img-placeholder\"><img loading=\"lazy\" decoding=\"async\" src=\"https:\/\/resources.diariolibre.com\/images\/expand.svg\" alt=\"Expandir imagen\" width=\"20\" height=\"20\"><span class=\"rutaimagenoriginal-placeholder\">https:\/\/resources.diariolibre.com\/images\/2026\/03\/31\/whatsapp-image-2026-03-30-at-113235-am-352c82ae.jpeg<\/span><\/div>\n<p><img decoding=\"async\" loading=\"lazy\" src=\"https:\/\/resources.diariolibre.com\/images\/2026\/03\/31\/whatsapp-image-2026-03-30-at-113235-am-352c82ae.jpeg\" width=\"auto\" height=\"350\" alt=\"Infograf\u00eda\" class=\"mx-auto\"><figcaption><span>Rafael Santos Bad\u00eda, director del Mescyt, y Roberto A. Salcedo, ministro de Cultura.<\/span><span> (<strong>FUENTE EXTERNA<\/strong>)<\/span><\/figcaption><\/figure>\n<p>El titular del <strong>MESCyT<\/strong> explic\u00f3 que, aunque existe un decreto que limita la creaci\u00f3n de nuevas instituciones de educaci\u00f3n superior mientras se desarrolla la <strong>reforma educativa<\/strong>, este proyecto posee un <strong>car\u00e1cter excepcional<\/strong>, al haber iniciado previamente su proceso y responder a una necesidad estrat\u00e9gica del pa\u00eds.<\/p>\n<p>La jornada cont\u00f3 con la participaci\u00f3n del <strong>viceministro de Cultura<\/strong>, <strong>Amauris S\u00e1nchez<\/strong>, y una <strong>comitiva<\/strong>.<\/p>\n<p>\u200bEn una decisi\u00f3n que redefine el rumbo de la formaci\u00f3n cultural y acad\u00e9mica del pa\u00eds, el Ministerio de Educaci\u00f3n Superior, Ciencia y Tecnolog\u00eda (MESCyT) avanza en una transformaci\u00f3n hist\u00f3rica: integrar formalmente la educaci\u00f3n art\u00edstica al sistema de educaci\u00f3n superior de Rep\u00fablica Dominicana.El ministro del MESCyT, Rafael Santos Bad\u00eda, sostuvo un encuentro de alto nivel con el ministro de Cultura, Roberto \u00c1ngel Salcedo, para impulsar la acreditaci\u00f3n del Conservatorio Nacional de M\u00fasica como instituci\u00f3n de educaci\u00f3n superior.    RELACIONADAS                                                                                                                                                                                                                                                                                                                                                            Cultura                                        Entidades avanzan en los trabajos de la primera Maestr\u00eda en Gesti\u00f3n Colectiva del pa\u00eds                                    \u201cEl arte es una de las ocupaciones humanas que sobrevivir\u00e1 en la Cuarta Revoluci\u00f3n Industrial\u201d, afirm\u00f3 Santos Bad\u00eda, marcando una visi\u00f3n de Estado que coloca la creatividad en el centro del desarrollo nacional.La iniciativa reconoce el papel estrat\u00e9gico de la llamada econom\u00eda naranja, donde el talento, la innovaci\u00f3n y la cultura se posicionan como pilares del crecimiento econ\u00f3mico. Con 84 a\u00f1os de historia, el Conservatorio Nacional de M\u00fasica ha sido semillero de generaciones de artistas dominicanos. Su elevaci\u00f3n al nivel superior no solo fortalecer\u00eda la calidad acad\u00e9mica, sino que abrir\u00eda nuevas oportunidades para millares de j\u00f3venes que ven en las artes una v\u00eda de desarrollo profesional y movilidad social.https:\/\/resources.diariolibre.com\/images\/2026\/03\/31\/whatsapp-image-2026-03-30-at-113235-am-352c82ae.jpegRafael Santos Bad\u00eda, director del Mescyt, y Roberto A. Salcedo, ministro de Cultura. (FUENTE EXTERNA)El titular del MESCyT explic\u00f3 que, aunque existe un decreto que limita la creaci\u00f3n de nuevas instituciones de educaci\u00f3n superior mientras se desarrolla la reforma educativa, este proyecto posee un car\u00e1cter excepcional, al haber iniciado previamente su proceso y responder a una necesidad estrat\u00e9gica del pa\u00eds.La jornada cont\u00f3 con la participaci\u00f3n del viceministro de Cultura, Amauris S\u00e1nchez, y una comitiva.\u00a0\u00a0Revista, M\u00fasica, Diario Libre, Santo Domingo, Conservatorio Nacional de M\u00fasica, MESCYT, transformaci\u00f3n\u00a0<\/p>\n","protected":false},"excerpt":{"rendered":"<p>En una decisi\u00f3n que redefine el rumbo de la formaci\u00f3n cultural y acad\u00e9mica del pa\u00eds, el Ministerio de Educaci\u00f3n Superior, Ciencia y Tecnolog\u00eda (MESCyT) avanza en una transformaci\u00f3n hist\u00f3rica: integrar formalmente la educaci\u00f3n art\u00edstica al sistema de educaci\u00f3n superior de Rep\u00fablica Dominicana. El ministro del MESCyT, Rafael Santos Bad\u00eda, sostuvo un encuentro de alto nivel [&hellip;]<\/p>\n","protected":false},"author":1,"featured_media":9602,"comment_status":"open","ping_status":"open","sticky":false,"template":"","format":"standard","meta":{"amp_status":"","footnotes":""},"categories":[9],"tags":[],"class_list":["post-9875","post","type-post","status-publish","format-standard","has-post-thumbnail","hentry","category-espectaculo"],"_links":{"self":[{"href":"https:\/\/ermdigital.com\/index.php?rest_route=\/wp\/v2\/posts\/9875","targetHints":{"allow":["GET"]}}],"collection":[{"href":"https:\/\/ermdigital.com\/index.php?rest_route=\/wp\/v2\/posts"}],"about":[{"href":"https:\/\/ermdigital.com\/index.php?rest_route=\/wp\/v2\/types\/post"}],"author":[{"embeddable":true,"href":"https:\/\/ermdigital.com\/index.php?rest_route=\/wp\/v2\/users\/1"}],"replies":[{"embeddable":true,"href":"https:\/\/ermdigital.com\/index.php?rest_route=%2Fwp%2Fv2%2Fcomments&post=9875"}],"version-history":[{"count":0,"href":"https:\/\/ermdigital.com\/index.php?rest_route=\/wp\/v2\/posts\/9875\/revisions"}],"wp:featuredmedia":[{"embeddable":true,"href":"https:\/\/ermdigital.com\/index.php?rest_route=\/wp\/v2\/media\/9602"}],"wp:attachment":[{"href":"https:\/\/ermdigital.com\/index.php?rest_route=%2Fwp%2Fv2%2Fmedia&parent=9875"}],"wp:term":[{"taxonomy":"category","embeddable":true,"href":"https:\/\/ermdigital.com\/index.php?rest_route=%2Fwp%2Fv2%2Fcategories&post=9875"},{"taxonomy":"post_tag","embeddable":true,"href":"https:\/\/ermdigital.com\/index.php?rest_route=%2Fwp%2Fv2%2Ftags&post=9875"}],"curies":[{"name":"wp","href":"https:\/\/api.w.org\/{rel}","templated":true}]}}