{"id":9836,"date":"2026-03-30T19:00:00","date_gmt":"2026-03-30T23:00:00","guid":{"rendered":"https:\/\/ermdigital.com\/index.php\/2026\/03\/30\/semana-santa-de-pascuas-a-ramos\/"},"modified":"2026-03-30T19:00:00","modified_gmt":"2026-03-30T23:00:00","slug":"semana-santa-de-pascuas-a-ramos","status":"publish","type":"post","link":"https:\/\/ermdigital.com\/?p=9836","title":{"rendered":"Semana Santa: de Pascuas a Ramos"},"content":{"rendered":"<p>Las <strong>tradiciones culturales<\/strong> son ricas en palabras, porque en ellas se funda el <strong>traspaso de conocimiento<\/strong> a trav\u00e9s del tiempo. La celebraci\u00f3n de la <strong>Semana Santa<\/strong> es una de nuestras tradiciones m\u00e1s arraigadas, aunque con el tiempo esas ra\u00edces hayan perdido fuerza. <\/p>\n<p><strong>\u00c9xodo<\/strong>, para los que pueden, a la <strong>playa<\/strong> y buscar c\u00f3mo botar el golpe para los que se quedan en casa. <\/p>\n<p>Aunque nuestra <strong>Semana Santa<\/strong> nada tenga que ver con las <strong>procesiones multitudinarias<\/strong> de otras latitudes, hay algunas <strong>expresiones<\/strong> que siguen vivas en nuestro entorno que guardan cierto poso semanasantero \u2013perm\u00edtanme el invento\u2013. <\/p>\n<p>No es mi intenci\u00f3n <em><strong>meter el dedo en la llaga<\/strong><\/em>. Las creencias y sentimientos religiosos deben ser respetados, como tambi\u00e9n su ausencia. Aunque las <strong>expresiones<\/strong> que vamos a repasar tienen su principio en tradiciones y creencias cristianas, han pasado a la lengua cotidiana para referirse a circunstancias bien alejadas de ese origen. <\/p>\n<p>Por ejemplo, esa frase con la que comenzamos este p\u00e1rrafo. Cuando <em>metemos el dedo en la llaga<\/em> nos acercamos a <strong>terrenos delicados<\/strong> susceptibles de provocar dolor o enfado. Cuenta el <strong>Evangelio de san Juan<\/strong> que Tom\u00e1s quiso tocar las llagas de Jes\u00fas resucitado para comprobar que se trataba realmente de \u00e9l.<\/p>\n<article class=\"border-t border-b py-5 mb-5 component nota-incrustada\">    <span class=\"block mb-2\"><strong>Te puede interesar<\/strong><\/span>                <\/p>\n<h2><a href=\"https:\/\/www.diariolibre.com\/revista\/columnistas\/2026\/03\/23\/vocabulario-palo-dado-ni-dios-lo-quita\/3478982?utm_source=relacionadas&amp;utm_medium=nota&amp;utm_campaign=relacionadas\" title=\"Palo dado ni Dios lo quita\">Palo dado ni Dios lo quita<\/a><\/h2>\n<\/article>\n<p>Unos d\u00edas antes a <strong>Poncio Pilato<\/strong> le hab\u00edan acercado una jofaina y se hab\u00eda lavado las manos, en una demostraci\u00f3n p\u00fablica de que no se consideraba responsable de la condena a morir en la cruz que le hab\u00eda impuesto a Jes\u00fas.\u00a0 <\/p>\n<p>Hace mucho tiempo que nos dej\u00f3 el prefecto romano de Judea, pero todav\u00eda les decimos a quienes se zafan de una <strong>responsabilidad<\/strong> que <em>se lavan las manos<\/em> o que <em>se lavan las manos como <strong>Pilatos<\/strong><\/em>. <\/p>\n<p>A los pies de la cruz llora <strong>Mar\u00eda Magdalena<\/strong>. Siglos despu\u00e9s, todav\u00eda le decimos a alguien que llora inconsolable que <em>est\u00e1 <strong>hecho una Magdalena<\/strong><\/em> o que <em>llora como una <strong>Magdalena<\/strong><\/em>. <\/p>\n<p>Nada que ver con el bollito de <strong>bizcocho dulce<\/strong> hecho en un molde de papel rizado, al que tambi\u00e9n llamamos <em><strong>magdalena<\/strong><\/em> \u2013y los m\u00e1s popis <em>cup cake<\/em>\u2013. Su nombre no se lo debemos a <strong>Mar\u00eda Magdalena<\/strong>, sino a la cocinera francesa <strong>Madeleine Palmier<\/strong>, de quien se cree que lo invent\u00f3. <\/p>\n<p>En el imaginario de los lectores esta <strong>magdalena<\/strong> siempre estar\u00e1 ligada a <strong>Marcel Proust<\/strong> y su heptalog\u00eda <em><strong>En busca del tiempo perdido<\/strong><\/em>. <\/p>\n<p>Como a su protagonista, se me ha ido el <strong>santo al cielo<\/strong> y no quiero que se nos queden en el tintero unas cuantas <strong>expresiones<\/strong> m\u00e1s. <\/p>\n<p>Volvamos a <strong>Getseman\u00ed<\/strong> y a la <strong>traici\u00f3n de Judas<\/strong> Iscariote que propici\u00f3 el prendimiento de Jes\u00fas con uno <strong>beso<\/strong>, unos dicen que en la mano y otros que en la mejilla, cosas de la traducci\u00f3n. <\/p>\n<p>Que no te merezcas nunca que te digan que eres un <strong>Judas<\/strong> o que eres m\u00e1s <strong>falso<\/strong> que <strong>Judas<\/strong>.<\/p>\n<p>Nos acercamos al <strong>G\u00f3lgota<\/strong>, tambi\u00e9n conocido como el <strong>Calvario<\/strong>, el lugar en que la tradici\u00f3n nos cuenta que fue crucificado Jes\u00fas; indecibles vejaciones, castigos y dolores que se perpet\u00faan en la expresi\u00f3n <em>pasar <\/em>o <em>sufrir un <strong>calvario<\/strong><\/em>. <\/p>\n<p>Ni que decir tiene que la <strong>crucifixi\u00f3n<\/strong> acababa con la <strong>muerte del reo<\/strong> y, adem\u00e1s, llegaba a ella en un estado penoso. De ah\u00ed que de quien tiene un aspecto lastimoso digamos que <em>est\u00e1 <strong>hecho un cristo<\/strong><\/em>. <\/p>\n<p>La <strong>Semana Santa<\/strong> y su tradici\u00f3n culta y popular nos ha legado estas preciadas <strong>expresiones<\/strong>. \u00bfLas usamos de Pascuas a Ramos o siguen sirvi\u00e9ndonos en el d\u00eda a d\u00eda?<\/p>\n<div class=\"read-more mb-7\">    <span class=\"block mb-2\">Leer m\u00e1s<\/span>    <\/p>\n<ul class=\"glosa\">\n<li>\n<h3><a href=\"https:\/\/www.diariolibre.com\/revista\/columnistas\/2026\/03\/16\/gramatica-y-verbos-infinitivo-infinito\/3471220?utm_source=relacionadas&amp;utm_medium=nota&amp;utm_campaign=relacionadas\" title=\"Infinitivo infinito\">Infinitivo infinito<\/a><\/h3>\n<\/li>\n<li>\n<h3><a href=\"https:\/\/www.diariolibre.com\/revista\/columnistas\/2026\/03\/09\/hoy-10-de-marzo-machismo-en-los-diccionarios\/3462868?utm_source=relacionadas&amp;utm_medium=nota&amp;utm_campaign=relacionadas\" title=\"Hoy es 10 de marzo\">Hoy es 10 de marzo<\/a><\/h3>\n<\/li>\n<li>\n<h3><a href=\"https:\/\/www.diariolibre.com\/revista\/columnistas\/2026\/01\/19\/la-riqueza-del-diccionario-del-espanol-dominicano\/3409071?utm_source=relacionadas&amp;utm_medium=nota&amp;utm_campaign=relacionadas\" title=\"De lo m\u00edo\">De lo m\u00edo<\/a><\/h3>\n<\/li>\n<\/ul>\n<\/div>\n<p>\u200bLas tradiciones culturales son ricas en palabras, porque en ellas se funda el traspaso de conocimiento a trav\u00e9s del tiempo. La celebraci\u00f3n de la Semana Santa es una de nuestras tradiciones m\u00e1s arraigadas, aunque con el tiempo esas ra\u00edces hayan perdido fuerza. \u00c9xodo, para los que pueden, a la playa y buscar c\u00f3mo botar el golpe para los que se quedan en casa. Aunque nuestra Semana Santa nada tenga que ver con las procesiones multitudinarias de otras latitudes, hay algunas expresiones que siguen vivas en nuestro entorno que guardan cierto poso semanasantero \u2013perm\u00edtanme el invento\u2013. No es mi intenci\u00f3n meter el dedo en la llaga. Las creencias y sentimientos religiosos deben ser respetados, como tambi\u00e9n su ausencia. Aunque las expresiones que vamos a repasar tienen su principio en tradiciones y creencias cristianas, han pasado a la lengua cotidiana para referirse a circunstancias bien alejadas de ese origen. Por ejemplo, esa frase con la que comenzamos este p\u00e1rrafo. Cuando metemos el dedo en la llaga nos acercamos a terrenos delicados susceptibles de provocar dolor o enfado. Cuenta el Evangelio de san Juan que Tom\u00e1s quiso tocar las llagas de Jes\u00fas resucitado para comprobar que se trataba realmente de \u00e9l.    Te puede interesar                Palo dado ni Dios lo quita            Unos d\u00edas antes a Poncio Pilato le hab\u00edan acercado una jofaina y se hab\u00eda lavado las manos, en una demostraci\u00f3n p\u00fablica de que no se consideraba responsable de la condena a morir en la cruz que le hab\u00eda impuesto a Jes\u00fas.\u00a0 Hace mucho tiempo que nos dej\u00f3 el prefecto romano de Judea, pero todav\u00eda les decimos a quienes se zafan de una responsabilidad que se lavan las manos o que se lavan las manos como Pilatos. A los pies de la cruz llora Mar\u00eda Magdalena. Siglos despu\u00e9s, todav\u00eda le decimos a alguien que llora inconsolable que est\u00e1 hecho una Magdalena o que llora como una Magdalena. Nada que ver con el bollito de bizcocho dulce hecho en un molde de papel rizado, al que tambi\u00e9n llamamos magdalena \u2013y los m\u00e1s popis cup cake\u2013. Su nombre no se lo debemos a Mar\u00eda Magdalena, sino a la cocinera francesa Madeleine Palmier, de quien se cree que lo invent\u00f3. En el imaginario de los lectores esta magdalena siempre estar\u00e1 ligada a Marcel Proust y su heptalog\u00eda En busca del tiempo perdido. Como a su protagonista, se me ha ido el santo al cielo y no quiero que se nos queden en el tintero unas cuantas expresiones m\u00e1s. Volvamos a Getseman\u00ed y a la traici\u00f3n de Judas Iscariote que propici\u00f3 el prendimiento de Jes\u00fas con uno beso, unos dicen que en la mano y otros que en la mejilla, cosas de la traducci\u00f3n. Que no te merezcas nunca que te digan que eres un Judas o que eres m\u00e1s falso que Judas.Nos acercamos al G\u00f3lgota, tambi\u00e9n conocido como el Calvario, el lugar en que la tradici\u00f3n nos cuenta que fue crucificado Jes\u00fas; indecibles vejaciones, castigos y dolores que se perpet\u00faan en la expresi\u00f3n pasar o sufrir un calvario. Ni que decir tiene que la crucifixi\u00f3n acababa con la muerte del reo y, adem\u00e1s, llegaba a ella en un estado penoso. De ah\u00ed que de quien tiene un aspecto lastimoso digamos que est\u00e1 hecho un cristo. La Semana Santa y su tradici\u00f3n culta y popular nos ha legado estas preciadas expresiones. \u00bfLas usamos de Pascuas a Ramos o siguen sirvi\u00e9ndonos en el d\u00eda a d\u00eda?    Leer m\u00e1s                            Infinitivo infinito                            Hoy es 10 de marzo                            De lo m\u00edo\u00a0\u00a0Revista, columnistas, Mar\u00eda Jos\u00e9 Rinc\u00f3n, Santo Domingo, Lenguaje, Semana Santa, Expresiones coloquiales, Etimolog\u00eda popular, Tradici\u00f3n cristiana\u00a0<\/p>\n","protected":false},"excerpt":{"rendered":"<p>Las tradiciones culturales son ricas en palabras, porque en ellas se funda el traspaso de conocimiento a trav\u00e9s del tiempo. La celebraci\u00f3n de la Semana Santa es una de nuestras tradiciones m\u00e1s arraigadas, aunque con el tiempo esas ra\u00edces hayan perdido fuerza. \u00c9xodo, para los que pueden, a la playa y buscar c\u00f3mo botar el [&hellip;]<\/p>\n","protected":false},"author":1,"featured_media":9541,"comment_status":"open","ping_status":"open","sticky":false,"template":"","format":"standard","meta":{"amp_status":"","footnotes":""},"categories":[9],"tags":[],"class_list":["post-9836","post","type-post","status-publish","format-standard","has-post-thumbnail","hentry","category-espectaculo"],"_links":{"self":[{"href":"https:\/\/ermdigital.com\/index.php?rest_route=\/wp\/v2\/posts\/9836","targetHints":{"allow":["GET"]}}],"collection":[{"href":"https:\/\/ermdigital.com\/index.php?rest_route=\/wp\/v2\/posts"}],"about":[{"href":"https:\/\/ermdigital.com\/index.php?rest_route=\/wp\/v2\/types\/post"}],"author":[{"embeddable":true,"href":"https:\/\/ermdigital.com\/index.php?rest_route=\/wp\/v2\/users\/1"}],"replies":[{"embeddable":true,"href":"https:\/\/ermdigital.com\/index.php?rest_route=%2Fwp%2Fv2%2Fcomments&post=9836"}],"version-history":[{"count":0,"href":"https:\/\/ermdigital.com\/index.php?rest_route=\/wp\/v2\/posts\/9836\/revisions"}],"wp:featuredmedia":[{"embeddable":true,"href":"https:\/\/ermdigital.com\/index.php?rest_route=\/wp\/v2\/media\/9541"}],"wp:attachment":[{"href":"https:\/\/ermdigital.com\/index.php?rest_route=%2Fwp%2Fv2%2Fmedia&parent=9836"}],"wp:term":[{"taxonomy":"category","embeddable":true,"href":"https:\/\/ermdigital.com\/index.php?rest_route=%2Fwp%2Fv2%2Fcategories&post=9836"},{"taxonomy":"post_tag","embeddable":true,"href":"https:\/\/ermdigital.com\/index.php?rest_route=%2Fwp%2Fv2%2Ftags&post=9836"}],"curies":[{"name":"wp","href":"https:\/\/api.w.org\/{rel}","templated":true}]}}