{"id":9789,"date":"2026-03-30T13:08:00","date_gmt":"2026-03-30T17:08:00","guid":{"rendered":"https:\/\/ermdigital.com\/index.php\/2026\/03\/30\/laura-dern-protagonizara-drama-sobre-caso-epstein\/"},"modified":"2026-03-30T13:08:00","modified_gmt":"2026-03-30T17:08:00","slug":"laura-dern-protagonizara-drama-sobre-caso-epstein","status":"publish","type":"post","link":"https:\/\/ermdigital.com\/?p=9789","title":{"rendered":"Laura Dern protagonizar\u00e1 drama sobre caso Epstein"},"content":{"rendered":"<p>La actriz oscarizada <strong>Laura Dern<\/strong> <strong>protagonizar\u00e1<\/strong> una <strong>miniserie<\/strong> que est\u00e1 desarrollando <strong>Sony Pictures<\/strong> sobre la <strong>investigaci\u00f3n<\/strong> que destap\u00f3 el caso del delincuente sexual Jeffrey Epstein, seg\u00fan inform\u00f3 este lunes The Hollywood Reporter.<\/p>\n<p>El <strong>drama<\/strong> estar\u00e1 basado en el <strong>libro<\/strong> de la periodista de <strong>investigaci\u00f3n<\/strong> del diario Miami Herald, <strong>Julie K. Brown<\/strong>, titulado <em><strong>Perversion of Justice<\/strong>: The Jeffrey Epstein Story<\/em> (Perversi\u00f3n de justicia: la historia de Jeffery Epstein).<\/p>\n<p>De acuerdo con la revista especializada, <strong>Dern<\/strong> <strong>interpretar\u00e1<\/strong> a la <strong>reportera<\/strong> que sigui\u00f3 la pista de la historia de tr\u00e1fico sexual en torno a Epstein.<\/p>\n<p>La <strong>miniserie<\/strong> narrar\u00e1 la incansable <strong>investigaci\u00f3n<\/strong> que llev\u00f3 a\u00f1os a Brown, que identific\u00f3 a <strong>80 v\u00edctimas<\/strong> y convenci\u00f3 a sobrevivientes clave para que hablaran p\u00fablicamente, lo que llev\u00f3 a los arrestos de Epstein y Ghislaine Maxwell.<\/p>\n<h2><strong>Producci\u00f3n<\/strong><\/h2>\n<ul>\n<li>La <strong>producci\u00f3n<\/strong>, que cuenta con el respaldo de <strong>Sony Pictures<\/strong>, a\u00fan no cuenta con una plataforma de emisi\u00f3n confirmada, y se perfila como una de las piezas m\u00e1s codiciadas de la temporada de preventas. Se espera que el rodaje comience a finales de 2026.<\/li>\n<\/ul>\n<p>El inter\u00e9s de las grandes <strong>plataformas<\/strong> de contenidos en l\u00ednea es alto, ya que se trata de la primera <strong>adaptaci\u00f3n con guion<\/strong> de un caso que hasta ahora solo se hab\u00eda abordado en formato documental.\u00a0<\/p>\n<article class=\"border-t border-b py-5 mb-5 component nota-incrustada\">    <span class=\"block mb-2\"><strong>Te puede interesar<\/strong><\/span>                <\/p>\n<h2><a href=\"https:\/\/www.diariolibre.com\/usa\/actualidad\/2026\/02\/23\/epstein-oculto-archivos-secretos-en-depositos-de-eeuu-segun-diario\/3445871?utm_source=relacionadas&amp;utm_medium=nota&amp;utm_campaign=relacionadas\" title=\"Epstein ocult\u00f3 archivos secretos en centros de almacenamiento en EE. UU., seg\u00fan un diario\">Epstein ocult\u00f3 archivos secretos en centros de almacenamiento en EE. UU., seg\u00fan un diario<\/a><\/h2>\n<\/article>\n<p><\/p>\n<p>\u200bLa actriz oscarizada Laura Dern protagonizar\u00e1 una miniserie que est\u00e1 desarrollando Sony Pictures sobre la investigaci\u00f3n que destap\u00f3 el caso del delincuente sexual Jeffrey Epstein, seg\u00fan inform\u00f3 este lunes The Hollywood Reporter.El drama estar\u00e1 basado en el libro de la periodista de investigaci\u00f3n del diario Miami Herald, Julie K. Brown, titulado Perversion of Justice: The Jeffrey Epstein Story (Perversi\u00f3n de justicia: la historia de Jeffery Epstein).De acuerdo con la revista especializada, Dern interpretar\u00e1 a la reportera que sigui\u00f3 la pista de la historia de tr\u00e1fico sexual en torno a Epstein.La miniserie narrar\u00e1 la incansable investigaci\u00f3n que llev\u00f3 a\u00f1os a Brown, que identific\u00f3 a 80 v\u00edctimas y convenci\u00f3 a sobrevivientes clave para que hablaran p\u00fablicamente, lo que llev\u00f3 a los arrestos de Epstein y Ghislaine Maxwell.Producci\u00f3n    La producci\u00f3n, que cuenta con el respaldo de Sony Pictures, a\u00fan no cuenta con una plataforma de emisi\u00f3n confirmada, y se perfila como una de las piezas m\u00e1s codiciadas de la temporada de preventas. Se espera que el rodaje comience a finales de 2026.El inter\u00e9s de las grandes plataformas de contenidos en l\u00ednea es alto, ya que se trata de la primera adaptaci\u00f3n con guion de un caso que hasta ahora solo se hab\u00eda abordado en formato documental.\u00a0    Te puede interesar                Epstein ocult\u00f3 archivos secretos en centros de almacenamiento en EE. UU., seg\u00fan un diario\u00a0\u00a0Revista, Cine, EFE, Los \u00c1ngeles, Drama, Laura Dern, Miniserie, Sony Pictures, Caso Epstein, caso Epstein\u00a0<\/p>\n","protected":false},"excerpt":{"rendered":"<p>La actriz oscarizada Laura Dern protagonizar\u00e1 una miniserie que est\u00e1 desarrollando Sony Pictures sobre la investigaci\u00f3n que destap\u00f3 el caso del delincuente sexual Jeffrey Epstein, seg\u00fan inform\u00f3 este lunes The Hollywood Reporter. El drama estar\u00e1 basado en el libro de la periodista de investigaci\u00f3n del diario Miami Herald, Julie K. Brown, titulado Perversion of Justice: [&hellip;]<\/p>\n","protected":false},"author":1,"featured_media":9368,"comment_status":"open","ping_status":"open","sticky":false,"template":"","format":"standard","meta":{"amp_status":"","footnotes":""},"categories":[9],"tags":[],"class_list":["post-9789","post","type-post","status-publish","format-standard","has-post-thumbnail","hentry","category-espectaculo"],"_links":{"self":[{"href":"https:\/\/ermdigital.com\/index.php?rest_route=\/wp\/v2\/posts\/9789","targetHints":{"allow":["GET"]}}],"collection":[{"href":"https:\/\/ermdigital.com\/index.php?rest_route=\/wp\/v2\/posts"}],"about":[{"href":"https:\/\/ermdigital.com\/index.php?rest_route=\/wp\/v2\/types\/post"}],"author":[{"embeddable":true,"href":"https:\/\/ermdigital.com\/index.php?rest_route=\/wp\/v2\/users\/1"}],"replies":[{"embeddable":true,"href":"https:\/\/ermdigital.com\/index.php?rest_route=%2Fwp%2Fv2%2Fcomments&post=9789"}],"version-history":[{"count":0,"href":"https:\/\/ermdigital.com\/index.php?rest_route=\/wp\/v2\/posts\/9789\/revisions"}],"wp:featuredmedia":[{"embeddable":true,"href":"https:\/\/ermdigital.com\/index.php?rest_route=\/wp\/v2\/media\/9368"}],"wp:attachment":[{"href":"https:\/\/ermdigital.com\/index.php?rest_route=%2Fwp%2Fv2%2Fmedia&parent=9789"}],"wp:term":[{"taxonomy":"category","embeddable":true,"href":"https:\/\/ermdigital.com\/index.php?rest_route=%2Fwp%2Fv2%2Fcategories&post=9789"},{"taxonomy":"post_tag","embeddable":true,"href":"https:\/\/ermdigital.com\/index.php?rest_route=%2Fwp%2Fv2%2Ftags&post=9789"}],"curies":[{"name":"wp","href":"https:\/\/api.w.org\/{rel}","templated":true}]}}