{"id":9788,"date":"2026-03-30T15:08:00","date_gmt":"2026-03-30T19:08:00","guid":{"rendered":"https:\/\/ermdigital.com\/index.php\/2026\/03\/30\/matan-a-vocalista-de-grupo-reaccion-en-fiesta-de-cumpleanos\/"},"modified":"2026-03-30T15:08:00","modified_gmt":"2026-03-30T19:08:00","slug":"matan-a-vocalista-de-grupo-reaccion-en-fiesta-de-cumpleanos","status":"publish","type":"post","link":"https:\/\/ermdigital.com\/?p=9788","title":{"rendered":"Matan a vocalista de Grupo Reacci\u00f3n en fiesta de cumplea\u00f1os"},"content":{"rendered":"<p><strong>El cantante mexicano Arturo Rivera<\/strong>, <strong>vocalista<\/strong> del <strong>grupo Reacci\u00f3n<\/strong>, muri\u00f3 a tiros mientras amenizaba una fiesta de <strong>cumplea\u00f1os<\/strong> para la que lo hab\u00edan contratado.<\/p>\n<p>El tr\u00e1gico suceso ocurri\u00f3 en la madrugada del <strong>domingo 29 de marzo<\/strong>.\u00a0De acuerdo con reportes de los medios Reforma y La Jornada, la <strong>agrupaci\u00f3n<\/strong>, originaria de <strong>Rosarito<\/strong>, Baja California, se encontraba cantando al interior de un sal\u00f3n, ubicado en <strong>Tijuana<\/strong>, cuando ocurrieron los hechos.<\/p>\n<p>Presuntamente, el hombre que celebraba su <strong>cumplea\u00f1os<\/strong>, de unos 25 a\u00f1os, <strong>dispar\u00f3 al aire<\/strong> en un primer momento, pero posteriormente lo hizo contra los <strong>m\u00fasicos<\/strong>.<\/p>\n<p>De acuerdo con los informes, <strong>Rivera<\/strong> result\u00f3 con <strong>impactos en el pecho<\/strong> y otras partes del cuerpo. Su compa\u00f1ero, <strong>Ra\u00fal Garay<\/strong>, segunda voz, tambi\u00e9n sali\u00f3 herido.<\/p>\n<p><strong>Arturo muri\u00f3<\/strong> de forma instant\u00e1nea en el lugar. Su compa\u00f1ero fue traslado a un <strong>hospital<\/strong> para que fuera atendido. Presuntamente se encuentra estable.<\/p>\n<div class=\"social-embed mb-4\">\n<div class=\"placeholderYoutube\"><\/div>\n<\/div>\n<p>No se ha revelado por el momento el nombre del\u00a0<strong>presunto homicida<\/strong>. Tanto el se\u00f1alado como sus invitados <strong>huyeron<\/strong> de la escena del crimen y ninguno ha sido detenido hasta el momento.<\/p>\n<p>\u201cSe <strong>desconoce<\/strong> si formaba parte de alg\u00fan <strong>grupo criminal<\/strong>\u201d del <strong>estado<\/strong>, expone el diario. <\/p>\n<p>TV Azteca afirma que la <strong>Fiscal\u00eda General<\/strong> del <strong>Estado<\/strong> ha iniciado las <strong>indagatorias<\/strong> para capturar al <strong>anfitri\u00f3n<\/strong>, de quien ya se tendr\u00edan los datos preliminares.<\/p>\n<p>A la fecha, la <strong>agrupaci\u00f3n<\/strong> <strong>no se ha pronunciado<\/strong> en redes sociales acerca de lo sucedido. Las <strong>autoridades<\/strong> tampoco han emitido un comunicado.<\/p>\n<ul>\n<li><strong>Arturo Rivera<\/strong>, conocido como \u2018<strong>el Pollo<\/strong>\u2019, era <strong>vocalista<\/strong> de <strong>Grupo Reacci\u00f3n <\/strong>desde el 2017. Adem\u00e1s de cantar, era el encargado del <strong>bajo quinto<\/strong>.<\/li>\n<\/ul>\n<p>Entre las canciones que interpretaban se encuentran <strong>narcocorridos<\/strong> y <strong>m\u00fasica regional mexicana<\/strong> como \"<strong>Gustos y placeres<\/strong>\", \"Abismo de dolor\" y \"Se acab\u00f3\".<\/p>\n<p>\u200bEl cantante mexicano Arturo Rivera, vocalista del grupo Reacci\u00f3n, muri\u00f3 a tiros mientras amenizaba una fiesta de cumplea\u00f1os para la que lo hab\u00edan contratado.El tr\u00e1gico suceso ocurri\u00f3 en la madrugada del domingo 29 de marzo.\u00a0De acuerdo con reportes de los medios Reforma y La Jornada, la agrupaci\u00f3n, originaria de Rosarito, Baja California, se encontraba cantando al interior de un sal\u00f3n, ubicado en Tijuana, cuando ocurrieron los hechos.Presuntamente, el hombre que celebraba su cumplea\u00f1os, de unos 25 a\u00f1os, dispar\u00f3 al aire en un primer momento, pero posteriormente lo hizo contra los m\u00fasicos.De acuerdo con los informes, Rivera result\u00f3 con impactos en el pecho y otras partes del cuerpo. Su compa\u00f1ero, Ra\u00fal Garay, segunda voz, tambi\u00e9n sali\u00f3 herido.Arturo muri\u00f3 de forma instant\u00e1nea en el lugar. Su compa\u00f1ero fue traslado a un hospital para que fuera atendido. Presuntamente se encuentra estable.No se ha revelado por el momento el nombre del\u00a0presunto homicida. Tanto el se\u00f1alado como sus invitados huyeron de la escena del crimen y ninguno ha sido detenido hasta el momento.\u201cSe desconoce si formaba parte de alg\u00fan grupo criminal\u201d del estado, expone el diario. TV Azteca afirma que la Fiscal\u00eda General del Estado ha iniciado las indagatorias para capturar al anfitri\u00f3n, de quien ya se tendr\u00edan los datos preliminares.A la fecha, la agrupaci\u00f3n no se ha pronunciado en redes sociales acerca de lo sucedido. Las autoridades tampoco han emitido un comunicado.    Arturo Rivera, conocido como \u2018el Pollo\u2019, era vocalista de Grupo Reacci\u00f3n desde el 2017. Adem\u00e1s de cantar, era el encargado del bajo quinto.Entre las canciones que interpretaban se encuentran narcocorridos y m\u00fasica regional mexicana como \"Gustos y placeres\", \"Abismo de dolor\" y \"Se acab\u00f3\".\u00a0\u00a0Revista, Far\u00e1ndula, Diario Libre, Santo Domingo, Disparo, Fiesta de cumplea\u00f1os, Grupo Reacci\u00f3n, Asesinan a vocalista\u00a0<\/p>\n","protected":false},"excerpt":{"rendered":"<p>El cantante mexicano Arturo Rivera, vocalista del grupo Reacci\u00f3n, muri\u00f3 a tiros mientras amenizaba una fiesta de cumplea\u00f1os para la que lo hab\u00edan contratado. El tr\u00e1gico suceso ocurri\u00f3 en la madrugada del domingo 29 de marzo.\u00a0De acuerdo con reportes de los medios Reforma y La Jornada, la agrupaci\u00f3n, originaria de Rosarito, Baja California, se encontraba [&hellip;]<\/p>\n","protected":false},"author":1,"featured_media":9486,"comment_status":"open","ping_status":"open","sticky":false,"template":"","format":"standard","meta":{"amp_status":"","footnotes":""},"categories":[9],"tags":[],"class_list":["post-9788","post","type-post","status-publish","format-standard","has-post-thumbnail","hentry","category-espectaculo"],"_links":{"self":[{"href":"https:\/\/ermdigital.com\/index.php?rest_route=\/wp\/v2\/posts\/9788","targetHints":{"allow":["GET"]}}],"collection":[{"href":"https:\/\/ermdigital.com\/index.php?rest_route=\/wp\/v2\/posts"}],"about":[{"href":"https:\/\/ermdigital.com\/index.php?rest_route=\/wp\/v2\/types\/post"}],"author":[{"embeddable":true,"href":"https:\/\/ermdigital.com\/index.php?rest_route=\/wp\/v2\/users\/1"}],"replies":[{"embeddable":true,"href":"https:\/\/ermdigital.com\/index.php?rest_route=%2Fwp%2Fv2%2Fcomments&post=9788"}],"version-history":[{"count":0,"href":"https:\/\/ermdigital.com\/index.php?rest_route=\/wp\/v2\/posts\/9788\/revisions"}],"wp:featuredmedia":[{"embeddable":true,"href":"https:\/\/ermdigital.com\/index.php?rest_route=\/wp\/v2\/media\/9486"}],"wp:attachment":[{"href":"https:\/\/ermdigital.com\/index.php?rest_route=%2Fwp%2Fv2%2Fmedia&parent=9788"}],"wp:term":[{"taxonomy":"category","embeddable":true,"href":"https:\/\/ermdigital.com\/index.php?rest_route=%2Fwp%2Fv2%2Fcategories&post=9788"},{"taxonomy":"post_tag","embeddable":true,"href":"https:\/\/ermdigital.com\/index.php?rest_route=%2Fwp%2Fv2%2Ftags&post=9788"}],"curies":[{"name":"wp","href":"https:\/\/api.w.org\/{rel}","templated":true}]}}