{"id":9757,"date":"2026-03-31T09:12:29","date_gmt":"2026-03-31T13:12:29","guid":{"rendered":"https:\/\/ermdigital.com\/index.php\/2026\/03\/31\/digesett-culmina-su-campana-ruta-cero-en-bani-y-fortalece-llamado-a-la-conciencia-vial-en-semana-santa-2026\/"},"modified":"2026-03-31T09:12:29","modified_gmt":"2026-03-31T13:12:29","slug":"digesett-culmina-su-campana-ruta-cero-en-bani-y-fortalece-llamado-a-la-conciencia-vial-en-semana-santa-2026","status":"publish","type":"post","link":"https:\/\/ermdigital.com\/?p=9757","title":{"rendered":"Digesett culmina su campa\u00f1a \u201cRuta Cero\u201d en Ban\u00ed y fortalece llamado a la conciencia vial en Semana Santa 2026"},"content":{"rendered":"<p><span class=\"field field--name-title field--type-string field--label-hidden\">Digesett culmina su campa\u00f1a \u201cRuta Cero\u201d en Ban\u00ed y fortalece llamado a la conciencia vial en Semana Santa 2026<\/span><br \/>\n<span class=\"field field--name-uid field--type-entity-reference field--label-hidden\"><span>yamellrossi<\/span><\/span><br \/>\n<span class=\"field field--name-created field--type-created field--label-hidden\"><time datetime=\"2026-03-31T09:12:29-04:00\" title=\"Martes, Marzo 31, 2026 - 09:12\" class=\"datetime\">31 de  Marzo 2026 | 09:12<\/time><br \/>\n<\/span><\/p>\n<div class=\"clearfix text-formatted field field--name-body field--type-text-with-summary field--label-hidden field__item\">\n<p dir=\"ltr\"><span>Ban\u00ed, Peravia.\u2013 La Direcci\u00f3n General de Seguridad de Tr\u00e1nsito y Transporte Terrestre\u00a0<\/span><strong>(Digesett)<\/strong><span> culmin\u00f3 su\u00a0<\/span><strong>campa\u00f1a nacional denominada \u201cRuta CerO\u201d<\/strong><span> en el municipio de\u00a0<\/span><strong>Ban\u00ed, provincia Peravia<\/strong><span>, como parte del\u00a0<\/span><strong>despliegue preventivo<\/strong><span> que se desarrolla en todo el pa\u00eds previo a la\u00a0<\/span><strong>Semana Santa 2026<\/strong><span>, reafirmando su compromiso de\u00a0<\/span><strong>salvar vidas<\/strong><span> en las v\u00edas.<\/span><\/p>\n<p dir=\"ltr\"><span>La jornada cont\u00f3 con la participaci\u00f3n de la gobernadora provincial de Peravia,\u00a0<\/span><strong>\u00c1ngela Yadira B\u00e1ez<\/strong><span>; la directora de la Direcci\u00f3n Regional Sur Central de la Polic\u00eda Nacional, coronel\u00a0<\/span><strong>Ana Jim\u00e9nez Cruceta<\/strong><span>; el teniente coronel\u00a0<\/span><strong>Jos\u00e9 Manuel Lluberes<\/strong><span> de la Digesett; miembros del\u00a0<\/span><strong>Cuerpo de Bomberos;<\/strong><span> representante de la Polic\u00eda Escolar, empresarios, comerciantes y otros actores de la sociedad civil.<\/span><\/p>\n<p dir=\"ltr\"><span>Durante su intervenci\u00f3n, la gobernadora\u00a0<\/span><strong>\u00c1ngela Yadira B\u00e1ez<\/strong><span> hizo un llamado a la ciudadan\u00eda a reflexionar y asumir una\u00a0<\/span><strong>conducta responsable durante esta Semana Santa<\/strong><span>, destacando la importancia de la prevenci\u00f3n como\u00a0<\/span><strong>herramienta clave para evitar tragedias.<\/strong><\/p>\n<p dir=\"ltr\"><span>De su lado, el director de comunicaciones de la Digesett, coronel\u00a0<\/span><strong>Rafael Tejeda Baldera<\/strong><span> (PN), present\u00f3 la\u00a0<\/span><strong>iniciativa \u201cRuta Cero\u201d<\/strong><span> como un compromiso con la vida,<\/span><strong> cero accidentes, cero lesionados y cero muertes por siniestros viales.<\/strong><\/p>\n<p dir=\"ltr\"><em>\u201cNo se trata de n\u00fameros, se trata de vidas. El tr\u00e1nsito somos nosotros, es nuestra conducta, nuestra educaci\u00f3n, nuestro respeto por las normas y, sobre todo, nuestra valoraci\u00f3n por la vida, estos son valores que reflejamos cada vez que tomamos el volante, abordamos una motocicleta o cruzamos una calle como peatones\u201d<\/em><span>, destac\u00f3.<\/span><\/p>\n<p dir=\"ltr\"><span>Asimismo, anunci\u00f3 la coordinaci\u00f3n con la\u00a0<\/span><strong>plataforma Waze<\/strong><span>, mediante la cual se han integrado zonas cr\u00edticas de siniestros viales, permitiendo\u00a0<\/span><strong>alertar a los conductores en tiempo rea<\/strong><span>l y fortalecer la\u00a0<\/span><strong>prevenci\u00f3n durante el asueto.<\/strong><\/p>\n<p><span>\u201cRuta Cero\u201d contin\u00faa impactando distintas provincias del pa\u00eds con un mensaje claro, promoviendo una\u00a0<\/span><strong>cultura de prudencia, respeto y responsabilidad en las v\u00edas.<\/strong><\/p>\n<\/div>\n<div class=\"field field--name-field-image field--type-image field--label-hidden field__item\">  <img decoding=\"async\" loading=\"lazy\" src=\"https:\/\/www.presidencia.gob.do\/sites\/default\/files\/news\/2026-03\/RB12.jpeg\" width=\"6240\" height=\"3512\" alt=\"Energia\"><\/p>\n<\/div>\n<p>\u00a0Digesett culmina su campa\u00f1a \u201cRuta Cero\u201d en Ban\u00ed y fortalece llamado a la conciencia vial en Semana Santa 2026<br \/>\nyamellrossi<br \/>\n31 de  Marzo 2026 | 09:12<\/p>\n<p>            Ban\u00ed, Peravia.\u2013 La Direcci\u00f3n General de Seguridad de Tr\u00e1nsito y Transporte Terrestre\u00a0(Digesett) culmin\u00f3 su\u00a0campa\u00f1a nacional denominada \u201cRuta CerO\u201d en el municipio de\u00a0Ban\u00ed, provincia Peravia, como parte del\u00a0despliegue preventivo que se desarrolla en todo el pa\u00eds previo a la\u00a0Semana Santa 2026, reafirmando su compromiso de\u00a0salvar vidas en las v\u00edas.<br \/>\nLa jornada cont\u00f3 con la participaci\u00f3n de la gobernadora provincial de Peravia,\u00a0\u00c1ngela Yadira B\u00e1ez; la directora de la Direcci\u00f3n Regional Sur Central de la Polic\u00eda Nacional, coronel\u00a0Ana Jim\u00e9nez Cruceta; el teniente coronel\u00a0Jos\u00e9 Manuel Lluberes de la Digesett; miembros del\u00a0Cuerpo de Bomberos; representante de la Polic\u00eda Escolar, empresarios, comerciantes y otros actores de la sociedad civil.<br \/>\nDurante su intervenci\u00f3n, la gobernadora\u00a0\u00c1ngela Yadira B\u00e1ez hizo un llamado a la ciudadan\u00eda a reflexionar y asumir una\u00a0conducta responsable durante esta Semana Santa, destacando la importancia de la prevenci\u00f3n como\u00a0herramienta clave para evitar tragedias.<br \/>\nDe su lado, el director de comunicaciones de la Digesett, coronel\u00a0Rafael Tejeda Baldera (PN), present\u00f3 la\u00a0iniciativa \u201cRuta Cero\u201d como un compromiso con la vida, cero accidentes, cero lesionados y cero muertes por siniestros viales.<br \/>\n\u201cNo se trata de n\u00fameros, se trata de vidas. El tr\u00e1nsito somos nosotros, es nuestra conducta, nuestra educaci\u00f3n, nuestro respeto por las normas y, sobre todo, nuestra valoraci\u00f3n por la vida, estos son valores que reflejamos cada vez que tomamos el volante, abordamos una motocicleta o cruzamos una calle como peatones\u201d, destac\u00f3.<br \/>\nAsimismo, anunci\u00f3 la coordinaci\u00f3n con la\u00a0plataforma Waze, mediante la cual se han integrado zonas cr\u00edticas de siniestros viales, permitiendo\u00a0alertar a los conductores en tiempo real y fortalecer la\u00a0prevenci\u00f3n durante el asueto.<br \/>\n\u201cRuta Cero\u201d contin\u00faa impactando distintas provincias del pa\u00eds con un mensaje claro, promoviendo una\u00a0cultura de prudencia, respeto y responsabilidad en las v\u00edas.\u00a0\u00a0\u00a0<\/p>\n","protected":false},"excerpt":{"rendered":"<p>Digesett culmina su campa\u00f1a \u201cRuta Cero\u201d en Ban\u00ed y fortalece llamado a la conciencia vial en Semana Santa 2026 yamellrossi 31 de Marzo 2026 | 09:12 Ban\u00ed, Peravia.\u2013 La Direcci\u00f3n General de Seguridad de Tr\u00e1nsito y Transporte Terrestre\u00a0(Digesett) culmin\u00f3 su\u00a0campa\u00f1a nacional denominada \u201cRuta CerO\u201d en el municipio de\u00a0Ban\u00ed, provincia Peravia, como parte del\u00a0despliegue preventivo que [&hellip;]<\/p>\n","protected":false},"author":1,"featured_media":9758,"comment_status":"open","ping_status":"open","sticky":false,"template":"","format":"standard","meta":{"amp_status":"","footnotes":""},"categories":[8],"tags":[],"class_list":["post-9757","post","type-post","status-publish","format-standard","has-post-thumbnail","hentry","category-republica"],"_links":{"self":[{"href":"https:\/\/ermdigital.com\/index.php?rest_route=\/wp\/v2\/posts\/9757","targetHints":{"allow":["GET"]}}],"collection":[{"href":"https:\/\/ermdigital.com\/index.php?rest_route=\/wp\/v2\/posts"}],"about":[{"href":"https:\/\/ermdigital.com\/index.php?rest_route=\/wp\/v2\/types\/post"}],"author":[{"embeddable":true,"href":"https:\/\/ermdigital.com\/index.php?rest_route=\/wp\/v2\/users\/1"}],"replies":[{"embeddable":true,"href":"https:\/\/ermdigital.com\/index.php?rest_route=%2Fwp%2Fv2%2Fcomments&post=9757"}],"version-history":[{"count":0,"href":"https:\/\/ermdigital.com\/index.php?rest_route=\/wp\/v2\/posts\/9757\/revisions"}],"wp:featuredmedia":[{"embeddable":true,"href":"https:\/\/ermdigital.com\/index.php?rest_route=\/wp\/v2\/media\/9758"}],"wp:attachment":[{"href":"https:\/\/ermdigital.com\/index.php?rest_route=%2Fwp%2Fv2%2Fmedia&parent=9757"}],"wp:term":[{"taxonomy":"category","embeddable":true,"href":"https:\/\/ermdigital.com\/index.php?rest_route=%2Fwp%2Fv2%2Fcategories&post=9757"},{"taxonomy":"post_tag","embeddable":true,"href":"https:\/\/ermdigital.com\/index.php?rest_route=%2Fwp%2Fv2%2Ftags&post=9757"}],"curies":[{"name":"wp","href":"https:\/\/api.w.org\/{rel}","templated":true}]}}