{"id":9551,"date":"2026-03-30T09:34:00","date_gmt":"2026-03-30T13:34:00","guid":{"rendered":"https:\/\/ermdigital.com\/index.php\/2026\/03\/30\/fundacion-mir-celebra-magical-splendor-gala-2026\/"},"modified":"2026-03-30T09:34:00","modified_gmt":"2026-03-30T13:34:00","slug":"fundacion-mir-celebra-magical-splendor-gala-2026","status":"publish","type":"post","link":"https:\/\/ermdigital.com\/?p=9551","title":{"rendered":"Fundaci\u00f3n MIR celebra Magical Splendor Gala 2026"},"content":{"rendered":"<p>La <strong>Fundaci\u00f3n MIR<\/strong> <strong>celebr\u00f3<\/strong> con gran \u00e9xito su esperada <strong>Magical Splendor Gala 2026<\/strong> en Casa Grande, en una velada que combin\u00f3 elegancia, solidaridad y <strong>compromiso<\/strong> social.\u00a0<\/p>\n<p>El evento tuvo como objetivo principal la <strong>recaudaci\u00f3n de fondos<\/strong> para continuar impulsando <strong>programas educativos<\/strong> en beneficio de <strong>ni\u00f1os y ni\u00f1as<\/strong> de la comunidad.<\/p>\n<p>A pesar de las <strong>condiciones clim\u00e1ticas adversas<\/strong>, el evento se realiz\u00f3 y super\u00f3 las expectativas de todos los presentes.\u00a0<\/p>\n<p>La asistencia y participaci\u00f3n de <strong>invitados<\/strong>, <strong>colaboradores<\/strong> y <strong>patrocinadores<\/strong> evidenciaron un firme respaldo a la causa, logrando convertir la noche en un rotundo \u00e9xito.<\/p>\n<p>Durante la velada, las se\u00f1oras\u00a0<strong>Lian Fanjul<\/strong> y <strong>Lyanne Azqueta Fanjul<\/strong> expresaron su <strong>agradecimiento<\/strong> a las m\u00e1s de 300 personas que se dieron cita en la gala.\u00a0<\/p>\n<div class=\"my-12 component gallery relative small-slider\">\n<div class=\"slider-container\">\n<figure class=\"slider-item\">\n<div class=\"expand-img-placeholder\"><img loading=\"lazy\" decoding=\"async\" src=\"https:\/\/resources.diariolibre.com\/images\/expand.svg\" alt=\"Expandir imagen\" width=\"20\" height=\"20\"><span class=\"rutaimagenoriginal-placeholder\">https:\/\/resources.diariolibre.com\/images\/2026\/03\/30\/fundacion-mir-2-ab988401.jpg<\/span><\/div>\n<p><img decoding=\"async\" src=\"https:\/\/resources.diariolibre.com\/images\/2026\/03\/30\/fundacion-mir-2-ab988401.jpg\" width=\"100%\" alt=\"Selin\u00e9e Mendez y Felipe Rangel.\" class=\"w-full object-cover\"><figcaption><span>Selin\u00e9e Mendez y Felipe Rangel.<\/span><span> (<strong>FUENTE EXTERNA<\/strong>)<\/span><\/figcaption><\/figure>\n<figure class=\"slider-item\">\n<div class=\"expand-img-placeholder\"><img loading=\"lazy\" decoding=\"async\" src=\"https:\/\/resources.diariolibre.com\/images\/expand.svg\" alt=\"Expandir imagen\" width=\"20\" height=\"20\"><span class=\"rutaimagenoriginal-placeholder\">https:\/\/resources.diariolibre.com\/images\/2026\/03\/30\/fundacion-mir-3-42017b25.jpg<\/span><\/div>\n<p><img decoding=\"async\" src=\"https:\/\/resources.diariolibre.com\/images\/2026\/03\/30\/fundacion-mir-3-42017b25.jpg\" width=\"100%\" alt=\"Yudelka Checo y Hugo Sluimer.\" class=\"w-full object-cover\"><figcaption><span>Yudelka Checo y Hugo Sluimer.<\/span><span> (<strong>FUENTE EXTERNA<\/strong>)<\/span><\/figcaption><\/figure>\n<figure class=\"slider-item\">\n<div class=\"expand-img-placeholder\"><img loading=\"lazy\" decoding=\"async\" src=\"https:\/\/resources.diariolibre.com\/images\/expand.svg\" alt=\"Expandir imagen\" width=\"20\" height=\"20\"><span class=\"rutaimagenoriginal-placeholder\">https:\/\/resources.diariolibre.com\/images\/2026\/03\/30\/fundacion-mir-4-8627270a.jpg<\/span><\/div>\n<p><img decoding=\"async\" src=\"https:\/\/resources.diariolibre.com\/images\/2026\/03\/30\/fundacion-mir-4-8627270a.jpg\" width=\"100%\" alt=\"Sarah Vi\u00f1as, Renata So\u00f1\u00e9 e Isabel So\u00f1\u00e9.\" class=\"w-full object-cover\"><figcaption><span>Sarah Vi\u00f1as, Renata So\u00f1\u00e9 e Isabel So\u00f1\u00e9.<\/span><span> (<strong>FUENTE EXTERNA<\/strong>)<\/span><\/figcaption><\/figure>\n<figure class=\"slider-item\">\n<div class=\"expand-img-placeholder\"><img loading=\"lazy\" decoding=\"async\" src=\"https:\/\/resources.diariolibre.com\/images\/expand.svg\" alt=\"Expandir imagen\" width=\"20\" height=\"20\"><span class=\"rutaimagenoriginal-placeholder\">https:\/\/resources.diariolibre.com\/images\/2026\/03\/30\/fundacion-mir-5-aeae7e44.jpg<\/span><\/div>\n<p><img decoding=\"async\" src=\"https:\/\/resources.diariolibre.com\/images\/2026\/03\/30\/fundacion-mir-5-aeae7e44.jpg\" width=\"100%\" alt=\"Amy Garvy, Raissa Enis, Raysa Fanjul y Lilliam Arguelles.\" class=\"w-full object-cover\"><figcaption><span>Amy Garvy, Raissa Enis, Raysa Fanjul y Lilliam Arguelles.<\/span><span> (<strong>FUENTE EXTERNA<\/strong>)<\/span><\/figcaption><\/figure>\n<figure class=\"slider-item\">\n<div class=\"expand-img-placeholder\"><img loading=\"lazy\" decoding=\"async\" src=\"https:\/\/resources.diariolibre.com\/images\/expand.svg\" alt=\"Expandir imagen\" width=\"20\" height=\"20\"><span class=\"rutaimagenoriginal-placeholder\">https:\/\/resources.diariolibre.com\/images\/2026\/03\/30\/fundacion-mir-6-ba9a0588.jpg<\/span><\/div>\n<p><img decoding=\"async\" src=\"https:\/\/resources.diariolibre.com\/images\/2026\/03\/30\/fundacion-mir-6-ba9a0588.jpg\" width=\"100%\" alt=\"Andres Pichardo y Thea VanderWerf.\" class=\"w-full object-cover\"><figcaption><span>Andres Pichardo y Thea VanderWerf.<\/span><span> (<strong>FUENTE EXTERNA<\/strong>)<\/span><\/figcaption><\/figure>\n<\/p><\/div>\n<div class=\"slider-arrows\">\n<div class=\"slider-arrow prev\">\u2039<\/div>\n<div class=\"slider-arrow next\">\u203a<\/div>\n<\/p><\/div>\n<ul class=\"slider-dots\"><\/ul>\n<\/div>\n<p>En sus palabras,\u00a0<strong>Lyanne Azqueta Fanjul<\/strong> resalt\u00f3 que el <strong>compromiso<\/strong> de los asistentes con la causa fue especialmente significativo y los invit\u00f3 a seguir formando parte de la <strong>misi\u00f3n de la Fundaci\u00f3n<\/strong>.\u00a0<\/p>\n<p>Asimismo, se reconoci\u00f3 la destacada participaci\u00f3n de <strong>Naeem Khan<\/strong>, quien aport\u00f3 su <strong>talento<\/strong> y prestigio al evento, contribuyendo a realzar la experiencia y a fortalecer el impacto de la iniciativa.<\/p>\n<h2>M\u00e1s<\/h2>\n<ul>\n<li>La <strong>Magical Splendor Gala 2026<\/strong> se consolida, as\u00ed como una plataforma clave para la <strong>recaudaci\u00f3n de fondos<\/strong> y la sensibilizaci\u00f3n social, reafirmando el <strong>compromiso<\/strong> de la <strong>Fundaci\u00f3n MIR<\/strong> con la educaci\u00f3n y el desarrollo de las futuras generaciones.<\/li>\n<\/ul>\n<div class=\"w-full pt-2 float-left inside-related\">    <span class=\"border-b border-black pb-3 mb-4 block\"><strong>RELACIONADAS<\/strong><\/span>                <\/p>\n<article class=\"flex flex-wrap border-b pb-4 mb-3 inline-block\">\n<div class=\"xl:w-2\/12 w-4\/12\">\n<figure class=\"mb-0\">                                                    <a href=\"https:\/\/www.diariolibre.com\/opinion\/agora\/2026\/03\/03\/la-obra-educativa-de-la-fundacion-mir\/3456293?utm_source=relacionadas&amp;utm_medium=nota&amp;utm_campaign=relacionadas\" title=\"                                                                                                                            \">                                                                <img decoding=\"async\" loading=\"lazy\" src=\"https:\/\/resources.diariolibre.com\/images\/2026\/03\/03\/mir-01b68bc7-focus-0-0.1-149-99.jpg\" width=\"149\" height=\"99\" title=\"La obra educativa de la Fundaci\u00f3n MIR y el liderazgo de Lian Fanjul de Azqueta\" alt=\"La obra educativa de la Fundaci\u00f3n MIR y el liderazgo de Lian Fanjul de Azqueta\" class=\"object-cover\">                                                            <\/a>                                            <\/figure>\n<\/p><\/div>\n<div class=\"xl:w-10\/12 w-8\/12 pl-3\">\n<div class=\"text-md mb-2 meta\">                        <a href=\"https:\/\/www.diariolibre.com\/opinion\/agora\" title=\"\u00c1gora\">\u00c1gora<\/a>                    <\/div>\n<h2><a href=\"https:\/\/www.diariolibre.com\/opinion\/agora\/2026\/03\/03\/la-obra-educativa-de-la-fundacion-mir\/3456293?utm_source=relacionadas&amp;utm_medium=nota&amp;utm_campaign=relacionadas\" title=\"La obra educativa de la Fundaci\u00f3n MIR y el liderazgo de Lian Fanjul de Azqueta\">La obra educativa de la Fundaci\u00f3n MIR y el liderazgo de Lian Fanjul de Azqueta<\/a><\/h2>\n<\/p><\/div>\n<\/article><\/div>\n<p><\/p>\n<p><\/p>\n<p>\u200bLa Fundaci\u00f3n MIR celebr\u00f3 con gran \u00e9xito su esperada Magical Splendor Gala 2026 en Casa Grande, en una velada que combin\u00f3 elegancia, solidaridad y compromiso social.\u00a0El evento tuvo como objetivo principal la recaudaci\u00f3n de fondos para continuar impulsando programas educativos en beneficio de ni\u00f1os y ni\u00f1as de la comunidad.A pesar de las condiciones clim\u00e1ticas adversas, el evento se realiz\u00f3 y super\u00f3 las expectativas de todos los presentes.\u00a0La asistencia y participaci\u00f3n de invitados, colaboradores y patrocinadores evidenciaron un firme respaldo a la causa, logrando convertir la noche en un rotundo \u00e9xito.Durante la velada, las se\u00f1oras\u00a0Lian Fanjul y Lyanne Azqueta Fanjul expresaron su agradecimiento a las m\u00e1s de 300 personas que se dieron cita en la gala.\u00a0            https:\/\/resources.diariolibre.com\/images\/2026\/03\/30\/fundacion-mir-2-ab988401.jpgSelin\u00e9e Mendez y Felipe Rangel. (FUENTE EXTERNA)https:\/\/resources.diariolibre.com\/images\/2026\/03\/30\/fundacion-mir-3-42017b25.jpgYudelka Checo y Hugo Sluimer. (FUENTE EXTERNA)https:\/\/resources.diariolibre.com\/images\/2026\/03\/30\/fundacion-mir-4-8627270a.jpgSarah Vi\u00f1as, Renata So\u00f1\u00e9 e Isabel So\u00f1\u00e9. (FUENTE EXTERNA)https:\/\/resources.diariolibre.com\/images\/2026\/03\/30\/fundacion-mir-5-aeae7e44.jpgAmy Garvy, Raissa Enis, Raysa Fanjul y Lilliam Arguelles. (FUENTE EXTERNA)https:\/\/resources.diariolibre.com\/images\/2026\/03\/30\/fundacion-mir-6-ba9a0588.jpgAndres Pichardo y Thea VanderWerf. (FUENTE EXTERNA)                \u2039        \u203a        En sus palabras,\u00a0Lyanne Azqueta Fanjul resalt\u00f3 que el compromiso de los asistentes con la causa fue especialmente significativo y los invit\u00f3 a seguir formando parte de la misi\u00f3n de la Fundaci\u00f3n.\u00a0Asimismo, se reconoci\u00f3 la destacada participaci\u00f3n de Naeem Khan, quien aport\u00f3 su talento y prestigio al evento, contribuyendo a realzar la experiencia y a fortalecer el impacto de la iniciativa.M\u00e1s    La Magical Splendor Gala 2026 se consolida, as\u00ed como una plataforma clave para la recaudaci\u00f3n de fondos y la sensibilizaci\u00f3n social, reafirmando el compromiso de la Fundaci\u00f3n MIR con la educaci\u00f3n y el desarrollo de las futuras generaciones.    RELACIONADAS                                                                                                                                                                                                                                                                                                                                                            \u00c1gora                                        La obra educativa de la Fundaci\u00f3n MIR y el liderazgo de Lian Fanjul de Azqueta\u00a0\u00a0Revista, Sociales, Diario Libre, Santo Domingo, Programas educativos, Fundaci\u00f3n MIR, Magical Splendor Gala 2026\u00a0<\/p>\n","protected":false},"excerpt":{"rendered":"<p>La Fundaci\u00f3n MIR celebr\u00f3 con gran \u00e9xito su esperada Magical Splendor Gala 2026 en Casa Grande, en una velada que combin\u00f3 elegancia, solidaridad y compromiso social.\u00a0 El evento tuvo como objetivo principal la recaudaci\u00f3n de fondos para continuar impulsando programas educativos en beneficio de ni\u00f1os y ni\u00f1as de la comunidad. A pesar de las condiciones [&hellip;]<\/p>\n","protected":false},"author":1,"featured_media":9215,"comment_status":"open","ping_status":"open","sticky":false,"template":"","format":"standard","meta":{"amp_status":"","footnotes":""},"categories":[9],"tags":[],"class_list":["post-9551","post","type-post","status-publish","format-standard","has-post-thumbnail","hentry","category-espectaculo"],"_links":{"self":[{"href":"https:\/\/ermdigital.com\/index.php?rest_route=\/wp\/v2\/posts\/9551","targetHints":{"allow":["GET"]}}],"collection":[{"href":"https:\/\/ermdigital.com\/index.php?rest_route=\/wp\/v2\/posts"}],"about":[{"href":"https:\/\/ermdigital.com\/index.php?rest_route=\/wp\/v2\/types\/post"}],"author":[{"embeddable":true,"href":"https:\/\/ermdigital.com\/index.php?rest_route=\/wp\/v2\/users\/1"}],"replies":[{"embeddable":true,"href":"https:\/\/ermdigital.com\/index.php?rest_route=%2Fwp%2Fv2%2Fcomments&post=9551"}],"version-history":[{"count":0,"href":"https:\/\/ermdigital.com\/index.php?rest_route=\/wp\/v2\/posts\/9551\/revisions"}],"wp:featuredmedia":[{"embeddable":true,"href":"https:\/\/ermdigital.com\/index.php?rest_route=\/wp\/v2\/media\/9215"}],"wp:attachment":[{"href":"https:\/\/ermdigital.com\/index.php?rest_route=%2Fwp%2Fv2%2Fmedia&parent=9551"}],"wp:term":[{"taxonomy":"category","embeddable":true,"href":"https:\/\/ermdigital.com\/index.php?rest_route=%2Fwp%2Fv2%2Fcategories&post=9551"},{"taxonomy":"post_tag","embeddable":true,"href":"https:\/\/ermdigital.com\/index.php?rest_route=%2Fwp%2Fv2%2Ftags&post=9551"}],"curies":[{"name":"wp","href":"https:\/\/api.w.org\/{rel}","templated":true}]}}