{"id":9441,"date":"2026-03-30T08:02:00","date_gmt":"2026-03-30T12:02:00","guid":{"rendered":"https:\/\/ermdigital.com\/index.php\/2026\/03\/30\/organdi-la-cancion-que-une-a-diomary-la-mala-y-pat-pereyra\/"},"modified":"2026-03-30T08:02:00","modified_gmt":"2026-03-30T12:02:00","slug":"organdi-la-cancion-que-une-a-diomary-la-mala-y-pat-pereyra","status":"publish","type":"post","link":"https:\/\/ermdigital.com\/?p=9441","title":{"rendered":"\u201cOrgand\u00ed\u201d, la canci\u00f3n que une a Diomary La Mala y Pat Pereyra"},"content":{"rendered":"<p>Las cantantes <strong>Diomary La Mala<\/strong> y <strong>Pat Pereyra<\/strong> dieron a conocer la <strong>canci\u00f3n \u201cOrgand\u00ed\u201d<\/strong>, un tema que forma parte de sus proyectos recientes dentro de la m\u00fasica.<\/p>\n<p>La pieza fue <strong>compuesta por Pereyra<\/strong> y cuenta con la <strong>participaci\u00f3n vocal<\/strong> de ambas artistas. <\/p>\n<p>En el tema, las int\u00e9rpretes desarrollan una narrativa centrada en una historia de corte \u00edntimo, a trav\u00e9s de un formato que combina <strong>elementos contempor\u00e1neos<\/strong> con <strong>recursos tradicionales<\/strong> de la <strong>canci\u00f3n<\/strong>.<\/p>\n<p>\u201c<strong>Organd\u00ed<\/strong>\u201d representa una <strong>colaboraci\u00f3n directa<\/strong> entre ambas cantantes, quienes anteriormente han desarrollado sus carreras en distintos espacios de la escena musical. En esta ocasi\u00f3n, el proyecto las re\u00fane en un <strong>mismo trabajo discogr\u00e1fico<\/strong>.<\/p>\n<div class=\"social-embed mb-4\">\n<div class=\"placeholderYoutube\"><\/div>\n<\/div>\n<h2>M\u00e1s<\/h2>\n<ul>\n<li>El sencillo ya se encuentra disponible en <strong>plataformas digitales<\/strong>, donde ha comenzado a circular <strong>desde su lanzamiento<\/strong>.<\/li>\n<\/ul>\n<div class=\"read-more mb-7\">    <span class=\"block mb-2\">Leer m\u00e1s<\/span>    <\/p>\n<ul class=\"glosa\">\n<li>\n<h3><a href=\"https:\/\/www.diariolibre.com\/revista\/musica\/2024\/01\/31\/declaran-hija-adoptiva-de-santiago-a-diomary-la-mala\/2593288?utm_source=relacionadas&amp;utm_medium=nota&amp;utm_campaign=relacionadas\" title=\"Declaran a Diomary La Mala \u201cHija Adoptiva de Santiago\u201d\">Declaran a Diomary La Mala \u201cHija Adoptiva de Santiago\u201d<\/a><\/h3>\n<\/li>\n<\/ul>\n<\/div>\n<p><\/p>\n<p>\u200bLas cantantes Diomary La Mala y Pat Pereyra dieron a conocer la canci\u00f3n \u201cOrgand\u00ed\u201d, un tema que forma parte de sus proyectos recientes dentro de la m\u00fasica.La pieza fue compuesta por Pereyra y cuenta con la participaci\u00f3n vocal de ambas artistas. En el tema, las int\u00e9rpretes desarrollan una narrativa centrada en una historia de corte \u00edntimo, a trav\u00e9s de un formato que combina elementos contempor\u00e1neos con recursos tradicionales de la canci\u00f3n.\u201cOrgand\u00ed\u201d representa una colaboraci\u00f3n directa entre ambas cantantes, quienes anteriormente han desarrollado sus carreras en distintos espacios de la escena musical. En esta ocasi\u00f3n, el proyecto las re\u00fane en un mismo trabajo discogr\u00e1fico.M\u00e1s    El sencillo ya se encuentra disponible en plataformas digitales, donde ha comenzado a circular desde su lanzamiento.    Leer m\u00e1s                            Declaran a Diomary La Mala \u201cHija Adoptiva de Santiago\u201d\u00a0\u00a0Revista, M\u00fasica, Diario Libre, Santo Domingo, Jazz, Canci\u00f3n, Diomary La Mala, \u201cOrgand\u00ed\u201d, Organd\u00ed, Pat Pereyra\u00a0<\/p>\n","protected":false},"excerpt":{"rendered":"<p>Las cantantes Diomary La Mala y Pat Pereyra dieron a conocer la canci\u00f3n \u201cOrgand\u00ed\u201d, un tema que forma parte de sus proyectos recientes dentro de la m\u00fasica. La pieza fue compuesta por Pereyra y cuenta con la participaci\u00f3n vocal de ambas artistas. En el tema, las int\u00e9rpretes desarrollan una narrativa centrada en una historia de [&hellip;]<\/p>\n","protected":false},"author":1,"featured_media":9159,"comment_status":"open","ping_status":"open","sticky":false,"template":"","format":"standard","meta":{"amp_status":"","footnotes":""},"categories":[9],"tags":[],"class_list":["post-9441","post","type-post","status-publish","format-standard","has-post-thumbnail","hentry","category-espectaculo"],"_links":{"self":[{"href":"https:\/\/ermdigital.com\/index.php?rest_route=\/wp\/v2\/posts\/9441","targetHints":{"allow":["GET"]}}],"collection":[{"href":"https:\/\/ermdigital.com\/index.php?rest_route=\/wp\/v2\/posts"}],"about":[{"href":"https:\/\/ermdigital.com\/index.php?rest_route=\/wp\/v2\/types\/post"}],"author":[{"embeddable":true,"href":"https:\/\/ermdigital.com\/index.php?rest_route=\/wp\/v2\/users\/1"}],"replies":[{"embeddable":true,"href":"https:\/\/ermdigital.com\/index.php?rest_route=%2Fwp%2Fv2%2Fcomments&post=9441"}],"version-history":[{"count":0,"href":"https:\/\/ermdigital.com\/index.php?rest_route=\/wp\/v2\/posts\/9441\/revisions"}],"wp:featuredmedia":[{"embeddable":true,"href":"https:\/\/ermdigital.com\/index.php?rest_route=\/wp\/v2\/media\/9159"}],"wp:attachment":[{"href":"https:\/\/ermdigital.com\/index.php?rest_route=%2Fwp%2Fv2%2Fmedia&parent=9441"}],"wp:term":[{"taxonomy":"category","embeddable":true,"href":"https:\/\/ermdigital.com\/index.php?rest_route=%2Fwp%2Fv2%2Fcategories&post=9441"},{"taxonomy":"post_tag","embeddable":true,"href":"https:\/\/ermdigital.com\/index.php?rest_route=%2Fwp%2Fv2%2Ftags&post=9441"}],"curies":[{"name":"wp","href":"https:\/\/api.w.org\/{rel}","templated":true}]}}