{"id":9350,"date":"2026-03-30T07:42:00","date_gmt":"2026-03-30T11:42:00","guid":{"rendered":"https:\/\/ermdigital.com\/index.php\/2026\/03\/30\/bmi-seguros-realiza-gala-de-la-productividad\/"},"modified":"2026-03-30T07:42:00","modified_gmt":"2026-03-30T11:42:00","slug":"bmi-seguros-realiza-gala-de-la-productividad","status":"publish","type":"post","link":"https:\/\/ermdigital.com\/?p=9350","title":{"rendered":"BMI Seguros realiza Gala de la Productividad"},"content":{"rendered":"<p><strong>BMI Seguros Rep\u00fablica Dominicana<\/strong> <strong>celebr\u00f3<\/strong> la premiaci\u00f3n de su <strong>Gala de la Productividad<\/strong>, un encuentro que reuni\u00f3 a destacadas firmas de <strong>corredores de seguros<\/strong> en una noche dedicada a reconocer el desempe\u00f1o, la <strong>innovaci\u00f3n<\/strong> y el compromiso de los profesionales que impulsan el desarrollo del sector asegurador en el pa\u00eds.<\/p>\n<p>El <strong>evento<\/strong> sirvi\u00f3 como escenario para destacar los resultados alcanzados durante el <strong>2025<\/strong> y para reafirmar la relaci\u00f3n estrat\u00e9gica entre la compa\u00f1\u00eda y su red de corredores, aliados clave en la expansi\u00f3n y consolidaci\u00f3n de las soluciones de protecci\u00f3n que ofrece la empresa.<\/p>\n<p>Durante la ceremonia, <strong>Efr\u00e9n Ortiz<\/strong>, director general de BMI Rep\u00fablica Dominicana, <strong>invit\u00f3<\/strong> a los asistentes a <strong>reflexionar<\/strong> sobre el camino recorrido a lo largo del \u00faltimo a\u00f1o, resaltando los logros que han fortalecido el posicionamiento de la empresa y de sus socios estrat\u00e9gicos en el mercado local.<\/p>\n<p>\u201cEste encuentro nos permite reconocer el esfuerzo, la disciplina y la visi\u00f3n de quienes d\u00eda a d\u00eda contribuyen al crecimiento de nuestra organizaci\u00f3n y al desarrollo del sector asegurador\u201d, expres\u00f3 <strong>Ortiz<\/strong>, al tiempo que agradeci\u00f3 la confianza depositada por los <strong>corredores<\/strong> en la propuesta de valor de BMI.<\/p>\n<p>La gala tambi\u00e9n cont\u00f3 con la <strong>participaci\u00f3n<\/strong> de <strong>Manuel Trujillo<\/strong>, Senior Vice President &amp; Head of LATAM Insurance de BMI, quien comparti\u00f3 con los asistentes la <strong>visi\u00f3n estrat\u00e9gica<\/strong> de la organizaci\u00f3n para el 2026.<\/p>\n<p>Destac\u00f3 las <strong>oportunidades de crecimiento<\/strong> regional y la importancia de continuar impulsando la <strong>innovaci\u00f3n<\/strong>, la excelencia en el servicio y el fortalecimiento de las relaciones con los aliados de la compa\u00f1\u00eda en Am\u00e9rica Latina.<\/p>\n<p><strong>Ver\u00f3nika Ram\u00edrez<\/strong>, directora comercial de BMI Rep. Dominicana, encabez\u00f3 la premiaci\u00f3n anual a los socios comerciales con <strong>mejores resultados<\/strong> en <strong>2025<\/strong>, en categor\u00edas que valoran la productividad, el crecimiento sostenido, la retenci\u00f3n de clientes y la trayectoria dentro del sector asegurador.<\/p>\n<p>Entre los galardonados destacaron <strong>Varlor Holding Corredores de Seguros<\/strong>, S.R.L., reconocido como <strong>Mayor Productor<\/strong>, y <strong>Grupo Montero Torres<\/strong> <strong>Corredores de Seguros<\/strong>, distinguido por registrar el Mayor Volumen de Ventas.<\/p>\n<p>Como parte de los momentos m\u00e1s destacados, se realiz\u00f3 la entrega del <strong>reconocimiento<\/strong> correspondiente a la <strong>Convenci\u00f3n Internacional Berl\u00edn 2026<\/strong>, uno de los incentivos de mayor prestigio dentro del <strong>programa de productividad<\/strong> de la empresa.\u00a0<\/p>\n<p>Asimismo, se anunci\u00f3 oficialmente el <strong>Seminario Internacional 2027<\/strong>, que tendr\u00e1 como destino la ciudad de <strong>Montreal<\/strong>, ampliando las oportunidades de <strong>formaci\u00f3n<\/strong>, networking y proyecci\u00f3n internacional para los corredores aliados.<\/p>\n<h2>M\u00e1s<\/h2>\n<ul>\n<li>La actividad concluy\u00f3 con una <strong>cena maridaje<\/strong> de celebraci\u00f3n que reuni\u00f3 a <strong>ejecutivos<\/strong>, corredores y aliados estrat\u00e9gicos, reafirmando el compromiso de <strong>BMI Seguros<\/strong> con la excelencia y el <strong>crecimiento sostenible<\/strong> del mercado asegurador dominicano.<\/li>\n<\/ul>\n<article class=\"border-t border-b py-5 mb-5 component nota-incrustada\">    <span class=\"block mb-2\"><strong>Te puede interesar<\/strong><\/span>                <\/p>\n<h2><a href=\"https:\/\/www.diariolibre.com\/revista\/sociales\/2025\/10\/08\/bmi-seguros-reafirma-su-compromiso-con-el-mercado-asegurador\/3271473?utm_source=relacionadas&amp;utm_medium=nota&amp;utm_campaign=relacionadas\" title=\"BMI Seguros reafirma su compromiso con el mercado asegurador local\">BMI Seguros reafirma su compromiso con el mercado asegurador local<\/a><\/h2>\n<\/article>\n<p><\/p>\n<p><\/p>\n<p>\u200bBMI Seguros Rep\u00fablica Dominicana celebr\u00f3 la premiaci\u00f3n de su Gala de la Productividad, un encuentro que reuni\u00f3 a destacadas firmas de corredores de seguros en una noche dedicada a reconocer el desempe\u00f1o, la innovaci\u00f3n y el compromiso de los profesionales que impulsan el desarrollo del sector asegurador en el pa\u00eds.El evento sirvi\u00f3 como escenario para destacar los resultados alcanzados durante el 2025 y para reafirmar la relaci\u00f3n estrat\u00e9gica entre la compa\u00f1\u00eda y su red de corredores, aliados clave en la expansi\u00f3n y consolidaci\u00f3n de las soluciones de protecci\u00f3n que ofrece la empresa.Durante la ceremonia, Efr\u00e9n Ortiz, director general de BMI Rep\u00fablica Dominicana, invit\u00f3 a los asistentes a reflexionar sobre el camino recorrido a lo largo del \u00faltimo a\u00f1o, resaltando los logros que han fortalecido el posicionamiento de la empresa y de sus socios estrat\u00e9gicos en el mercado local.\u201cEste encuentro nos permite reconocer el esfuerzo, la disciplina y la visi\u00f3n de quienes d\u00eda a d\u00eda contribuyen al crecimiento de nuestra organizaci\u00f3n y al desarrollo del sector asegurador\u201d, expres\u00f3 Ortiz, al tiempo que agradeci\u00f3 la confianza depositada por los corredores en la propuesta de valor de BMI.La gala tambi\u00e9n cont\u00f3 con la participaci\u00f3n de Manuel Trujillo, Senior Vice President &amp; Head of LATAM Insurance de BMI, quien comparti\u00f3 con los asistentes la visi\u00f3n estrat\u00e9gica de la organizaci\u00f3n para el 2026.Destac\u00f3 las oportunidades de crecimiento regional y la importancia de continuar impulsando la innovaci\u00f3n, la excelencia en el servicio y el fortalecimiento de las relaciones con los aliados de la compa\u00f1\u00eda en Am\u00e9rica Latina.Ver\u00f3nika Ram\u00edrez, directora comercial de BMI Rep. Dominicana, encabez\u00f3 la premiaci\u00f3n anual a los socios comerciales con mejores resultados en 2025, en categor\u00edas que valoran la productividad, el crecimiento sostenido, la retenci\u00f3n de clientes y la trayectoria dentro del sector asegurador.Entre los galardonados destacaron Varlor Holding Corredores de Seguros, S.R.L., reconocido como Mayor Productor, y Grupo Montero Torres Corredores de Seguros, distinguido por registrar el Mayor Volumen de Ventas.Como parte de los momentos m\u00e1s destacados, se realiz\u00f3 la entrega del reconocimiento correspondiente a la Convenci\u00f3n Internacional Berl\u00edn 2026, uno de los incentivos de mayor prestigio dentro del programa de productividad de la empresa.\u00a0Asimismo, se anunci\u00f3 oficialmente el Seminario Internacional 2027, que tendr\u00e1 como destino la ciudad de Montreal, ampliando las oportunidades de formaci\u00f3n, networking y proyecci\u00f3n internacional para los corredores aliados.M\u00e1s    La actividad concluy\u00f3 con una cena maridaje de celebraci\u00f3n que reuni\u00f3 a ejecutivos, corredores y aliados estrat\u00e9gicos, reafirmando el compromiso de BMI Seguros con la excelencia y el crecimiento sostenible del mercado asegurador dominicano.    Te puede interesar                BMI Seguros reafirma su compromiso con el mercado asegurador local\u00a0\u00a0Revista, Sociales, Diario Libre, Santo Domingo, Corredores de Seguros, BMI Seguros, Gala de la Productividad\u00a0<\/p>\n","protected":false},"excerpt":{"rendered":"<p>BMI Seguros Rep\u00fablica Dominicana celebr\u00f3 la premiaci\u00f3n de su Gala de la Productividad, un encuentro que reuni\u00f3 a destacadas firmas de corredores de seguros en una noche dedicada a reconocer el desempe\u00f1o, la innovaci\u00f3n y el compromiso de los profesionales que impulsan el desarrollo del sector asegurador en el pa\u00eds. El evento sirvi\u00f3 como escenario [&hellip;]<\/p>\n","protected":false},"author":1,"featured_media":9114,"comment_status":"open","ping_status":"open","sticky":false,"template":"","format":"standard","meta":{"amp_status":"","footnotes":""},"categories":[9],"tags":[],"class_list":["post-9350","post","type-post","status-publish","format-standard","has-post-thumbnail","hentry","category-espectaculo"],"_links":{"self":[{"href":"https:\/\/ermdigital.com\/index.php?rest_route=\/wp\/v2\/posts\/9350","targetHints":{"allow":["GET"]}}],"collection":[{"href":"https:\/\/ermdigital.com\/index.php?rest_route=\/wp\/v2\/posts"}],"about":[{"href":"https:\/\/ermdigital.com\/index.php?rest_route=\/wp\/v2\/types\/post"}],"author":[{"embeddable":true,"href":"https:\/\/ermdigital.com\/index.php?rest_route=\/wp\/v2\/users\/1"}],"replies":[{"embeddable":true,"href":"https:\/\/ermdigital.com\/index.php?rest_route=%2Fwp%2Fv2%2Fcomments&post=9350"}],"version-history":[{"count":0,"href":"https:\/\/ermdigital.com\/index.php?rest_route=\/wp\/v2\/posts\/9350\/revisions"}],"wp:featuredmedia":[{"embeddable":true,"href":"https:\/\/ermdigital.com\/index.php?rest_route=\/wp\/v2\/media\/9114"}],"wp:attachment":[{"href":"https:\/\/ermdigital.com\/index.php?rest_route=%2Fwp%2Fv2%2Fmedia&parent=9350"}],"wp:term":[{"taxonomy":"category","embeddable":true,"href":"https:\/\/ermdigital.com\/index.php?rest_route=%2Fwp%2Fv2%2Fcategories&post=9350"},{"taxonomy":"post_tag","embeddable":true,"href":"https:\/\/ermdigital.com\/index.php?rest_route=%2Fwp%2Fv2%2Ftags&post=9350"}],"curies":[{"name":"wp","href":"https:\/\/api.w.org\/{rel}","templated":true}]}}