{"id":9126,"date":"2026-03-30T04:30:00","date_gmt":"2026-03-30T08:30:00","guid":{"rendered":"https:\/\/ermdigital.com\/index.php\/2026\/03\/30\/concierto-de-la-soprano-dominicana-nathalie-pena-comas-en-viena\/"},"modified":"2026-03-30T04:30:00","modified_gmt":"2026-03-30T08:30:00","slug":"concierto-de-la-soprano-dominicana-nathalie-pena-comas-en-viena","status":"publish","type":"post","link":"https:\/\/ermdigital.com\/?p=9126","title":{"rendered":"Concierto de la soprano dominicana Nathalie Pe\u00f1a-Comas en Viena"},"content":{"rendered":"<p>Santo Domingo. El pr\u00f3ximo viernes 3 de abril, con motivo de <strong>Viernes Santo<\/strong>, la <strong>soprano dominicana Nathalie Pe\u00f1a-Comas<\/strong> se presentar\u00e1 en la <strong>iglesia Minoritenkirche<\/strong> de Viena, donde interpretar\u00e1 la \u201cPasi\u00f3n seg\u00fan San Juan, BWV 245\u201d, de Johann Sebastian Bach.<\/p>\n<p>La presentaci\u00f3n forma parte de un <strong>concierto de alto nivel<\/strong> que reunir\u00e1 a la <strong>orquesta barroca \u201cLes Orpheistes\u201d<\/strong> y al <strong>Coro ALEA<\/strong>, bajo la direcci\u00f3n del maestro <strong>Martin Sieghart<\/strong>. En escena, la artista compartir\u00e1 con reconocidos <strong>solistas europeos<\/strong> como <strong>Hermine Haselb\u00f6ck<\/strong>, Paul Schweinester, Klemens Sander y G\u00fcnter Haumer.<\/p>\n<p>Este compromiso art\u00edstico reafirma la presencia de <strong>Pe\u00f1a-Comas<\/strong> en escenarios de gran prestigio en <strong>Europa<\/strong>, particularmente en <strong>Austria<\/strong>, uno de los epicentros de la <strong>m\u00fasica cl\u00e1sica<\/strong>.<\/p>\n<p> \u201cEste <strong>concierto<\/strong> me emociona mucho ya que es la primera vez que interpreto esta obra, cuyas arias para soprano requieren de un <strong>virtuosismo vocal<\/strong> y a la vez de gran <strong>dramatismo<\/strong> y <strong>pureza<\/strong>; <strong>Bach<\/strong> conlleva un estilo interpretativo muy \u00fanico\u201d, afirm\u00f3 <strong>Pe\u00f1a-Comas<\/strong>.<\/p>\n<div class=\"w-full pt-2 float-left inside-related\">    <span class=\"border-b border-black pb-3 mb-4 block\"><strong>RELACIONADAS<\/strong><\/span>                <\/p>\n<article class=\"flex flex-wrap border-b pb-4 mb-3 inline-block\">\n<div class=\"xl:w-2\/12 w-4\/12\">\n<figure class=\"mb-0\">                                                    <a href=\"https:\/\/www.diariolibre.com\/revista\/columnistas\/2026\/02\/18\/nathalie-pena-comas-la-voz-como-instrumento\/3440035?utm_source=relacionadas&amp;utm_medium=nota&amp;utm_campaign=relacionadas\" title=\"                                                                                                                            \">                                                                <img decoding=\"async\" loading=\"lazy\" src=\"https:\/\/resources.diariolibre.com\/images\/2026\/02\/17\/nath-9e398c3e-focus-0.01-0.37-149-99.jpg\" width=\"149\" height=\"99\" title=\"Nathalie Pe\u00f1a Comas y la voz como instrumento\" alt=\"Nathalie Pe\u00f1a Comas y la voz como instrumento\" class=\"object-cover\">                                                            <\/a>                                            <\/figure>\n<\/p><\/div>\n<div class=\"xl:w-10\/12 w-8\/12 pl-3\">\n<div class=\"text-md mb-2 meta\">                        <a href=\"https:\/\/www.diariolibre.com\/revista\/columnistas\/escape-cultural\" title=\"Escape\u00a0cultural\">Escape\u00a0cultural<\/a>                    <\/div>\n<h2><a href=\"https:\/\/www.diariolibre.com\/revista\/columnistas\/2026\/02\/18\/nathalie-pena-comas-la-voz-como-instrumento\/3440035?utm_source=relacionadas&amp;utm_medium=nota&amp;utm_campaign=relacionadas\" title=\"Nathalie Pe\u00f1a Comas y la voz como instrumento\">Nathalie Pe\u00f1a Comas y la voz como instrumento<\/a><\/h2>\n<\/p><\/div>\n<\/article>\n<article class=\"flex flex-wrap border-b pb-4 mb-3 inline-block\">\n<div class=\"xl:w-2\/12 w-4\/12\">\n<figure class=\"mb-0\">                                                    <a href=\"https:\/\/www.diariolibre.com\/revista\/cultura\/2025\/07\/07\/nathalie-pena-comas-triunfa-en-la-traviata-en-viena\/3175056?utm_source=relacionadas&amp;utm_medium=nota&amp;utm_campaign=relacionadas\" title=\"                                                                                                                            \">                                                                <img decoding=\"async\" loading=\"lazy\" src=\"https:\/\/resources.diariolibre.com\/images\/2025\/07\/07\/traviata2-0419-68560580-focus-0-0-149-99.jpg\" width=\"149\" height=\"99\" title=\"Nathalie Pe\u00f1a-Comas ovacionada en La Traviata en Viena\" alt=\"Nathalie Pe\u00f1a-Comas ovacionada en La Traviata en Viena\" class=\"object-cover\">                                                            <\/a>                                            <\/figure>\n<\/p><\/div>\n<div class=\"xl:w-10\/12 w-8\/12 pl-3\">\n<div class=\"text-md mb-2 meta\">                        <a href=\"https:\/\/www.diariolibre.com\/revista\/cultura\" title=\"Cultura\">Cultura<\/a>                    <\/div>\n<h2><a href=\"https:\/\/www.diariolibre.com\/revista\/cultura\/2025\/07\/07\/nathalie-pena-comas-triunfa-en-la-traviata-en-viena\/3175056?utm_source=relacionadas&amp;utm_medium=nota&amp;utm_campaign=relacionadas\" title=\"Nathalie Pe\u00f1a-Comas ovacionada en La Traviata en Viena\">Nathalie Pe\u00f1a-Comas ovacionada en La Traviata en Viena<\/a><\/h2>\n<\/p><\/div>\n<\/article><\/div>\n<h2>Conciertos destacados este a\u00f1o<\/h2>\n<p>La cantante ha mantenido una <strong>agenda activa<\/strong> durante todo el a\u00f1o. Inici\u00f3 el 2026 con dos conciertos en <strong>Espa\u00f1a<\/strong>, en el <strong>Auditorio Nacional de M\u00fasica<\/strong> de <strong>Madrid<\/strong> y el <strong>Auditorio Miguel Delibes<\/strong> de <strong>Valladolid<\/strong>, ambos con localidades agotadas.<\/p>\n<p>En febrero, regres\u00f3 a la <strong>Sala Dorada del Musikverein<\/strong> de <strong>Viena<\/strong>, donde ofreci\u00f3 un <strong>concierto<\/strong> dedicado a <strong>Los Enamorados<\/strong>, tambi\u00e9n a casa llena.<\/p>\n<p>M\u00e1s recientemente, en marzo, particip\u00f3 en una versi\u00f3n <strong>concierto<\/strong> de la \u00f3pera \u201c<strong>Carmen<\/strong>\u201d en <strong>Camarillo, California<\/strong>, interpretando el papel de <strong>Micaela<\/strong>.<\/p>\n<ul>\n<li>Su trayectoria ha sido reconocida con el <strong>Premio Soberano 2026<\/strong> como <strong>Artista Cl\u00e1sica Destacada en el Extranjero<\/strong>, consolidando su proyecci\u00f3n internacional.<\/li>\n<li>Actualmente, <strong>Pe\u00f1a-Comas<\/strong> trabaja en una nueva <strong>producci\u00f3n<\/strong> musical en <strong>Los \u00c1ngeles<\/strong>, mientras contin\u00faa posicion\u00e1ndose como una de las voces dominicanas m\u00e1s relevantes en la <strong>escena cl\u00e1sica global<\/strong>.<\/li>\n<\/ul>\n<p>\u200bSanto Domingo. El pr\u00f3ximo viernes 3 de abril, con motivo de Viernes Santo, la soprano dominicana Nathalie Pe\u00f1a-Comas se presentar\u00e1 en la iglesia Minoritenkirche de Viena, donde interpretar\u00e1 la \u201cPasi\u00f3n seg\u00fan San Juan, BWV 245\u201d, de Johann Sebastian Bach.La presentaci\u00f3n forma parte de un concierto de alto nivel que reunir\u00e1 a la orquesta barroca \u201cLes Orpheistes\u201d y al Coro ALEA, bajo la direcci\u00f3n del maestro Martin Sieghart. En escena, la artista compartir\u00e1 con reconocidos solistas europeos como Hermine Haselb\u00f6ck, Paul Schweinester, Klemens Sander y G\u00fcnter Haumer.Este compromiso art\u00edstico reafirma la presencia de Pe\u00f1a-Comas en escenarios de gran prestigio en Europa, particularmente en Austria, uno de los epicentros de la m\u00fasica cl\u00e1sica. \u201cEste concierto me emociona mucho ya que es la primera vez que interpreto esta obra, cuyas arias para soprano requieren de un virtuosismo vocal y a la vez de gran dramatismo y pureza; Bach conlleva un estilo interpretativo muy \u00fanico\u201d, afirm\u00f3 Pe\u00f1a-Comas.    RELACIONADAS                                                                                                                                                                                                                                                                                                                                                            Escape\u00a0cultural                                        Nathalie Pe\u00f1a Comas y la voz como instrumento                                                                                                                                                                                                                                                                                                                                                                                            Cultura                                        Nathalie Pe\u00f1a-Comas ovacionada en La Traviata en Viena                                    Conciertos destacados este a\u00f1oLa cantante ha mantenido una agenda activa durante todo el a\u00f1o. Inici\u00f3 el 2026 con dos conciertos en Espa\u00f1a, en el Auditorio Nacional de M\u00fasica de Madrid y el Auditorio Miguel Delibes de Valladolid, ambos con localidades agotadas.En febrero, regres\u00f3 a la Sala Dorada del Musikverein de Viena, donde ofreci\u00f3 un concierto dedicado a Los Enamorados, tambi\u00e9n a casa llena.M\u00e1s recientemente, en marzo, particip\u00f3 en una versi\u00f3n concierto de la \u00f3pera \u201cCarmen\u201d en Camarillo, California, interpretando el papel de Micaela.    Su trayectoria ha sido reconocida con el Premio Soberano 2026 como Artista Cl\u00e1sica Destacada en el Extranjero, consolidando su proyecci\u00f3n internacional.    Actualmente, Pe\u00f1a-Comas trabaja en una nueva producci\u00f3n musical en Los \u00c1ngeles, mientras contin\u00faa posicion\u00e1ndose como una de las voces dominicanas m\u00e1s relevantes en la escena cl\u00e1sica global.\u00a0\u00a0Revista, Cultura, Diario Libre, Viena, Concierto, Nathalie Pe\u00f1a-Comas, Semana Santa, Viernes Santo, Pasi\u00f3n seg\u00fan San Juan Bach, soprano dominicana Nathalie Pe\u00f1a-Comas\u00a0<\/p>\n","protected":false},"excerpt":{"rendered":"<p>Santo Domingo. El pr\u00f3ximo viernes 3 de abril, con motivo de Viernes Santo, la soprano dominicana Nathalie Pe\u00f1a-Comas se presentar\u00e1 en la iglesia Minoritenkirche de Viena, donde interpretar\u00e1 la \u201cPasi\u00f3n seg\u00fan San Juan, BWV 245\u201d, de Johann Sebastian Bach. La presentaci\u00f3n forma parte de un concierto de alto nivel que reunir\u00e1 a la orquesta barroca [&hellip;]<\/p>\n","protected":false},"author":1,"featured_media":8957,"comment_status":"open","ping_status":"open","sticky":false,"template":"","format":"standard","meta":{"amp_status":"","footnotes":""},"categories":[9],"tags":[],"class_list":["post-9126","post","type-post","status-publish","format-standard","has-post-thumbnail","hentry","category-espectaculo"],"_links":{"self":[{"href":"https:\/\/ermdigital.com\/index.php?rest_route=\/wp\/v2\/posts\/9126","targetHints":{"allow":["GET"]}}],"collection":[{"href":"https:\/\/ermdigital.com\/index.php?rest_route=\/wp\/v2\/posts"}],"about":[{"href":"https:\/\/ermdigital.com\/index.php?rest_route=\/wp\/v2\/types\/post"}],"author":[{"embeddable":true,"href":"https:\/\/ermdigital.com\/index.php?rest_route=\/wp\/v2\/users\/1"}],"replies":[{"embeddable":true,"href":"https:\/\/ermdigital.com\/index.php?rest_route=%2Fwp%2Fv2%2Fcomments&post=9126"}],"version-history":[{"count":0,"href":"https:\/\/ermdigital.com\/index.php?rest_route=\/wp\/v2\/posts\/9126\/revisions"}],"wp:featuredmedia":[{"embeddable":true,"href":"https:\/\/ermdigital.com\/index.php?rest_route=\/wp\/v2\/media\/8957"}],"wp:attachment":[{"href":"https:\/\/ermdigital.com\/index.php?rest_route=%2Fwp%2Fv2%2Fmedia&parent=9126"}],"wp:term":[{"taxonomy":"category","embeddable":true,"href":"https:\/\/ermdigital.com\/index.php?rest_route=%2Fwp%2Fv2%2Fcategories&post=9126"},{"taxonomy":"post_tag","embeddable":true,"href":"https:\/\/ermdigital.com\/index.php?rest_route=%2Fwp%2Fv2%2Ftags&post=9126"}],"curies":[{"name":"wp","href":"https:\/\/api.w.org\/{rel}","templated":true}]}}