{"id":9088,"date":"2026-03-30T10:33:23","date_gmt":"2026-03-30T14:33:23","guid":{"rendered":"https:\/\/ermdigital.com\/index.php\/2026\/03\/30\/sns-deja-iniciados-los-trabajos-de-construccion-del-nuevo-hospital-provincial-dr-aristides-fiallo-en-la-romana\/"},"modified":"2026-03-30T10:33:23","modified_gmt":"2026-03-30T14:33:23","slug":"sns-deja-iniciados-los-trabajos-de-construccion-del-nuevo-hospital-provincial-dr-aristides-fiallo-en-la-romana","status":"publish","type":"post","link":"https:\/\/ermdigital.com\/?p=9088","title":{"rendered":"SNS deja iniciados los trabajos de construcci\u00f3n del nuevo Hospital Provincial Dr. Ar\u00edstides Fiallo en La Romana"},"content":{"rendered":"<p><span class=\"field field--name-title field--type-string field--label-hidden\">SNS deja iniciados los trabajos de construcci\u00f3n del nuevo Hospital Provincial Dr. Ar\u00edstides Fiallo en La Romana <\/span><br \/>\n<span class=\"field field--name-uid field--type-entity-reference field--label-hidden\"><span>victorreyes<\/span><\/span><br \/>\n<span class=\"field field--name-created field--type-created field--label-hidden\"><time datetime=\"2026-03-30T10:33:23-04:00\" title=\"Lunes, Marzo 30, 2026 - 10:33\" class=\"datetime\">30 de  Marzo 2026 | 10:33<\/time><br \/>\n<\/span><\/p>\n<div class=\"clearfix text-formatted field field--name-body field--type-text-with-summary field--label-hidden field__item\">\n<p><span>Santo Domingo.\u2013 El director ejecutivo del Servicio Nacional de Salud (SNS), <strong>doctor Julio Landr\u00f3n<\/strong>, dio los palazos para la construcci\u00f3n del nuevo <strong>Hospital Provincial Dr. Ar\u00edstides Fiallo,\u00a0<\/strong>en La Romana, y el remozamiento del <strong>Hospital Provincial Materno Infantil Nuestra Se\u00f1ora de la Altagracia<\/strong>, de Hig\u00fcey, como parte del proceso continuo de transformaci\u00f3n y fortalecimiento de la Red P\u00fablica.<\/span><\/p>\n<p><span>El titular del SNS resalt\u00f3 que estas intervenciones responden a la visi\u00f3n del <strong>primer mandatario Luis Abinader<\/strong> de consolidar un sistema sanitario <strong>m\u00e1s resolutivo<\/strong>, organizado y centrado en las necesidades de la poblaci\u00f3n.\u00a0<\/span><\/p>\n<p><em><span>\u201cLa humanizaci\u00f3n debe estar siempre presente en cada acci\u00f3n que desarrollamos. Agradecemos profundamente la confianza de nuestro presidente, depositada en nosotros, la cual nos impulsa a seguir trabajando con compromiso para continuar fortaleciendo la Red P\u00fablica de Servicios de Salud\u201d,<\/span><\/em><span> expres\u00f3.<\/span><\/p>\n<p><span>La construcci\u00f3n del <strong>Hospital Provincial Dr. Ar\u00edstides Fiallo<\/strong> contar\u00e1 con una inversi\u00f3n total de <strong>RD 696,150,889.73,<\/strong> destinada a dotar al centro de una <strong>infraestructura moderna y equipamiento<\/strong> alineado con los est\u00e1ndares actuales de atenci\u00f3n hospitalaria. El establecimiento dispondr\u00e1 de un \u00e1rea de Consulta Externa con seis consultorios polivalentes, pediatr\u00eda, odontolog\u00eda, vacunaci\u00f3n, facturaci\u00f3n y salas de espera adecuadamente acondicionadas.<\/span><\/p>\n<p><span>Asimismo, integrar\u00e1 un completo bloque diagn\u00f3stico con servicios de sonograf\u00eda, rayos X, tomograf\u00eda, resonancia magn\u00e9tica y laboratorio cl\u00ednico. Tambi\u00e9n incorporar\u00e1 un bloque quir\u00fargico con cuatro quir\u00f3fanos, \u00e1reas de preparaci\u00f3n y recuperaci\u00f3n, <strong>Unidad de Cuidados Intensivos<\/strong>, central de esterilizaci\u00f3n y abastecimiento de medicamentos.<\/span><\/p>\n<p><span>En el \u00e1rea de internamiento, el hospital contar\u00e1 con <strong>52 camas<\/strong> distribuidas en habitaciones dobles y privadas, adem\u00e1s de estaciones de enfermer\u00eda y \u00e1reas de descanso para el personal de salud. La Emergencia estar\u00e1 equipada con triaje, observaci\u00f3n, nebulizaci\u00f3n, trauma shock, cura, yeso y estaciones de enfermer\u00eda, garantizando una <strong>atenci\u00f3n integral ante situaciones cr\u00edticas<\/strong>, junto con servicios generales esenciales para su operatividad.<\/span><\/p>\n<p><span>En paralelo, el remozamiento del <strong>Hospital Provincial Materno Infantil Nuestra Se\u00f1ora de la Altagracia<\/strong> contar\u00e1 con una inversi\u00f3n de <strong>RD 226,425,905.23<\/strong>, orientada a la rehabilitaci\u00f3n integral de sus \u00e1reas, fortalecimiento de los servicios materno-infantiles y dotaci\u00f3n del equipamiento necesario.\u00a0<\/span><\/p>\n<p><span>Los trabajos contemplan la adecuaci\u00f3n de consulta externa con servicios de pediatr\u00eda, ginecolog\u00eda, odontolog\u00eda y \u00e1reas de apoyo, as\u00ed como el fortalecimiento del bloque diagn\u00f3stico con <strong>banco de sangre, electrocardiograma, sonograf\u00eda y patolog\u00eda.<\/strong><\/span><\/p>\n<p><span>Igualmente, se intervendr\u00e1n \u00e1reas administrativas como Direcci\u00f3n, Subdirecci\u00f3n, Estad\u00edsticas, Epidemiolog\u00eda y Auditor\u00eda M\u00e9dica para optimizar la gesti\u00f3n del centro. En el \u00e1rea de internamiento se habilitar\u00e1n habitaciones dobles, estaciones de enfermer\u00eda y espacios de descanso, mientras que la <strong>Unidad de Cuidados Intensivos Neonatales<\/strong> (UCIN) ser\u00e1 fortalecida con siete incubadoras y un \u00e1rea de neonatolog\u00eda con <strong>12 cunas.<\/strong><\/span><\/p>\n<p><span><strong>Recorrido por los hospitales de la Ciudad Sanitaria Evangelina Rodr\u00edguez Perozo\u00a0<\/strong><\/span><\/p>\n<p><span>El director ejecutivo del Servicio Nacional de Salud (SNS), <strong>doctor Julio Landr\u00f3n<\/strong>, y el ministro de Vivienda y Edificaciones (Mived), <strong>Ito Bison\u00f3<\/strong>, realizaron un recorrido de supervisi\u00f3n en la <strong>Ciudad Sanitaria Evangelina Rodr\u00edguez Perozo<\/strong>, ubicada en Villa Mella. Durante la jornada, los funcionarios verificaron las \u00e1reas operativas de los hospitales <strong>Traumatol\u00f3gico Ney Arias Lora; Pedi\u00e1trico Hugo Mendoza; Materno Reynaldo Alm\u00e1nzar y el General Mario Tolentino Dipp,<\/strong> con el fin de evaluar el desempe\u00f1o de los servicios y la capacidad de respuesta de estos centros especializados.<\/span><\/p>\n<p><span>Esta iniciativa busca identificar necesidades estrat\u00e9gicas de equipamiento y <strong>optimizar las condiciones de atenci\u00f3n<\/strong> para fortalecer la calidad asistencial en la Red P\u00fablica.\u00a0<\/span><\/p>\n<p><span>Mediante este trabajo articulado entre el <strong>SNS y el Mived<\/strong>, el Gobierno dominicano reafirma su compromiso de consolidar un sistema de salud m\u00e1s moderno, eficiente y digno, asegurando que las instalaciones hospitalarias <strong>respondan de manera oportuna<\/strong> a las demandas actuales de la poblaci\u00f3n.<\/span><\/p>\n<p><span><strong>Puesta en funcionamiento de la Unidad Psicotrauma del Ney Arias Lora<\/strong><\/span><\/p>\n<p><span>Posteriormente, el titular del SNS, doctor Julio Landr\u00f3n, dej\u00f3 en funcionamiento la nueva <strong>Unidad de Psicotrauma del Hospital Traumatol\u00f3gico Ney Arias Lora<\/strong>, la cual marca un avance significativo en la atenci\u00f3n integral de pacientes en estado cr\u00edtico, al incorporar <strong>apoyo psicol\u00f3gico<\/strong> desde el momento de su ingreso al hospital. Este espacio contar\u00e1 con <strong>profesionales especializados<\/strong> que brindar\u00e1n acompa\u00f1amiento tanto a los pacientes traumatizados como a sus familiares, abordando de manera simult\u00e1nea las <strong>secuelas emocionales y f\u00edsicas<\/strong> derivadas de accidentes y situaciones de alta complejidad.<\/span><\/p>\n<\/div>\n<div class=\"field field--name-field-image field--type-image field--label-hidden field__item\">  <img decoding=\"async\" loading=\"lazy\" src=\"https:\/\/www.presidencia.gob.do\/sites\/default\/files\/news\/2026-03\/Foto%20web_69.jpg\" width=\"1300\" height=\"730\" alt=\"SNS\"><\/p>\n<\/div>\n<p>\u00a0SNS deja iniciados los trabajos de construcci\u00f3n del nuevo Hospital Provincial Dr. Ar\u00edstides Fiallo en La Romana<br \/>\nvictorreyes<br \/>\n30 de  Marzo 2026 | 10:33<\/p>\n<p>            Santo Domingo.\u2013 El director ejecutivo del Servicio Nacional de Salud (SNS), doctor Julio Landr\u00f3n, dio los palazos para la construcci\u00f3n del nuevo Hospital Provincial Dr. Ar\u00edstides Fiallo,\u00a0en La Romana, y el remozamiento del Hospital Provincial Materno Infantil Nuestra Se\u00f1ora de la Altagracia, de Hig\u00fcey, como parte del proceso continuo de transformaci\u00f3n y fortalecimiento de la Red P\u00fablica.<br \/>\nEl titular del SNS resalt\u00f3 que estas intervenciones responden a la visi\u00f3n del primer mandatario Luis Abinader de consolidar un sistema sanitario m\u00e1s resolutivo, organizado y centrado en las necesidades de la poblaci\u00f3n.\u00a0<br \/>\n\u201cLa humanizaci\u00f3n debe estar siempre presente en cada acci\u00f3n que desarrollamos. Agradecemos profundamente la confianza de nuestro presidente, depositada en nosotros, la cual nos impulsa a seguir trabajando con compromiso para continuar fortaleciendo la Red P\u00fablica de Servicios de Salud\u201d, expres\u00f3.<br \/>\nLa construcci\u00f3n del Hospital Provincial Dr. Ar\u00edstides Fiallo contar\u00e1 con una inversi\u00f3n total de RD 696,150,889.73, destinada a dotar al centro de una infraestructura moderna y equipamiento alineado con los est\u00e1ndares actuales de atenci\u00f3n hospitalaria. El establecimiento dispondr\u00e1 de un \u00e1rea de Consulta Externa con seis consultorios polivalentes, pediatr\u00eda, odontolog\u00eda, vacunaci\u00f3n, facturaci\u00f3n y salas de espera adecuadamente acondicionadas.<br \/>\nAsimismo, integrar\u00e1 un completo bloque diagn\u00f3stico con servicios de sonograf\u00eda, rayos X, tomograf\u00eda, resonancia magn\u00e9tica y laboratorio cl\u00ednico. Tambi\u00e9n incorporar\u00e1 un bloque quir\u00fargico con cuatro quir\u00f3fanos, \u00e1reas de preparaci\u00f3n y recuperaci\u00f3n, Unidad de Cuidados Intensivos, central de esterilizaci\u00f3n y abastecimiento de medicamentos.<br \/>\nEn el \u00e1rea de internamiento, el hospital contar\u00e1 con 52 camas distribuidas en habitaciones dobles y privadas, adem\u00e1s de estaciones de enfermer\u00eda y \u00e1reas de descanso para el personal de salud. La Emergencia estar\u00e1 equipada con triaje, observaci\u00f3n, nebulizaci\u00f3n, trauma shock, cura, yeso y estaciones de enfermer\u00eda, garantizando una atenci\u00f3n integral ante situaciones cr\u00edticas, junto con servicios generales esenciales para su operatividad.<br \/>\nEn paralelo, el remozamiento del Hospital Provincial Materno Infantil Nuestra Se\u00f1ora de la Altagracia contar\u00e1 con una inversi\u00f3n de RD 226,425,905.23, orientada a la rehabilitaci\u00f3n integral de sus \u00e1reas, fortalecimiento de los servicios materno-infantiles y dotaci\u00f3n del equipamiento necesario.\u00a0<br \/>\nLos trabajos contemplan la adecuaci\u00f3n de consulta externa con servicios de pediatr\u00eda, ginecolog\u00eda, odontolog\u00eda y \u00e1reas de apoyo, as\u00ed como el fortalecimiento del bloque diagn\u00f3stico con banco de sangre, electrocardiograma, sonograf\u00eda y patolog\u00eda.<br \/>\nIgualmente, se intervendr\u00e1n \u00e1reas administrativas como Direcci\u00f3n, Subdirecci\u00f3n, Estad\u00edsticas, Epidemiolog\u00eda y Auditor\u00eda M\u00e9dica para optimizar la gesti\u00f3n del centro. En el \u00e1rea de internamiento se habilitar\u00e1n habitaciones dobles, estaciones de enfermer\u00eda y espacios de descanso, mientras que la Unidad de Cuidados Intensivos Neonatales (UCIN) ser\u00e1 fortalecida con siete incubadoras y un \u00e1rea de neonatolog\u00eda con 12 cunas.<br \/>\nRecorrido por los hospitales de la Ciudad Sanitaria Evangelina Rodr\u00edguez Perozo\u00a0<br \/>\nEl director ejecutivo del Servicio Nacional de Salud (SNS), doctor Julio Landr\u00f3n, y el ministro de Vivienda y Edificaciones (Mived), Ito Bison\u00f3, realizaron un recorrido de supervisi\u00f3n en la Ciudad Sanitaria Evangelina Rodr\u00edguez Perozo, ubicada en Villa Mella. Durante la jornada, los funcionarios verificaron las \u00e1reas operativas de los hospitales Traumatol\u00f3gico Ney Arias Lora; Pedi\u00e1trico Hugo Mendoza; Materno Reynaldo Alm\u00e1nzar y el General Mario Tolentino Dipp, con el fin de evaluar el desempe\u00f1o de los servicios y la capacidad de respuesta de estos centros especializados.<br \/>\nEsta iniciativa busca identificar necesidades estrat\u00e9gicas de equipamiento y optimizar las condiciones de atenci\u00f3n para fortalecer la calidad asistencial en la Red P\u00fablica.\u00a0<br \/>\nMediante este trabajo articulado entre el SNS y el Mived, el Gobierno dominicano reafirma su compromiso de consolidar un sistema de salud m\u00e1s moderno, eficiente y digno, asegurando que las instalaciones hospitalarias respondan de manera oportuna a las demandas actuales de la poblaci\u00f3n.<br \/>\nPuesta en funcionamiento de la Unidad Psicotrauma del Ney Arias Lora<br \/>\nPosteriormente, el titular del SNS, doctor Julio Landr\u00f3n, dej\u00f3 en funcionamiento la nueva Unidad de Psicotrauma del Hospital Traumatol\u00f3gico Ney Arias Lora, la cual marca un avance significativo en la atenci\u00f3n integral de pacientes en estado cr\u00edtico, al incorporar apoyo psicol\u00f3gico desde el momento de su ingreso al hospital. Este espacio contar\u00e1 con profesionales especializados que brindar\u00e1n acompa\u00f1amiento tanto a los pacientes traumatizados como a sus familiares, abordando de manera simult\u00e1nea las secuelas emocionales y f\u00edsicas derivadas de accidentes y situaciones de alta complejidad.\u00a0\u00a0\u00a0<\/p>\n","protected":false},"excerpt":{"rendered":"<p>SNS deja iniciados los trabajos de construcci\u00f3n del nuevo Hospital Provincial Dr. Ar\u00edstides Fiallo en La Romana victorreyes 30 de Marzo 2026 | 10:33 Santo Domingo.\u2013 El director ejecutivo del Servicio Nacional de Salud (SNS), doctor Julio Landr\u00f3n, dio los palazos para la construcci\u00f3n del nuevo Hospital Provincial Dr. Ar\u00edstides Fiallo,\u00a0en La Romana, y el [&hellip;]<\/p>\n","protected":false},"author":1,"featured_media":9089,"comment_status":"open","ping_status":"open","sticky":false,"template":"","format":"standard","meta":{"amp_status":"","footnotes":""},"categories":[8],"tags":[],"class_list":["post-9088","post","type-post","status-publish","format-standard","has-post-thumbnail","hentry","category-republica"],"_links":{"self":[{"href":"https:\/\/ermdigital.com\/index.php?rest_route=\/wp\/v2\/posts\/9088","targetHints":{"allow":["GET"]}}],"collection":[{"href":"https:\/\/ermdigital.com\/index.php?rest_route=\/wp\/v2\/posts"}],"about":[{"href":"https:\/\/ermdigital.com\/index.php?rest_route=\/wp\/v2\/types\/post"}],"author":[{"embeddable":true,"href":"https:\/\/ermdigital.com\/index.php?rest_route=\/wp\/v2\/users\/1"}],"replies":[{"embeddable":true,"href":"https:\/\/ermdigital.com\/index.php?rest_route=%2Fwp%2Fv2%2Fcomments&post=9088"}],"version-history":[{"count":0,"href":"https:\/\/ermdigital.com\/index.php?rest_route=\/wp\/v2\/posts\/9088\/revisions"}],"wp:featuredmedia":[{"embeddable":true,"href":"https:\/\/ermdigital.com\/index.php?rest_route=\/wp\/v2\/media\/9089"}],"wp:attachment":[{"href":"https:\/\/ermdigital.com\/index.php?rest_route=%2Fwp%2Fv2%2Fmedia&parent=9088"}],"wp:term":[{"taxonomy":"category","embeddable":true,"href":"https:\/\/ermdigital.com\/index.php?rest_route=%2Fwp%2Fv2%2Fcategories&post=9088"},{"taxonomy":"post_tag","embeddable":true,"href":"https:\/\/ermdigital.com\/index.php?rest_route=%2Fwp%2Fv2%2Ftags&post=9088"}],"curies":[{"name":"wp","href":"https:\/\/api.w.org\/{rel}","templated":true}]}}