{"id":9075,"date":"2026-03-29T12:40:00","date_gmt":"2026-03-29T16:40:00","guid":{"rendered":"https:\/\/ermdigital.com\/index.php\/2026\/03\/29\/la-modelo-dominicana-arlenis-sosa-se-convierte-en-madre\/"},"modified":"2026-03-29T12:40:00","modified_gmt":"2026-03-29T16:40:00","slug":"la-modelo-dominicana-arlenis-sosa-se-convierte-en-madre","status":"publish","type":"post","link":"https:\/\/ermdigital.com\/?p=9075","title":{"rendered":"La modelo dominicana Arlenis Sosa se convierte en madre"},"content":{"rendered":"<p>La <strong>supermodelo dominicana<\/strong> <strong>Arlenis Sosa<\/strong> <strong>se convirti\u00f3 en madre<\/strong> por primera vez, una noticia que ha llenado de alegr\u00eda tanto a sus seguidores como al mundo de la moda.<\/p>\n<p>La estrella de las pasarelas dio a conocer la llegada de su <strong>primer hijo<\/strong>,\u00a0fruto de su relaci\u00f3n con su esposo, <strong>John McCarty,\u00a0<\/strong>a trav\u00e9s de sus <strong>redes sociales<\/strong>, donde comparti\u00f3 un emotivo mensaje acompa\u00f1ado de <strong>fotograf\u00edas<\/strong> familiares.<\/p>\n<p>\u201c<strong>Cuatro semanas<\/strong> con nuestro <strong>precioso beb\u00e9<\/strong>. Nuestro mayor regalo. Te amamos infinitamente. Gracias a todos por el amor y el apoyo desde su llegada\u201d, expres\u00f3 la <strong>modelo de 36 a\u00f1os<\/strong>.<\/p>\n<div class=\"w-full pt-2 float-left inside-related\">    <span class=\"border-b border-black pb-3 mb-4 block\"><strong>RELACIONADAS<\/strong><\/span>                <\/p>\n<article class=\"flex flex-wrap border-b pb-4 mb-3 inline-block\">\n<div class=\"xl:w-2\/12 w-4\/12\">\n<figure class=\"mb-0\">                                                    <a href=\"https:\/\/www.diariolibre.com\/revista\/farandula\/2025\/10\/15\/supermodelo-dominicana-arlenis-sosa-anuncia-embarazo\/3278802?utm_source=relacionadas&amp;utm_medium=nota&amp;utm_campaign=relacionadas\" title=\"                                                                                                                            \">                                                                <img decoding=\"async\" loading=\"lazy\" src=\"https:\/\/resources.diariolibre.com\/images\/2025\/10\/15\/supermodelo-dominicana-arlenis-sosa-anuncia-embarazo-5e0bf6a9-focus-0.2-0.37-149-99.jpg\" width=\"149\" height=\"99\" title=\"La supermodelo dominicana Arlenis Sosa anuncia que est\u00e1 embarazada\" alt=\"La supermodelo dominicana Arlenis Sosa anuncia que est\u00e1 embarazada\" class=\"object-cover\">                                                            <\/a>                                            <\/figure>\n<\/p><\/div>\n<div class=\"xl:w-10\/12 w-8\/12 pl-3\">\n<div class=\"text-md mb-2 meta\">                        <a href=\"https:\/\/www.diariolibre.com\/revista\/farandula\" title=\"Far\u00e1ndula\">Far\u00e1ndula<\/a>                    <\/div>\n<h2><a href=\"https:\/\/www.diariolibre.com\/revista\/farandula\/2025\/10\/15\/supermodelo-dominicana-arlenis-sosa-anuncia-embarazo\/3278802?utm_source=relacionadas&amp;utm_medium=nota&amp;utm_campaign=relacionadas\" title=\"La supermodelo dominicana Arlenis Sosa anuncia que est\u00e1 embarazada\">La supermodelo dominicana Arlenis Sosa anuncia que est\u00e1 embarazada<\/a><\/h2>\n<\/p><\/div>\n<\/article><\/div>\n<div class=\"social-embed mb-4\">\n<blockquote class=\"instagram-media\" data-instgrm-captioned=\"\" data-instgrm-permalink=\"https:\/\/www.instagram.com\/p\/DWebaIulQp_\/?utm_source=ig_embed&amp;utm_campaign=loading\" data-instgrm-version=\"14\">\n<div> <a href=\"https:\/\/www.instagram.com\/p\/DWebaIulQp_\/?utm_source=ig_embed&amp;utm_campaign=loading\" target=\"_blank\" title=\"       View this post on Instagram            \" rel=\"nofollow noopener noreferrer\"> <\/p>\n<div>\n<div><\/div>\n<div>\n<div><\/div>\n<div><\/div>\n<\/div>\n<\/div>\n<div><\/div>\n<div><\/div>\n<div>\n<div>View this post on Instagram<\/div>\n<\/div>\n<div><\/div>\n<div>\n<div>\n<div><\/div>\n<div><\/div>\n<div><\/div>\n<\/div>\n<div>\n<div><\/div>\n<div><\/div>\n<\/div>\n<div>\n<div><\/div>\n<div><\/div>\n<div><\/div>\n<\/div>\n<\/div>\n<div>\n<div><\/div>\n<div><\/div>\n<\/div>\n<p><\/a><\/p>\n<p><a href=\"https:\/\/www.instagram.com\/p\/DWebaIulQp_\/?utm_source=ig_embed&amp;utm_campaign=loading\" target=\"_blank\" title=\"A post shared by Arlenis Sosa   (@arlenissosa)\" rel=\"nofollow noopener noreferrer\">A post shared by Arlenis Sosa   (@arlenissosa)<\/a><\/p>\n<\/div>\n<\/blockquote>\n<div class=\"lazyload\" data-script=\"https:\/\/www.instagram.com\/embed.js\"><\/div>\n<\/div>\n<p>En ocubre de 2025, Arlenis revel\u00f3 su <strong>estado de embarazo<\/strong>. M\u00e1s reciente, public\u00f3 una <strong>reflexi\u00f3n<\/strong> de lo que ha sido esta etapa en su vida. \"Estoy muy agradecida por este viaje, ha sido una verdadera bendici\u00f3n. Cargarte y conocerte, peque\u00f1ito, me ha cambiado la vida por completo. Gracias por elegirme y por elegirnos. Tu Mam\u00e1 te ama much\u00edsimo\".<\/p>\n<p>La noticia del <strong>nacimiento<\/strong> llega tras un a\u00f1o de <strong>grandes cambios personales<\/strong> para Sosa. En febrero de 2025, contrajo matrimonio con McCarty en una <strong>ceremonia \u00edntima<\/strong> celebrada en <strong>Cap Cana<\/strong>, descrita por la propia <strong>modelo<\/strong> como \u201cun <strong>d\u00eda lleno de amor<\/strong>, promesas y agradecimiento\u201d.<\/p>\n<div class=\"social-embed mb-4\">\n<blockquote class=\"instagram-media\" data-instgrm-captioned=\"\" data-instgrm-permalink=\"https:\/\/www.instagram.com\/p\/DVT4x8GFVvt\/?utm_source=ig_embed&amp;utm_campaign=loading\" data-instgrm-version=\"14\">\n<div> <a href=\"https:\/\/www.instagram.com\/p\/DVT4x8GFVvt\/?utm_source=ig_embed&amp;utm_campaign=loading\" target=\"_blank\" title=\"       View this post on Instagram            \" rel=\"nofollow noopener noreferrer\"> <\/p>\n<div>\n<div><\/div>\n<div>\n<div><\/div>\n<div><\/div>\n<\/div>\n<\/div>\n<div><\/div>\n<div><\/div>\n<div>\n<div>View this post on Instagram<\/div>\n<\/div>\n<div><\/div>\n<div>\n<div>\n<div><\/div>\n<div><\/div>\n<div><\/div>\n<\/div>\n<div>\n<div><\/div>\n<div><\/div>\n<\/div>\n<div>\n<div><\/div>\n<div><\/div>\n<div><\/div>\n<\/div>\n<\/div>\n<div>\n<div><\/div>\n<div><\/div>\n<\/div>\n<p><\/a><\/p>\n<p><a href=\"https:\/\/www.instagram.com\/p\/DVT4x8GFVvt\/?utm_source=ig_embed&amp;utm_campaign=loading\" target=\"_blank\" title=\"A post shared by Arlenis Sosa   (@arlenissosa)\" rel=\"nofollow noopener noreferrer\">A post shared by Arlenis Sosa   (@arlenissosa)<\/a><\/p>\n<\/div>\n<\/blockquote><\/div>\n<p>En 2008 se convirti\u00f3 en <strong>portavoz<\/strong> de la casa parisina de cosm\u00e9tica y perfumer\u00eda <strong>Lanc\u00f4me<\/strong>, model\u00f3 en el Victoria Secret&#8217;s Fashion Show de 2008 la cual se convirti\u00f3 en <strong>modelo<\/strong> oficial de la marca <strong>Victoria&#8217;s Secret<\/strong> en el 2012 apareciendo en varias de sus campa\u00f1as.<\/p>\n<p>Adem\u00e1s, ha desfilado para algunos de los m\u00e1s prestigiosos dise\u00f1adores y casas de moda del mundo, incluyendo a <strong>Ralph Lauren<\/strong>, <strong>Michael Kors<\/strong>, John Galliano, Emanuel Ungaro, Hussein Chalayan, Alexander Wang, <strong>Jean Paul Gaultier<\/strong>, Herm\u00e8s, Bottega Veneta, Anna Sui, Carolina Herrera, Donna Karan.<\/p>\n<p>\u200bLa supermodelo dominicana Arlenis Sosa se convirti\u00f3 en madre por primera vez, una noticia que ha llenado de alegr\u00eda tanto a sus seguidores como al mundo de la moda.La estrella de las pasarelas dio a conocer la llegada de su primer hijo,\u00a0fruto de su relaci\u00f3n con su esposo, John McCarty,\u00a0a trav\u00e9s de sus redes sociales, donde comparti\u00f3 un emotivo mensaje acompa\u00f1ado de fotograf\u00edas familiares.\u201cCuatro semanas con nuestro precioso beb\u00e9. Nuestro mayor regalo. Te amamos infinitamente. Gracias a todos por el amor y el apoyo desde su llegada\u201d, expres\u00f3 la modelo de 36 a\u00f1os.    RELACIONADAS                                                                                                                                                                                                                                                                                                                                                            Far\u00e1ndula                                        La supermodelo dominicana Arlenis Sosa anuncia que est\u00e1 embarazada                                            View this post on Instagram            A post shared by Arlenis Sosa   (@arlenissosa) En ocubre de 2025, Arlenis revel\u00f3 su estado de embarazo. M\u00e1s reciente, public\u00f3 una reflexi\u00f3n de lo que ha sido esta etapa en su vida. \"Estoy muy agradecida por este viaje, ha sido una verdadera bendici\u00f3n. Cargarte y conocerte, peque\u00f1ito, me ha cambiado la vida por completo. Gracias por elegirme y por elegirnos. Tu Mam\u00e1 te ama much\u00edsimo\".La noticia del nacimiento llega tras un a\u00f1o de grandes cambios personales para Sosa. En febrero de 2025, contrajo matrimonio con McCarty en una ceremonia \u00edntima celebrada en Cap Cana, descrita por la propia modelo como \u201cun d\u00eda lleno de amor, promesas y agradecimiento\u201d.        View this post on Instagram            A post shared by Arlenis Sosa   (@arlenissosa) En 2008 se convirti\u00f3 en portavoz de la casa parisina de cosm\u00e9tica y perfumer\u00eda Lanc\u00f4me, model\u00f3 en el Victoria Secret&#8217;s Fashion Show de 2008 la cual se convirti\u00f3 en modelo oficial de la marca Victoria&#8217;s Secret en el 2012 apareciendo en varias de sus campa\u00f1as.Adem\u00e1s, ha desfilado para algunos de los m\u00e1s prestigiosos dise\u00f1adores y casas de moda del mundo, incluyendo a Ralph Lauren, Michael Kors, John Galliano, Emanuel Ungaro, Hussein Chalayan, Alexander Wang, Jean Paul Gaultier, Herm\u00e8s, Bottega Veneta, Anna Sui, Carolina Herrera, Donna Karan.\u00a0\u00a0Revista, Far\u00e1ndula, Diario Libre, Santo Domingo, madre, modelo, Arlenis Sosa, John McCarty\u00a0<\/p>\n","protected":false},"excerpt":{"rendered":"<p>La supermodelo dominicana Arlenis Sosa se convirti\u00f3 en madre por primera vez, una noticia que ha llenado de alegr\u00eda tanto a sus seguidores como al mundo de la moda. La estrella de las pasarelas dio a conocer la llegada de su primer hijo,\u00a0fruto de su relaci\u00f3n con su esposo, John McCarty,\u00a0a trav\u00e9s de sus redes [&hellip;]<\/p>\n","protected":false},"author":1,"featured_media":8695,"comment_status":"open","ping_status":"open","sticky":false,"template":"","format":"standard","meta":{"amp_status":"","footnotes":""},"categories":[9],"tags":[],"class_list":["post-9075","post","type-post","status-publish","format-standard","has-post-thumbnail","hentry","category-espectaculo"],"_links":{"self":[{"href":"https:\/\/ermdigital.com\/index.php?rest_route=\/wp\/v2\/posts\/9075","targetHints":{"allow":["GET"]}}],"collection":[{"href":"https:\/\/ermdigital.com\/index.php?rest_route=\/wp\/v2\/posts"}],"about":[{"href":"https:\/\/ermdigital.com\/index.php?rest_route=\/wp\/v2\/types\/post"}],"author":[{"embeddable":true,"href":"https:\/\/ermdigital.com\/index.php?rest_route=\/wp\/v2\/users\/1"}],"replies":[{"embeddable":true,"href":"https:\/\/ermdigital.com\/index.php?rest_route=%2Fwp%2Fv2%2Fcomments&post=9075"}],"version-history":[{"count":0,"href":"https:\/\/ermdigital.com\/index.php?rest_route=\/wp\/v2\/posts\/9075\/revisions"}],"wp:featuredmedia":[{"embeddable":true,"href":"https:\/\/ermdigital.com\/index.php?rest_route=\/wp\/v2\/media\/8695"}],"wp:attachment":[{"href":"https:\/\/ermdigital.com\/index.php?rest_route=%2Fwp%2Fv2%2Fmedia&parent=9075"}],"wp:term":[{"taxonomy":"category","embeddable":true,"href":"https:\/\/ermdigital.com\/index.php?rest_route=%2Fwp%2Fv2%2Fcategories&post=9075"},{"taxonomy":"post_tag","embeddable":true,"href":"https:\/\/ermdigital.com\/index.php?rest_route=%2Fwp%2Fv2%2Ftags&post=9075"}],"curies":[{"name":"wp","href":"https:\/\/api.w.org\/{rel}","templated":true}]}}