{"id":9030,"date":"2026-03-29T09:00:00","date_gmt":"2026-03-29T13:00:00","guid":{"rendered":"https:\/\/ermdigital.com\/index.php\/2026\/03\/29\/fallece-eduardo-palmer-pionero-del-cine-cubano\/"},"modified":"2026-03-29T09:00:00","modified_gmt":"2026-03-29T13:00:00","slug":"fallece-eduardo-palmer-pionero-del-cine-cubano","status":"publish","type":"post","link":"https:\/\/ermdigital.com\/?p=9030","title":{"rendered":"Fallece Eduardo Palmer, pionero del cine cubano"},"content":{"rendered":"<p>Ha <strong>fallecido<\/strong> <strong>Eduardo Palmer<\/strong>, realizador, productor y documentalista cuya obra se convirti\u00f3 en un <strong>testimonio valiente<\/strong> de la historia reciente de Cuba, pero tambi\u00e9n en un pilar clave para el desarrollo del cine en Rep\u00fablica Dominicana.<\/p>\n<p>M\u00e1s que un creador, Palmer fue un impulsor. En <strong>1963<\/strong> fund\u00f3 <strong>F\u00edlmica Dominicana<\/strong>, desde donde no solo promovi\u00f3 la creaci\u00f3n de infraestructura t\u00e9cnica para el cine local, sino que tambi\u00e9n form\u00f3 a toda una generaci\u00f3n de j\u00f3venes que, con el tiempo, se convertir\u00edan en figuras esenciales de la industria audiovisual del pa\u00eds.<\/p>\n<h2><strong>Cineasta<\/strong> de la verdad<\/h2>\n<p>Su trabajo -que incluye t\u00edtulos como <em data-start=\"880\" data-end=\"899\"><strong>Cuba, sat\u00e9lite 13<\/strong><\/em>, <em data-start=\"901\" data-end=\"914\">Manto Negro<\/em>, <em data-start=\"916\" data-end=\"934\">A solo 90 millas<\/em> y el recordado programa de televisi\u00f3n <em data-start=\"973\" data-end=\"987\">Planeta Tres<\/em>&#8211; no solo <strong>document\u00f3 hechos<\/strong>, sino que captur\u00f3 memorias, heridas y verdades profundas que forman parte del <strong>alma cubana<\/strong>.<\/p>\n<p>Desde el <strong>Festival de Cine Global<\/strong> de Santo Domingo y la Fundaci\u00f3n Global Democracia y Desarrollo recuerdan\u00a0<em data-start=\"1210\" data-end=\"1526\">\"con especial respeto el reconocimiento que le fuera otorgado en el marco del <strong>Dominican Film Showcase<\/strong>, en colaboraci\u00f3n con el <strong>Festival de Cine Global<\/strong> de Santo Domingo, donde se destac\u00f3 su invaluable contribuci\u00f3n al desarrollo del cine dominicano y su compromiso con la formaci\u00f3n y la memoria hist\u00f3rica\".<\/em><\/p>\n<div class=\"social-embed mb-4\">\n<blockquote class=\"instagram-media\" data-instgrm-captioned=\"\" data-instgrm-permalink=\"https:\/\/www.instagram.com\/p\/DWeVv8kkfL4\/?utm_source=ig_embed&amp;utm_campaign=loading\" data-instgrm-version=\"14\">\n<div> <a href=\"https:\/\/www.instagram.com\/p\/DWeVv8kkfL4\/?utm_source=ig_embed&amp;utm_campaign=loading\" target=\"_blank\" title=\"       Ver esta publicaci\u00f3n en Instagram            \" rel=\"nofollow noopener noreferrer\"> <\/p>\n<div>\n<div><\/div>\n<div>\n<div><\/div>\n<div><\/div>\n<\/div>\n<\/div>\n<div><\/div>\n<div><\/div>\n<div>\n<div>Ver esta publicaci\u00f3n en Instagram<\/div>\n<\/div>\n<div><\/div>\n<div>\n<div>\n<div><\/div>\n<div><\/div>\n<div><\/div>\n<\/div>\n<div>\n<div><\/div>\n<div><\/div>\n<\/div>\n<div>\n<div><\/div>\n<div><\/div>\n<div><\/div>\n<\/div>\n<\/div>\n<div>\n<div><\/div>\n<div><\/div>\n<\/div>\n<p><\/a><\/p>\n<p><a href=\"https:\/\/www.instagram.com\/p\/DWeVv8kkfL4\/?utm_source=ig_embed&amp;utm_campaign=loading\" target=\"_blank\" title=\"Una publicaci\u00f3n compartida de Festival de Cine Global de SD (@tamoencinerd)\" rel=\"nofollow noopener noreferrer\">Una publicaci\u00f3n compartida de Festival de Cine Global de SD (@tamoencinerd)<\/a><\/p>\n<\/div>\n<\/blockquote>\n<div class=\"lazyload\" data-script=\"https:\/\/www.instagram.com\/embed.js\"><\/div>\n<\/div>\n<ul>\n<li><em data-start=\"1543\" data-end=\"1730\">\"Hoy despedimos a un <strong>precursor<\/strong>, a un formador y a un testigo de nuestra historia. Su obra y su entrega permanecen como parte esencial del <strong>patrimonio cultural<\/strong> dominicano. <strong>Paz a su alma<\/strong>\", escriben desde esta entidad en sus redes sociales.<\/em><\/li>\n<\/ul>\n<p>As\u00ed, su <strong>legado trasciende<\/strong> generaciones y queda vivo en cada historia contada, en cada imagen preservada y en cada <strong>cineasta<\/strong> que encontr\u00f3 en \u00e9l una gu\u00eda.<\/p>\n<div class=\"read-more mb-7\">    <span class=\"block mb-2\">Leer m\u00e1s<\/span>    <\/p>\n<ul class=\"glosa\">\n<li>\n<h3><a href=\"https:\/\/www.diariolibre.com\/revista\/cine\/2026\/02\/20\/el-silencio-de-marcos-tremmer-con-5-candidatura-en-premios-platino\/3443662?utm_source=relacionadas&amp;utm_medium=nota&amp;utm_campaign=relacionadas\" title=\"El silencio de Marcos Tremmer obtiene cinco candidaturas en los Premios Platino Xcaret\">\"El silencio de Marcos Tremmer\" obtiene cinco candidaturas en los Premios Platino Xcaret<\/a><\/h3>\n<\/li>\n<li>\n<h3><a href=\"https:\/\/www.diariolibre.com\/revista\/cine\/2025\/12\/30\/desarrollo-del-cine-republica-dominicana-2025-y-su-impacto-economico\/3390120?utm_source=relacionadas&amp;utm_medium=nota&amp;utm_campaign=relacionadas\" title=\"El cine dominicano gener\u00f3 RD$297 millones y 2,206 empleos en 2025\">El cine dominicano gener\u00f3 RD$297 millones y 2,206 empleos en 2025<\/a><\/h3>\n<\/li>\n<li>\n<h3><a href=\"https:\/\/www.diariolibre.com\/revista\/cine\/2025\/04\/22\/ir-al-cine-en-rd-del-ritual-familiar-al-dominio-empresarial\/3082014?utm_source=relacionadas&amp;utm_medium=nota&amp;utm_campaign=relacionadas\" title=\"Las salas de cine en RD: del ritual familiar al dominio empresarial\">Las salas de cine en RD: del ritual familiar al dominio empresarial<\/a><\/h3>\n<\/li>\n<\/ul>\n<\/div>\n<p><\/p>\n<p>\u200bHa fallecido Eduardo Palmer, realizador, productor y documentalista cuya obra se convirti\u00f3 en un testimonio valiente de la historia reciente de Cuba, pero tambi\u00e9n en un pilar clave para el desarrollo del cine en Rep\u00fablica Dominicana.M\u00e1s que un creador, Palmer fue un impulsor. En 1963 fund\u00f3 F\u00edlmica Dominicana, desde donde no solo promovi\u00f3 la creaci\u00f3n de infraestructura t\u00e9cnica para el cine local, sino que tambi\u00e9n form\u00f3 a toda una generaci\u00f3n de j\u00f3venes que, con el tiempo, se convertir\u00edan en figuras esenciales de la industria audiovisual del pa\u00eds.Cineasta de la verdadSu trabajo -que incluye t\u00edtulos como Cuba, sat\u00e9lite 13, Manto Negro, A solo 90 millas y el recordado programa de televisi\u00f3n Planeta Tres- no solo document\u00f3 hechos, sino que captur\u00f3 memorias, heridas y verdades profundas que forman parte del alma cubana.Desde el Festival de Cine Global de Santo Domingo y la Fundaci\u00f3n Global Democracia y Desarrollo recuerdan\u00a0\"con especial respeto el reconocimiento que le fuera otorgado en el marco del Dominican Film Showcase, en colaboraci\u00f3n con el Festival de Cine Global de Santo Domingo, donde se destac\u00f3 su invaluable contribuci\u00f3n al desarrollo del cine dominicano y su compromiso con la formaci\u00f3n y la memoria hist\u00f3rica\".        Ver esta publicaci\u00f3n en Instagram            Una publicaci\u00f3n compartida de Festival de Cine Global de SD (@tamoencinerd)     \"Hoy despedimos a un precursor, a un formador y a un testigo de nuestra historia. Su obra y su entrega permanecen como parte esencial del patrimonio cultural dominicano. Paz a su alma\", escriben desde esta entidad en sus redes sociales.As\u00ed, su legado trasciende generaciones y queda vivo en cada historia contada, en cada imagen preservada y en cada cineasta que encontr\u00f3 en \u00e9l una gu\u00eda.    Leer m\u00e1s                            \"El silencio de Marcos Tremmer\" obtiene cinco candidaturas en los Premios Platino Xcaret                            El cine dominicano gener\u00f3 RD$297 millones y 2,206 empleos en 2025                            Las salas de cine en RD: del ritual familiar al dominio empresarial\u00a0\u00a0Revista, Cine, Diario Libre, Santo Domingo, Fallecimiento, cineasta, Eduardo Palmer, Cineasta cubano\u00a0<\/p>\n","protected":false},"excerpt":{"rendered":"<p>Ha fallecido Eduardo Palmer, realizador, productor y documentalista cuya obra se convirti\u00f3 en un testimonio valiente de la historia reciente de Cuba, pero tambi\u00e9n en un pilar clave para el desarrollo del cine en Rep\u00fablica Dominicana. M\u00e1s que un creador, Palmer fue un impulsor. En 1963 fund\u00f3 F\u00edlmica Dominicana, desde donde no solo promovi\u00f3 la [&hellip;]<\/p>\n","protected":false},"author":1,"featured_media":8561,"comment_status":"open","ping_status":"open","sticky":false,"template":"","format":"standard","meta":{"amp_status":"","footnotes":""},"categories":[9],"tags":[],"class_list":["post-9030","post","type-post","status-publish","format-standard","has-post-thumbnail","hentry","category-espectaculo"],"_links":{"self":[{"href":"https:\/\/ermdigital.com\/index.php?rest_route=\/wp\/v2\/posts\/9030","targetHints":{"allow":["GET"]}}],"collection":[{"href":"https:\/\/ermdigital.com\/index.php?rest_route=\/wp\/v2\/posts"}],"about":[{"href":"https:\/\/ermdigital.com\/index.php?rest_route=\/wp\/v2\/types\/post"}],"author":[{"embeddable":true,"href":"https:\/\/ermdigital.com\/index.php?rest_route=\/wp\/v2\/users\/1"}],"replies":[{"embeddable":true,"href":"https:\/\/ermdigital.com\/index.php?rest_route=%2Fwp%2Fv2%2Fcomments&post=9030"}],"version-history":[{"count":0,"href":"https:\/\/ermdigital.com\/index.php?rest_route=\/wp\/v2\/posts\/9030\/revisions"}],"wp:featuredmedia":[{"embeddable":true,"href":"https:\/\/ermdigital.com\/index.php?rest_route=\/wp\/v2\/media\/8561"}],"wp:attachment":[{"href":"https:\/\/ermdigital.com\/index.php?rest_route=%2Fwp%2Fv2%2Fmedia&parent=9030"}],"wp:term":[{"taxonomy":"category","embeddable":true,"href":"https:\/\/ermdigital.com\/index.php?rest_route=%2Fwp%2Fv2%2Fcategories&post=9030"},{"taxonomy":"post_tag","embeddable":true,"href":"https:\/\/ermdigital.com\/index.php?rest_route=%2Fwp%2Fv2%2Ftags&post=9030"}],"curies":[{"name":"wp","href":"https:\/\/api.w.org\/{rel}","templated":true}]}}