{"id":9027,"date":"2026-03-29T10:34:00","date_gmt":"2026-03-29T14:34:00","guid":{"rendered":"https:\/\/ermdigital.com\/index.php\/2026\/03\/29\/jamie-vinas-lanza-su-nuevo-sencillo-pop-fechoria\/"},"modified":"2026-03-29T10:34:00","modified_gmt":"2026-03-29T14:34:00","slug":"jamie-vinas-lanza-su-nuevo-sencillo-pop-fechoria","status":"publish","type":"post","link":"https:\/\/ermdigital.com\/?p=9027","title":{"rendered":"Jamie Vi\u00f1as lanza su nuevo sencillo pop \"Fechor\u00eda\""},"content":{"rendered":"<p>El <strong>cantautor dominicano<\/strong> <strong>Jaime Vi\u00f1as<\/strong> <strong>vuelve<\/strong> a la escena con \u201c<strong>Fechor\u00eda<\/strong>\u201d, un sencillo que llega acompa\u00f1ado de videoclip y que apuesta por una vibra pop con gui\u00f1os retro para contar una historia tan \u00edntima como provocadora.<\/p>\n<p>Desde el <strong>primer acorde<\/strong>, la canci\u00f3n te sumerge en una escena casi cinematogr\u00e1fica: dos personas que se encuentran a escondidas en la <strong>habitaci\u00f3n 102<\/strong>, donde el tiempo parece detenerse y todo queda sellado bajo un <strong>pacto silencioso<\/strong>. <\/p>\n<p>As\u00ed, entre <strong>miradas<\/strong>, <strong>besos robados<\/strong> y la tensi\u00f3n de ser descubiertos, se construye un relato que juega con los <strong>l\u00edmites del deseo<\/strong>.<\/p>\n<h2><strong>Fantas\u00eda universal<\/strong><\/h2>\n<p>Compuesta por el propio Vi\u00f1as en su juventud, \u201c<strong>Fechor\u00eda<\/strong>\u201d nace de una fantas\u00eda tan universal como compleja: la <strong>atracci\u00f3n por alguien mayor<\/strong>, con m\u00e1s experiencia y una vida ya trazada. \u201c<strong>Fechor\u00eda<\/strong> habla de ese momento en que sabes que algo no deber\u00eda pasar\u2026 pero igual lo deseas y decides vivirlo\u201d, comparte el artista.<\/p>\n<div class=\"social-embed mb-4\">\n<div class=\"placeholderYoutube\"><\/div>\n<\/div>\n<p>En lo musical, el tema combina <strong>melod\u00edas pop<\/strong> con una <strong>est\u00e9tica sonora retro<\/strong> que le aporta una atm\u00f3sfera nost\u00e1lgica y seductora. La producci\u00f3n y los arreglos estuvieron a cargo de Ariel S\u00e1nchez, mientras que el videoclip fue dirigido por Ambiorix Mart\u00ednez, reconocido por sus colaboraciones con figuras como Pavel N\u00fa\u00f1ez e Ilegales.<\/p>\n<ul>\n<li>\u201c<strong>Fechor\u00eda<\/strong>\u201d marca el inicio de una <strong>nueva etapa<\/strong> para Vi\u00f1as, quien ya prepara <strong>pr\u00f3ximos lanzamientos<\/strong>, showcases y presentaciones en vivo que ir\u00e1 revelando a trav\u00e9s de sus redes y su canal oficial de YouTube.<\/li>\n<\/ul>\n<div class=\"read-more mb-7\">    <span class=\"block mb-2\">Leer m\u00e1s<\/span>    <\/p>\n<ul class=\"glosa\">\n<li>\n<h3><a href=\"https:\/\/www.diariolibre.com\/revista\/musica\/2025\/06\/04\/jaime-vinas-estrena-dejame-entrar\/3138004?utm_source=relacionadas&amp;utm_medium=nota&amp;utm_campaign=relacionadas\" title=\"Jaime Vi\u00f1as estrena sencillo \u201cD\u00e9jame entrar\u201d\">Jaime Vi\u00f1as estrena sencillo \u201cD\u00e9jame entrar\u201d<\/a><\/h3>\n<\/li>\n<li>\n<h3><a href=\"https:\/\/www.diariolibre.com\/revista\/musica\/2024\/09\/13\/musica-pop-con-jaime-vinas\/2849316?utm_source=relacionadas&amp;utm_medium=nota&amp;utm_campaign=relacionadas\" title=\"Jaime Vi\u00f1as renueva el romance con \u201cT\u00fa ganas\u201d lanzando videoclip y concierto.\">Jaime Vi\u00f1as renueva el romance con \u201cT\u00fa ganas\u201d lanzando videoclip y concierto.<\/a><\/h3>\n<\/li>\n<\/ul>\n<\/div>\n<p><\/p>\n<p>\u200bEl cantautor dominicano Jaime Vi\u00f1as vuelve a la escena con \u201cFechor\u00eda\u201d, un sencillo que llega acompa\u00f1ado de videoclip y que apuesta por una vibra pop con gui\u00f1os retro para contar una historia tan \u00edntima como provocadora.Desde el primer acorde, la canci\u00f3n te sumerge en una escena casi cinematogr\u00e1fica: dos personas que se encuentran a escondidas en la habitaci\u00f3n 102, donde el tiempo parece detenerse y todo queda sellado bajo un pacto silencioso. As\u00ed, entre miradas, besos robados y la tensi\u00f3n de ser descubiertos, se construye un relato que juega con los l\u00edmites del deseo.Fantas\u00eda universalCompuesta por el propio Vi\u00f1as en su juventud, \u201cFechor\u00eda\u201d nace de una fantas\u00eda tan universal como compleja: la atracci\u00f3n por alguien mayor, con m\u00e1s experiencia y una vida ya trazada. \u201cFechor\u00eda habla de ese momento en que sabes que algo no deber\u00eda pasar\u2026 pero igual lo deseas y decides vivirlo\u201d, comparte el artista.En lo musical, el tema combina melod\u00edas pop con una est\u00e9tica sonora retro que le aporta una atm\u00f3sfera nost\u00e1lgica y seductora. La producci\u00f3n y los arreglos estuvieron a cargo de Ariel S\u00e1nchez, mientras que el videoclip fue dirigido por Ambiorix Mart\u00ednez, reconocido por sus colaboraciones con figuras como Pavel N\u00fa\u00f1ez e Ilegales.    \u201cFechor\u00eda\u201d marca el inicio de una nueva etapa para Vi\u00f1as, quien ya prepara pr\u00f3ximos lanzamientos, showcases y presentaciones en vivo que ir\u00e1 revelando a trav\u00e9s de sus redes y su canal oficial de YouTube.    Leer m\u00e1s                            Jaime Vi\u00f1as estrena sencillo \u201cD\u00e9jame entrar\u201d                            Jaime Vi\u00f1as renueva el romance con \u201cT\u00fa ganas\u201d lanzando videoclip y concierto.\u00a0\u00a0Revista, M\u00fasica, Diario Libre, Santo Domingo, Nueva Canci\u00f3n, Nuevo Disco, Jaime Vi\u00f1as, m\u00fasico dominicano, cantautor dominicano, Fechor\u00eda\u00a0<\/p>\n","protected":false},"excerpt":{"rendered":"<p>El cantautor dominicano Jaime Vi\u00f1as vuelve a la escena con \u201cFechor\u00eda\u201d, un sencillo que llega acompa\u00f1ado de videoclip y que apuesta por una vibra pop con gui\u00f1os retro para contar una historia tan \u00edntima como provocadora. Desde el primer acorde, la canci\u00f3n te sumerge en una escena casi cinematogr\u00e1fica: dos personas que se encuentran a [&hellip;]<\/p>\n","protected":false},"author":1,"featured_media":8606,"comment_status":"open","ping_status":"open","sticky":false,"template":"","format":"standard","meta":{"amp_status":"","footnotes":""},"categories":[9],"tags":[],"class_list":["post-9027","post","type-post","status-publish","format-standard","has-post-thumbnail","hentry","category-espectaculo"],"_links":{"self":[{"href":"https:\/\/ermdigital.com\/index.php?rest_route=\/wp\/v2\/posts\/9027","targetHints":{"allow":["GET"]}}],"collection":[{"href":"https:\/\/ermdigital.com\/index.php?rest_route=\/wp\/v2\/posts"}],"about":[{"href":"https:\/\/ermdigital.com\/index.php?rest_route=\/wp\/v2\/types\/post"}],"author":[{"embeddable":true,"href":"https:\/\/ermdigital.com\/index.php?rest_route=\/wp\/v2\/users\/1"}],"replies":[{"embeddable":true,"href":"https:\/\/ermdigital.com\/index.php?rest_route=%2Fwp%2Fv2%2Fcomments&post=9027"}],"version-history":[{"count":0,"href":"https:\/\/ermdigital.com\/index.php?rest_route=\/wp\/v2\/posts\/9027\/revisions"}],"wp:featuredmedia":[{"embeddable":true,"href":"https:\/\/ermdigital.com\/index.php?rest_route=\/wp\/v2\/media\/8606"}],"wp:attachment":[{"href":"https:\/\/ermdigital.com\/index.php?rest_route=%2Fwp%2Fv2%2Fmedia&parent=9027"}],"wp:term":[{"taxonomy":"category","embeddable":true,"href":"https:\/\/ermdigital.com\/index.php?rest_route=%2Fwp%2Fv2%2Fcategories&post=9027"},{"taxonomy":"post_tag","embeddable":true,"href":"https:\/\/ermdigital.com\/index.php?rest_route=%2Fwp%2Fv2%2Ftags&post=9027"}],"curies":[{"name":"wp","href":"https:\/\/api.w.org\/{rel}","templated":true}]}}