{"id":8822,"date":"2026-03-29T07:13:00","date_gmt":"2026-03-29T11:13:00","guid":{"rendered":"https:\/\/ermdigital.com\/index.php\/2026\/03\/29\/belgica-celebra-40-anos-de-los-seis-de-amberes\/"},"modified":"2026-03-29T07:13:00","modified_gmt":"2026-03-29T11:13:00","slug":"belgica-celebra-40-anos-de-los-seis-de-amberes","status":"publish","type":"post","link":"https:\/\/ermdigital.com\/?p=8822","title":{"rendered":"B\u00e9lgica celebra 40 a\u00f1os de \"Los seis de Amberes\""},"content":{"rendered":"<p><strong>B\u00e9lgica celebra<\/strong> el <strong>40 aniversario<\/strong> del fen\u00f3meno de '<strong>Los seis de Amberes<\/strong>', el grupo de dise\u00f1adores flamencos que revolucionaron el mundo de la moda en los a\u00f1os 80 y convirtieron el vestir en un arte en s\u00ed mismo, con una exposici\u00f3n que abre sus puertas en el <strong>Modemuseum de Amberes<\/strong> (<strong>MoMu<\/strong>).<\/p>\n<p>Hace cuatro d\u00e9cadas, en <strong>1986<\/strong>, seis j\u00f3venes amigos graduados de la <strong>Real Academia de Bellas Artes<\/strong> de Amberes llevaron a un desfile internacional en Londres sus propuestas arriesgadas y vanguardistas que romp\u00edan con el estilo cl\u00e1sico franc\u00e9s, imperante en los modelos de ense\u00f1anza de aquella d\u00e9cada.<\/p>\n<p>Su paso por la <strong>capital brit\u00e1nica<\/strong>, donde trabajaron juntos tres a\u00f1os antes de tomar caminos separados en Par\u00eds, despert\u00f3 inter\u00e9s internacional por una forma m\u00e1s creativa y art\u00edstica de hacer ropa y por una nueva idea de la <strong>moda alejada<\/strong> de las 'maisons' parisinas o milanesas.<\/p>\n<p>Esto llev\u00f3 a la <strong>prensa internacional<\/strong> a unirles bajo el nombre de '<strong>Los seis de Amberes<\/strong>'.<\/p>\n<figure class=\"inline-block\">\n<div class=\"expand-img-placeholder\"><img loading=\"lazy\" decoding=\"async\" src=\"https:\/\/resources.diariolibre.com\/images\/expand.svg\" alt=\"Expandir imagen\" width=\"20\" height=\"20\"><span class=\"rutaimagenoriginal-placeholder\">https:\/\/resources.diariolibre.com\/images\/2026\/03\/29\/d966d3bc57a1536b67e62f99b3c98c13c3ae9fa5w-ec4684fe.jpg<\/span><\/div>\n<p><img decoding=\"async\" loading=\"lazy\" src=\"https:\/\/resources.diariolibre.com\/images\/2026\/03\/29\/d966d3bc57a1536b67e62f99b3c98c13c3ae9fa5w-ec4684fe.jpg\" width=\"auto\" height=\"350\" alt=\"[object HTMLTextAreaElement]\" class=\"mx-auto\"><figcaption><span>Creaciones de\u00a0Dirk Bikkembergs, Ann Demeulemeester, Walter Van Beirendonck, Dries Van Noten, Dirk Van Saene y Marina Yee.<\/span><span> (<strong>EFE\/OLATZ CASTRILLO \/IGNACIO BLANCO<\/strong>)<\/span><\/figcaption><\/figure>\n<p>En una \u00e9poca en la que el mundo de la <strong>moda miraba<\/strong> hacia <strong>Nueva York<\/strong>, Par\u00eds o Londres, los seis dise\u00f1adores situaron a la <strong>ciudad flamenca<\/strong> como un referente del sector.<\/p>\n<ul>\n<li>\"Surgieron en una \u00e9poca en la que la moda no era tan popular. No exist\u00eda la alta costura ni la moda creativa en B\u00e9lgica, y ellos representaron un momento excepcional para la moda\", cuenta a Efe el empresario de moda que lanz\u00f3 al grupo, <strong>Geert Bruloot<\/strong>, hoy comisario de la exposici\u00f3n que recuerda el germen, la consagraci\u00f3n y la huella de los dise\u00f1adores en el <strong>Modemuseum de Amberes<\/strong> (<strong>MoMu<\/strong>).<\/li>\n<\/ul>\n<h2><strong>Seis estilos diferentes<\/strong> <\/h2>\n<p>El comisario resalta que la muestra ense\u00f1a a los visitantes los <strong>seis estilos diferentes<\/strong> de cada integrante. \"Se influenciaban mutuamente, se retaban entre s\u00ed, pero cada uno ten\u00eda su propia carrera, su propia visi\u00f3n, su propia historia que contar\", explica.<\/p>\n<p><strong>Dirk Bikkembergs<\/strong> elev\u00f3 la <strong>moda deportiva<\/strong> a la categor\u00eda de <strong>lujo<\/strong>, creando conjuntos para despu\u00e9s de partidos o entrenamientos, y <strong>Walter Van Beirendonck<\/strong> ide\u00f3 un mundo de <strong>fantas\u00eda pop<\/strong> con un estilo experimental, colorido y provocador que incorporaba <strong>mensajes pol\u00edticos<\/strong> y sociales.<\/p>\n<p><strong>Dries Van Noten<\/strong> cre\u00f3 \"un universo de elegancia\", influenciado por una variedad de tejidos de otros pa\u00edses como India y, aunque las fotograf\u00edas de sus dise\u00f1os \"dieron la vuelta al mundo\", nunca publicit\u00f3 sus desfiles de moda, seg\u00fan relata el comisario. Por su parte, <strong>Dirk Van Saene<\/strong> destac\u00f3 por su fuerte <strong>estilo art\u00edstico<\/strong> y <strong>conceptual<\/strong>.<\/p>\n<p><strong>Marina Yee<\/strong>, fallecida en noviembre de 2025, es para Bruloot \"la artista m\u00e1s grande y bohemia de todas\", destacada por su exc\u00e9ntrica apuesta por la <strong>moda sostenible<\/strong> antes de que fuera tendencia.<\/p>\n<figure class=\"inline-block\">\n<div class=\"expand-img-placeholder\"><img loading=\"lazy\" decoding=\"async\" src=\"https:\/\/resources.diariolibre.com\/images\/expand.svg\" alt=\"Expandir imagen\" width=\"20\" height=\"20\"><span class=\"rutaimagenoriginal-placeholder\">https:\/\/resources.diariolibre.com\/images\/2026\/03\/29\/27-theantwerpsix-exhibitionimage-lq25lq14-2026-03-26-40c73b2d.jpg<\/span><\/div>\n<p><img decoding=\"async\" loading=\"lazy\" src=\"https:\/\/resources.diariolibre.com\/images\/2026\/03\/29\/27-theantwerpsix-exhibitionimage-lq25lq14-2026-03-26-40c73b2d.jpg\" width=\"auto\" height=\"350\" alt=\"[object HTMLTextAreaElement]\" class=\"mx-auto\"><figcaption><span>Marina Yee en The Antwerp Six en el MoMu.<\/span><span> (<strong>MOMU<\/strong>)<\/span><\/figcaption><\/figure>\n<p>Por \u00faltimo, la exposici\u00f3n reconoce el trabajo de <strong>Ann Demeulemeester<\/strong> y su \"oscuro <strong>universo rom\u00e1ntico<\/strong>\", en el que el <strong>color negro<\/strong> y la elegancia son protagonistas. <\/p>\n<p>\"El grupo de '<strong>Los seis de Amberes<\/strong>' sigui\u00f3 adelante sin que ninguno de nosotros lo alimentara. Y eso es lo bonito, esa es la <strong>historia enigm\u00e1tica<\/strong> que no se puede repetir en la <strong>moda contempor\u00e1nea<\/strong>\", recuerda.<\/p>\n<p>Cuatro d\u00e9cadas despu\u00e9s, Walter Van Beirendock es el \u00fanico que continua al mando de su marca, que a\u00fan desfila en <strong>pasarelas internacionales<\/strong>, y las firmas de otros como Ann Demeleumeester o <strong>Dries Van Noten<\/strong> siguen en activo. <\/p>\n<h2>El legado de '<strong>Los seis de Amberes<\/strong>' <\/h2>\n<p>La ruptura con lo establecido y la <strong>transgresi\u00f3n<\/strong> que caracterizaron a '<strong>Los seis de Amberes<\/strong>' sentaron un precedente en la industria que inspir\u00f3 a toda una generaci\u00f3n de dise\u00f1adores. \"Recuerdo, cuando tuvieron ese gran avance, que a nivel internacional muchos j\u00f3venes estudiantes de todo el mundo quer\u00edan estudiar en esta academia\", dice Bruloot.<\/p>\n<p>All\u00ed, en la <strong>Real Academia de Bellas Artes<\/strong> de Amberes, estudiaron despu\u00e9s consagrados dise\u00f1adores como el belga <strong>Martin Margiela<\/strong> o el georgiano <strong>Demna Gvasalia<\/strong>, actual director creativo de Gucci (antes en Balenciaga).<\/p>\n<p>Adem\u00e1s, otros reconocidos creadores aprendieron de la mano de '<strong>Los seis de Amberes<\/strong>', como el belga <strong>Raf Simons<\/strong>, el actual codirector creativo de <strong>Prada<\/strong>, que dio sus primeros pasos con <strong>Walter Van Beirendonck<\/strong>.<\/p>\n<p>Bruloot resume que '<strong>Los seis de Amberes<\/strong>' destacaban por \"<strong>crear con emoci\u00f3n<\/strong>\" cada uno de sus dise\u00f1os, frente a la <strong>visi\u00f3n comercial<\/strong> del sector actual de la moda. \"\u00a1Hab\u00eda tanta emoci\u00f3n en el ambiente!. Era fant\u00e1stico. As\u00ed era la moda en el pasado!\", recuerda.<\/p>\n<div class=\"read-more mb-7\">    <span class=\"block mb-2\">Leer m\u00e1s<\/span>    <\/p>\n<ul class=\"glosa\">\n<li>\n<h3><a href=\"https:\/\/www.diariolibre.com\/revista\/moda\/2026\/03\/26\/sudadera-de-prenda-deportiva-a-pieza-de-lujo\/3482514?utm_source=relacionadas&amp;utm_medium=nota&amp;utm_campaign=relacionadas\" title=\"La sudadera: de prenda deportiva amada por raperos a pieza de culto en el mundo del lujo\">La sudadera: de prenda deportiva amada por raperos a pieza de culto en el mundo del lujo<\/a><\/h3>\n<\/li>\n<li>\n<h3><a href=\"https:\/\/www.diariolibre.com\/revista\/moda\/2026\/03\/24\/zara-se-une-a-willy-chavarria-en-vatisimo\/3480189?utm_source=relacionadas&amp;utm_medium=nota&amp;utm_campaign=relacionadas\" title=\"Zara apuesta por el \u201cfast couture\u201d con Willy Chavarria\">Zara apuesta por el \u201cfast couture\u201d con Willy Chavarria<\/a><\/h3>\n<\/li>\n<li>\n<h3><a href=\"https:\/\/www.diariolibre.com\/revista\/moda\/2026\/03\/23\/rd-bridal-week-2026-jenny-polanco-presenta-primera-capsula-bridal\/3479330?utm_source=relacionadas&amp;utm_medium=nota&amp;utm_campaign=relacionadas\" title=\"Jenny Polanco presenta su primera c\u00e1psula Bridal con esencia caribe\u00f1a en RD Bridal Week 2026\">Jenny Polanco presenta su primera c\u00e1psula Bridal con esencia caribe\u00f1a en RD Bridal Week 2026<\/a><\/h3>\n<\/li>\n<\/ul>\n<\/div>\n<p>\u200bB\u00e9lgica celebra el 40 aniversario del fen\u00f3meno de 'Los seis de Amberes', el grupo de dise\u00f1adores flamencos que revolucionaron el mundo de la moda en los a\u00f1os 80 y convirtieron el vestir en un arte en s\u00ed mismo, con una exposici\u00f3n que abre sus puertas en el Modemuseum de Amberes (MoMu).Hace cuatro d\u00e9cadas, en 1986, seis j\u00f3venes amigos graduados de la Real Academia de Bellas Artes de Amberes llevaron a un desfile internacional en Londres sus propuestas arriesgadas y vanguardistas que romp\u00edan con el estilo cl\u00e1sico franc\u00e9s, imperante en los modelos de ense\u00f1anza de aquella d\u00e9cada.Su paso por la capital brit\u00e1nica, donde trabajaron juntos tres a\u00f1os antes de tomar caminos separados en Par\u00eds, despert\u00f3 inter\u00e9s internacional por una forma m\u00e1s creativa y art\u00edstica de hacer ropa y por una nueva idea de la moda alejada de las 'maisons' parisinas o milanesas.Esto llev\u00f3 a la prensa internacional a unirles bajo el nombre de 'Los seis de Amberes'.https:\/\/resources.diariolibre.com\/images\/2026\/03\/29\/d966d3bc57a1536b67e62f99b3c98c13c3ae9fa5w-ec4684fe.jpgCreaciones de\u00a0Dirk Bikkembergs, Ann Demeulemeester, Walter Van Beirendonck, Dries Van Noten, Dirk Van Saene y Marina Yee. (EFE\/OLATZ CASTRILLO \/IGNACIO BLANCO)En una \u00e9poca en la que el mundo de la moda miraba hacia Nueva York, Par\u00eds o Londres, los seis dise\u00f1adores situaron a la ciudad flamenca como un referente del sector.    \"Surgieron en una \u00e9poca en la que la moda no era tan popular. No exist\u00eda la alta costura ni la moda creativa en B\u00e9lgica, y ellos representaron un momento excepcional para la moda\", cuenta a Efe el empresario de moda que lanz\u00f3 al grupo, Geert Bruloot, hoy comisario de la exposici\u00f3n que recuerda el germen, la consagraci\u00f3n y la huella de los dise\u00f1adores en el Modemuseum de Amberes (MoMu).Seis estilos diferentes El comisario resalta que la muestra ense\u00f1a a los visitantes los seis estilos diferentes de cada integrante. \"Se influenciaban mutuamente, se retaban entre s\u00ed, pero cada uno ten\u00eda su propia carrera, su propia visi\u00f3n, su propia historia que contar\", explica.Dirk Bikkembergs elev\u00f3 la moda deportiva a la categor\u00eda de lujo, creando conjuntos para despu\u00e9s de partidos o entrenamientos, y Walter Van Beirendonck ide\u00f3 un mundo de fantas\u00eda pop con un estilo experimental, colorido y provocador que incorporaba mensajes pol\u00edticos y sociales.Dries Van Noten cre\u00f3 \"un universo de elegancia\", influenciado por una variedad de tejidos de otros pa\u00edses como India y, aunque las fotograf\u00edas de sus dise\u00f1os \"dieron la vuelta al mundo\", nunca publicit\u00f3 sus desfiles de moda, seg\u00fan relata el comisario. Por su parte, Dirk Van Saene destac\u00f3 por su fuerte estilo art\u00edstico y conceptual.Marina Yee, fallecida en noviembre de 2025, es para Bruloot \"la artista m\u00e1s grande y bohemia de todas\", destacada por su exc\u00e9ntrica apuesta por la moda sostenible antes de que fuera tendencia.https:\/\/resources.diariolibre.com\/images\/2026\/03\/29\/27-theantwerpsix-exhibitionimage-lq25lq14-2026-03-26-40c73b2d.jpgMarina Yee en The Antwerp Six en el MoMu. (MOMU)Por \u00faltimo, la exposici\u00f3n reconoce el trabajo de Ann Demeulemeester y su \"oscuro universo rom\u00e1ntico\", en el que el color negro y la elegancia son protagonistas. \"El grupo de 'Los seis de Amberes' sigui\u00f3 adelante sin que ninguno de nosotros lo alimentara. Y eso es lo bonito, esa es la historia enigm\u00e1tica que no se puede repetir en la moda contempor\u00e1nea\", recuerda.Cuatro d\u00e9cadas despu\u00e9s, Walter Van Beirendock es el \u00fanico que continua al mando de su marca, que a\u00fan desfila en pasarelas internacionales, y las firmas de otros como Ann Demeleumeester o Dries Van Noten siguen en activo. El legado de 'Los seis de Amberes' La ruptura con lo establecido y la transgresi\u00f3n que caracterizaron a 'Los seis de Amberes' sentaron un precedente en la industria que inspir\u00f3 a toda una generaci\u00f3n de dise\u00f1adores. \"Recuerdo, cuando tuvieron ese gran avance, que a nivel internacional muchos j\u00f3venes estudiantes de todo el mundo quer\u00edan estudiar en esta academia\", dice Bruloot.All\u00ed, en la Real Academia de Bellas Artes de Amberes, estudiaron despu\u00e9s consagrados dise\u00f1adores como el belga Martin Margiela o el georgiano Demna Gvasalia, actual director creativo de Gucci (antes en Balenciaga).Adem\u00e1s, otros reconocidos creadores aprendieron de la mano de 'Los seis de Amberes', como el belga Raf Simons, el actual codirector creativo de Prada, que dio sus primeros pasos con Walter Van Beirendonck.Bruloot resume que 'Los seis de Amberes' destacaban por \"crear con emoci\u00f3n\" cada uno de sus dise\u00f1os, frente a la visi\u00f3n comercial del sector actual de la moda. \"\u00a1Hab\u00eda tanta emoci\u00f3n en el ambiente!. Era fant\u00e1stico. As\u00ed era la moda en el pasado!\", recuerda.    Leer m\u00e1s                            La sudadera: de prenda deportiva amada por raperos a pieza de culto en el mundo del lujo                            Zara apuesta por el \u201cfast couture\u201d con Willy Chavarria                            Jenny Polanco presenta su primera c\u00e1psula Bridal con esencia caribe\u00f1a en RD Bridal Week 2026\u00a0\u00a0Revista, Moda, EFE, B\u00e9lgica, dise\u00f1adores de moda, Los seis de Amberes, Moda belga, Modemuseum de Amberes, MoMu\u00a0<\/p>\n","protected":false},"excerpt":{"rendered":"<p>B\u00e9lgica celebra el 40 aniversario del fen\u00f3meno de 'Los seis de Amberes', el grupo de dise\u00f1adores flamencos que revolucionaron el mundo de la moda en los a\u00f1os 80 y convirtieron el vestir en un arte en s\u00ed mismo, con una exposici\u00f3n que abre sus puertas en el Modemuseum de Amberes (MoMu). Hace cuatro d\u00e9cadas, en [&hellip;]<\/p>\n","protected":false},"author":1,"featured_media":8529,"comment_status":"open","ping_status":"open","sticky":false,"template":"","format":"standard","meta":{"amp_status":"","footnotes":""},"categories":[9],"tags":[],"class_list":["post-8822","post","type-post","status-publish","format-standard","has-post-thumbnail","hentry","category-espectaculo"],"_links":{"self":[{"href":"https:\/\/ermdigital.com\/index.php?rest_route=\/wp\/v2\/posts\/8822","targetHints":{"allow":["GET"]}}],"collection":[{"href":"https:\/\/ermdigital.com\/index.php?rest_route=\/wp\/v2\/posts"}],"about":[{"href":"https:\/\/ermdigital.com\/index.php?rest_route=\/wp\/v2\/types\/post"}],"author":[{"embeddable":true,"href":"https:\/\/ermdigital.com\/index.php?rest_route=\/wp\/v2\/users\/1"}],"replies":[{"embeddable":true,"href":"https:\/\/ermdigital.com\/index.php?rest_route=%2Fwp%2Fv2%2Fcomments&post=8822"}],"version-history":[{"count":0,"href":"https:\/\/ermdigital.com\/index.php?rest_route=\/wp\/v2\/posts\/8822\/revisions"}],"wp:featuredmedia":[{"embeddable":true,"href":"https:\/\/ermdigital.com\/index.php?rest_route=\/wp\/v2\/media\/8529"}],"wp:attachment":[{"href":"https:\/\/ermdigital.com\/index.php?rest_route=%2Fwp%2Fv2%2Fmedia&parent=8822"}],"wp:term":[{"taxonomy":"category","embeddable":true,"href":"https:\/\/ermdigital.com\/index.php?rest_route=%2Fwp%2Fv2%2Fcategories&post=8822"},{"taxonomy":"post_tag","embeddable":true,"href":"https:\/\/ermdigital.com\/index.php?rest_route=%2Fwp%2Fv2%2Ftags&post=8822"}],"curies":[{"name":"wp","href":"https:\/\/api.w.org\/{rel}","templated":true}]}}