{"id":8659,"date":"2026-03-28T10:31:00","date_gmt":"2026-03-28T14:31:00","guid":{"rendered":"https:\/\/ermdigital.com\/index.php\/2026\/03\/28\/adoarh-celebra-37-anos-de-labor-en-rd\/"},"modified":"2026-03-28T10:31:00","modified_gmt":"2026-03-28T14:31:00","slug":"adoarh-celebra-37-anos-de-labor-en-rd","status":"publish","type":"post","link":"https:\/\/ermdigital.com\/?p=8659","title":{"rendered":"Adoarh celebra 37 a\u00f1os de labor en RD"},"content":{"rendered":"<p>Con una trayectoria de <strong>37 a\u00f1os<\/strong> impulsando la <strong>profesionalizaci\u00f3n<\/strong> y el desarrollo estrat\u00e9gico de la <strong>Gesti\u00f3n Humana<\/strong> en el pa\u00eds, la <strong>Asociaci\u00f3n Dominicana de Administradores de Gesti\u00f3n Humana<\/strong> (<strong>Adoarh<\/strong>) celebr\u00f3 su <strong>aniversario<\/strong> reafirmando su liderazgo y compromiso con el <strong>fortalecimiento<\/strong> del talento en las organizaciones dominicanas.<\/p>\n<p>La conmemoraci\u00f3n tuvo lugar durante el <strong>c\u00f3ctel Aniversario Adoarh<\/strong>, celebrado en <strong>District, Naco<\/strong>, donde se dieron cita miembros, aliados estrat\u00e9gicos y profesionales del sector para reconocer los <strong>logros<\/strong> alcanzados y proyectar los pr\u00f3ximos pasos de la instituci\u00f3n.<\/p>\n<p>La actividad estuvo encabezada por la presidenta de la asociaci\u00f3n, <strong>Jenny Gonz\u00e1lez<\/strong>, acompa\u00f1ada por los miembros de la <strong>junta directiva<\/strong>: Evelyn M\u00e9ndez de Ortega, vicepresidenta; Lissette P\u00e9rez, tesorera; Susana D\u00edaz, secretaria; y Nelson Santana, vocal, quienes han desempe\u00f1ado un rol clave en la <strong>consolidaci\u00f3n institucional<\/strong>.<\/p>\n<div class=\"my-12 component gallery relative small-slider\">\n<div class=\"slider-container\">\n<figure class=\"slider-item\">\n<div class=\"expand-img-placeholder\"><img loading=\"lazy\" decoding=\"async\" src=\"https:\/\/resources.diariolibre.com\/images\/expand.svg\" alt=\"Expandir imagen\" width=\"20\" height=\"20\"><span class=\"rutaimagenoriginal-placeholder\">https:\/\/resources.diariolibre.com\/images\/2026\/03\/28\/2la-asociacion-dominicana-de-administradores-de-gestion-humana-celebra-37-anos-fortaleciendo-la-gestion-humana-en-republica-dominicana-025e4ee3.jpeg<\/span><\/div>\n<p><img decoding=\"async\" src=\"https:\/\/resources.diariolibre.com\/images\/2026\/03\/28\/2la-asociacion-dominicana-de-administradores-de-gestion-humana-celebra-37-anos-fortaleciendo-la-gestion-humana-en-republica-dominicana-025e4ee3.jpeg\" width=\"100%\" alt=\"La Asociaci\u00f3n Dominicana de Administradores de Gesti\u00f3n Humana celebra 37 a\u00f1os fortaleciendo la Gesti\u00f3n Humana en Rep\u00fablica Dominicana.\" class=\"w-full object-cover\"><figcaption><span>La Asociaci\u00f3n Dominicana de Administradores de Gesti\u00f3n Humana celebra 37 a\u00f1os fortaleciendo la Gesti\u00f3n Humana en Rep\u00fablica Dominicana.<\/span><span> (<strong>FUENTE EXTERNA<\/strong>)<\/span><\/figcaption><\/figure>\n<figure class=\"slider-item\">\n<div class=\"expand-img-placeholder\"><img loading=\"lazy\" decoding=\"async\" src=\"https:\/\/resources.diariolibre.com\/images\/expand.svg\" alt=\"Expandir imagen\" width=\"20\" height=\"20\"><span class=\"rutaimagenoriginal-placeholder\">https:\/\/resources.diariolibre.com\/images\/2026\/03\/28\/5victor-herrera-silvani-hernandez-y-salvador-espinal-0124aaf2.jpeg<\/span><\/div>\n<p><img decoding=\"async\" src=\"https:\/\/resources.diariolibre.com\/images\/2026\/03\/28\/5victor-herrera-silvani-hernandez-y-salvador-espinal-0124aaf2.jpeg\" width=\"100%\" alt=\"V\u00edctor Herrera. Silvani Hern\u00e1ndez y Salvador Espinal.\" class=\"w-full object-cover\"><figcaption><span>V\u00edctor Herrera. Silvani Hern\u00e1ndez y Salvador Espinal.<\/span><span> (<strong>FUENTE EXTERNA<\/strong>)<\/span><\/figcaption><\/figure>\n<figure class=\"slider-item\">\n<div class=\"expand-img-placeholder\"><img loading=\"lazy\" decoding=\"async\" src=\"https:\/\/resources.diariolibre.com\/images\/expand.svg\" alt=\"Expandir imagen\" width=\"20\" height=\"20\"><span class=\"rutaimagenoriginal-placeholder\">https:\/\/resources.diariolibre.com\/images\/2026\/03\/28\/6-maria-del-carmen-gil-y-roselys-arias-7b309143.jpeg<\/span><\/div>\n<p><img decoding=\"async\" src=\"https:\/\/resources.diariolibre.com\/images\/2026\/03\/28\/6-maria-del-carmen-gil-y-roselys-arias-7b309143.jpeg\" width=\"100%\" alt=\"Mar\u00eda del Carmen Gil y Roselys Arias.\" class=\"w-full object-cover\"><figcaption><span>Mar\u00eda del Carmen Gil y Roselys Arias.<\/span><span> (<strong>FUENTE EXTERNA<\/strong>)<\/span><\/figcaption><\/figure>\n<figure class=\"slider-item\">\n<div class=\"expand-img-placeholder\"><img loading=\"lazy\" decoding=\"async\" src=\"https:\/\/resources.diariolibre.com\/images\/expand.svg\" alt=\"Expandir imagen\" width=\"20\" height=\"20\"><span class=\"rutaimagenoriginal-placeholder\">https:\/\/resources.diariolibre.com\/images\/2026\/03\/28\/7indiana-tamarez-leticia-centurion-y-casilla-arriaga-39622890.jpeg<\/span><\/div>\n<p><img decoding=\"async\" src=\"https:\/\/resources.diariolibre.com\/images\/2026\/03\/28\/7indiana-tamarez-leticia-centurion-y-casilla-arriaga-39622890.jpeg\" width=\"100%\" alt=\"Indiana Tamarez, Leticia. Centurion y Casilla Arriaga.\" class=\"w-full object-cover\"><figcaption><span>Indiana Tamarez, Leticia. Centurion y Casilla Arriaga.<\/span><span> (<strong>FUENTE EXTERNA<\/strong>)<\/span><\/figcaption><\/figure>\n<\/p><\/div>\n<div class=\"slider-arrows\">\n<div class=\"slider-arrow prev\">\u2039<\/div>\n<div class=\"slider-arrow next\">\u203a<\/div>\n<\/p><\/div>\n<ul class=\"slider-dots\"><\/ul>\n<\/div>\n<p>\u201cHoy celebramos <strong>casi cuatro d\u00e9cadas<\/strong> acompa\u00f1ando, integrando y desarrollando a los profesionales de <strong>gesti\u00f3n humana<\/strong> en la Rep\u00fablica Dominicana, con un prop\u00f3sito claro: impulsamos la gesti\u00f3n de personas para <strong>transformar las organizaciones<\/strong> y el pa\u00eds. Tenemos el compromiso de seguir elevando el impacto de nuestra profesi\u00f3n, de formar a nuevas generaciones y de continuar posicionando la <strong>gesti\u00f3n humana<\/strong> como un pilar estrat\u00e9gico en nuestras organizaciones. Al mirar hacia adelante, estoy convencida de que lo mejor a\u00fan est\u00e1 por venir\u201d, expres\u00f3 <strong>Jenny Gonz\u00e1lez<\/strong> durante su discurso.<\/p>\n<p>Gonz\u00e1lez tambi\u00e9n resalt\u00f3 que: \u201cNuestra membres\u00eda asciende a <strong>m\u00e1s de mil profesionales<\/strong>, con una voz m\u00e1s amplia, diversa y activa. Nos llena de orgullo ver c\u00f3mo <strong>Adoarh<\/strong> ha crecido hasta consolidarse como un <strong>referente nacional<\/strong> en <strong>gesti\u00f3n humana<\/strong>, siendo una asociaci\u00f3n s\u00f3lida, incluyente y socialmente responsable\u201d.<\/p>\n<p>Un momento de profunda emotividad durante el acto fue el <strong>tributo a la memoria<\/strong> de <strong>Eladio Uribe<\/strong>, <strong>pasado presidente<\/strong> de la asociaci\u00f3n y de la Fidagh. <\/p>\n<p><strong>Jenny Gonz\u00e1lez<\/strong> record\u00f3 sus invaluables aportes y su entrega genuina, defini\u00e9ndolo como un \u2018<strong>impulsor incansable<\/strong> y un embajador que llev\u00f3 el nombre de <strong>Adoarh<\/strong> muy en alto\u2019. Para la directiva, celebrar este 37 <strong>aniversario<\/strong> es tambi\u00e9n una oportunidad para <strong>honrar a quienes<\/strong> construyeron el camino que hoy transita la instituci\u00f3n.<\/p>\n<div class=\"my-12 component gallery relative small-slider\">\n<div class=\"slider-container\">\n<figure class=\"slider-item\">\n<div class=\"expand-img-placeholder\"><img loading=\"lazy\" decoding=\"async\" src=\"https:\/\/resources.diariolibre.com\/images\/expand.svg\" alt=\"Expandir imagen\" width=\"20\" height=\"20\"><span class=\"rutaimagenoriginal-placeholder\">https:\/\/resources.diariolibre.com\/images\/2026\/03\/28\/3neyda-iglesias-y-evelyn-ortiz-10a45265.jpeg<\/span><\/div>\n<p><img decoding=\"async\" src=\"https:\/\/resources.diariolibre.com\/images\/2026\/03\/28\/3neyda-iglesias-y-evelyn-ortiz-10a45265.jpeg\" width=\"100%\" alt=\"Neyda Iglesias y Evelyn Ortiz.\" class=\"w-full object-cover\"><figcaption><span>Neyda Iglesias y Evelyn Ortiz.<\/span><span> (<strong>FUENTE EXTERNA<\/strong>)<\/span><\/figcaption><\/figure>\n<figure class=\"slider-item\">\n<div class=\"expand-img-placeholder\"><img loading=\"lazy\" decoding=\"async\" src=\"https:\/\/resources.diariolibre.com\/images\/expand.svg\" alt=\"Expandir imagen\" width=\"20\" height=\"20\"><span class=\"rutaimagenoriginal-placeholder\">https:\/\/resources.diariolibre.com\/images\/2026\/03\/28\/4miguelina-veras-crisalida-de-oleo-y-doneli-gonzalez-875117f9.jpeg<\/span><\/div>\n<p><img decoding=\"async\" src=\"https:\/\/resources.diariolibre.com\/images\/2026\/03\/28\/4miguelina-veras-crisalida-de-oleo-y-doneli-gonzalez-875117f9.jpeg\" width=\"100%\" alt=\"Miguelina Veras, Cris\u00e1lida De \u00d3leo y Doneli Gonzalez.\" class=\"w-full object-cover\"><figcaption><span>Miguelina Veras, Cris\u00e1lida De \u00d3leo y Doneli Gonzalez.<\/span><span> (<strong>FUENTE EXTERNA<\/strong>)<\/span><\/figcaption><\/figure>\n<figure class=\"slider-item\">\n<div class=\"expand-img-placeholder\"><img loading=\"lazy\" decoding=\"async\" src=\"https:\/\/resources.diariolibre.com\/images\/expand.svg\" alt=\"Expandir imagen\" width=\"20\" height=\"20\"><span class=\"rutaimagenoriginal-placeholder\">https:\/\/resources.diariolibre.com\/images\/2026\/03\/28\/8alidi-valerio-y-natalia-escolastico-f9b8d476.jpeg<\/span><\/div>\n<p><img decoding=\"async\" src=\"https:\/\/resources.diariolibre.com\/images\/2026\/03\/28\/8alidi-valerio-y-natalia-escolastico-f9b8d476.jpeg\" width=\"100%\" alt=\"Alidi Valerio y Natalia Escolastico.\" class=\"w-full object-cover\"><figcaption><span>Alidi Valerio y Natalia Escolastico.<\/span><span> (<strong>FUENTE EXTERNA<\/strong>)<\/span><\/figcaption><\/figure>\n<figure class=\"slider-item\">\n<div class=\"expand-img-placeholder\"><img loading=\"lazy\" decoding=\"async\" src=\"https:\/\/resources.diariolibre.com\/images\/expand.svg\" alt=\"Expandir imagen\" width=\"20\" height=\"20\"><span class=\"rutaimagenoriginal-placeholder\">https:\/\/resources.diariolibre.com\/images\/2026\/03\/28\/9wilmer-alejo-y-arianny-meran-0c143768.jpeg<\/span><\/div>\n<p><img decoding=\"async\" src=\"https:\/\/resources.diariolibre.com\/images\/2026\/03\/28\/9wilmer-alejo-y-arianny-meran-0c143768.jpeg\" width=\"100%\" alt=\"Wilmer Alejo y Arianny Mer\u00e1n.\" class=\"w-full object-cover\"><figcaption><span>Wilmer Alejo y Arianny Mer\u00e1n.<\/span><span> (<strong>FUENTE EXTERNA<\/strong>)<\/span><\/figcaption><\/figure>\n<\/p><\/div>\n<div class=\"slider-arrows\">\n<div class=\"slider-arrow prev\">\u2039<\/div>\n<div class=\"slider-arrow next\">\u203a<\/div>\n<\/p><\/div>\n<ul class=\"slider-dots\"><\/ul>\n<\/div>\n<p>La celebraci\u00f3n no solo fue un repaso de <strong>logros<\/strong>, sino una <strong>noche de risas<\/strong> necesarias. El reconocido standupero, actor y <strong>humorista<\/strong> <strong>Fernando Pucheu<\/strong>, con su veteran\u00eda en los medios y su agudeza para retratar la cotidianidad, fue el encargado de poner el sello de humor a la velada.<\/p>\n<p> Pucheu logr\u00f3 que los directores de <strong>gesti\u00f3n humana<\/strong> se vieran reflejados en sus <strong>rutinas<\/strong>, record\u00e1ndoles que, en medio de la estrategia y los procesos, la risa sigue siendo la mejor <strong>herramienta de conexi\u00f3n<\/strong> humana.\u00a0<\/p>\n<p><strong>Adoarh<\/strong> est\u00e1 afiliada internacionalmente a la <strong>Federaci\u00f3n Interamericana<\/strong> de Asociaciones de <strong>Gesti\u00f3n Humana<\/strong> y a la <strong>World Federation<\/strong> of People Management Associations, fortaleciendo su vinculaci\u00f3n con redes globales y regionales dedicadas al desarrollo de la <strong>gesti\u00f3n humana<\/strong>.<\/p>\n<p>A lo largo de <strong>casi cuatro d\u00e9cadas<\/strong>, la asociaci\u00f3n ha promovido espacios de <strong>formaci\u00f3n<\/strong>, <strong>di\u00e1logo<\/strong> e intercambio de <strong>buenas pr\u00e1cticas<\/strong> que impactan positivamente tanto a las organizaciones como a las personas, manteniendo firme su compromiso de transformar el talento en impacto y contribuir al desarrollo del pa\u00eds.\u00a0<\/p>\n<h2>Sobre <strong>Adoarh<\/strong><\/h2>\n<p><strong>Fundada en 1989<\/strong>, <strong>Adoarh<\/strong> es una <strong>organizaci\u00f3n profesional<\/strong> sin fines de lucro, cuyo prop\u00f3sito principal es integrar a los profesionales del \u00e1mbito de la <strong>gesti\u00f3n humana<\/strong> de los diversos sectores de la econom\u00eda nacional, contribuyendo al <strong>fortalecimiento<\/strong> de esta funci\u00f3n y al desarrollo integral de sus miembros.<\/p>\n<p><\/p>\n<p><\/p>\n<p>\u200bCon una trayectoria de 37 a\u00f1os impulsando la profesionalizaci\u00f3n y el desarrollo estrat\u00e9gico de la Gesti\u00f3n Humana en el pa\u00eds, la Asociaci\u00f3n Dominicana de Administradores de Gesti\u00f3n Humana (Adoarh) celebr\u00f3 su aniversario reafirmando su liderazgo y compromiso con el fortalecimiento del talento en las organizaciones dominicanas.La conmemoraci\u00f3n tuvo lugar durante el c\u00f3ctel Aniversario Adoarh, celebrado en District, Naco, donde se dieron cita miembros, aliados estrat\u00e9gicos y profesionales del sector para reconocer los logros alcanzados y proyectar los pr\u00f3ximos pasos de la instituci\u00f3n.La actividad estuvo encabezada por la presidenta de la asociaci\u00f3n, Jenny Gonz\u00e1lez, acompa\u00f1ada por los miembros de la junta directiva: Evelyn M\u00e9ndez de Ortega, vicepresidenta; Lissette P\u00e9rez, tesorera; Susana D\u00edaz, secretaria; y Nelson Santana, vocal, quienes han desempe\u00f1ado un rol clave en la consolidaci\u00f3n institucional.            https:\/\/resources.diariolibre.com\/images\/2026\/03\/28\/2la-asociacion-dominicana-de-administradores-de-gestion-humana-celebra-37-anos-fortaleciendo-la-gestion-humana-en-republica-dominicana-025e4ee3.jpegLa Asociaci\u00f3n Dominicana de Administradores de Gesti\u00f3n Humana celebra 37 a\u00f1os fortaleciendo la Gesti\u00f3n Humana en Rep\u00fablica Dominicana. (FUENTE EXTERNA)https:\/\/resources.diariolibre.com\/images\/2026\/03\/28\/5victor-herrera-silvani-hernandez-y-salvador-espinal-0124aaf2.jpegV\u00edctor Herrera. Silvani Hern\u00e1ndez y Salvador Espinal. (FUENTE EXTERNA)https:\/\/resources.diariolibre.com\/images\/2026\/03\/28\/6-maria-del-carmen-gil-y-roselys-arias-7b309143.jpegMar\u00eda del Carmen Gil y Roselys Arias. (FUENTE EXTERNA)https:\/\/resources.diariolibre.com\/images\/2026\/03\/28\/7indiana-tamarez-leticia-centurion-y-casilla-arriaga-39622890.jpegIndiana Tamarez, Leticia. Centurion y Casilla Arriaga. (FUENTE EXTERNA)                \u2039        \u203a        \u201cHoy celebramos casi cuatro d\u00e9cadas acompa\u00f1ando, integrando y desarrollando a los profesionales de gesti\u00f3n humana en la Rep\u00fablica Dominicana, con un prop\u00f3sito claro: impulsamos la gesti\u00f3n de personas para transformar las organizaciones y el pa\u00eds. Tenemos el compromiso de seguir elevando el impacto de nuestra profesi\u00f3n, de formar a nuevas generaciones y de continuar posicionando la gesti\u00f3n humana como un pilar estrat\u00e9gico en nuestras organizaciones. Al mirar hacia adelante, estoy convencida de que lo mejor a\u00fan est\u00e1 por venir\u201d, expres\u00f3 Jenny Gonz\u00e1lez durante su discurso.Gonz\u00e1lez tambi\u00e9n resalt\u00f3 que: \u201cNuestra membres\u00eda asciende a m\u00e1s de mil profesionales, con una voz m\u00e1s amplia, diversa y activa. Nos llena de orgullo ver c\u00f3mo Adoarh ha crecido hasta consolidarse como un referente nacional en gesti\u00f3n humana, siendo una asociaci\u00f3n s\u00f3lida, incluyente y socialmente responsable\u201d.Un momento de profunda emotividad durante el acto fue el tributo a la memoria de Eladio Uribe, pasado presidente de la asociaci\u00f3n y de la Fidagh. Jenny Gonz\u00e1lez record\u00f3 sus invaluables aportes y su entrega genuina, defini\u00e9ndolo como un \u2018impulsor incansable y un embajador que llev\u00f3 el nombre de Adoarh muy en alto\u2019. Para la directiva, celebrar este 37 aniversario es tambi\u00e9n una oportunidad para honrar a quienes construyeron el camino que hoy transita la instituci\u00f3n.            https:\/\/resources.diariolibre.com\/images\/2026\/03\/28\/3neyda-iglesias-y-evelyn-ortiz-10a45265.jpegNeyda Iglesias y Evelyn Ortiz. (FUENTE EXTERNA)https:\/\/resources.diariolibre.com\/images\/2026\/03\/28\/4miguelina-veras-crisalida-de-oleo-y-doneli-gonzalez-875117f9.jpegMiguelina Veras, Cris\u00e1lida De \u00d3leo y Doneli Gonzalez. (FUENTE EXTERNA)https:\/\/resources.diariolibre.com\/images\/2026\/03\/28\/8alidi-valerio-y-natalia-escolastico-f9b8d476.jpegAlidi Valerio y Natalia Escolastico. (FUENTE EXTERNA)https:\/\/resources.diariolibre.com\/images\/2026\/03\/28\/9wilmer-alejo-y-arianny-meran-0c143768.jpegWilmer Alejo y Arianny Mer\u00e1n. (FUENTE EXTERNA)                \u2039        \u203a        La celebraci\u00f3n no solo fue un repaso de logros, sino una noche de risas necesarias. El reconocido standupero, actor y humorista Fernando Pucheu, con su veteran\u00eda en los medios y su agudeza para retratar la cotidianidad, fue el encargado de poner el sello de humor a la velada. Pucheu logr\u00f3 que los directores de gesti\u00f3n humana se vieran reflejados en sus rutinas, record\u00e1ndoles que, en medio de la estrategia y los procesos, la risa sigue siendo la mejor herramienta de conexi\u00f3n humana.\u00a0Adoarh est\u00e1 afiliada internacionalmente a la Federaci\u00f3n Interamericana de Asociaciones de Gesti\u00f3n Humana y a la World Federation of People Management Associations, fortaleciendo su vinculaci\u00f3n con redes globales y regionales dedicadas al desarrollo de la gesti\u00f3n humana.A lo largo de casi cuatro d\u00e9cadas, la asociaci\u00f3n ha promovido espacios de formaci\u00f3n, di\u00e1logo e intercambio de buenas pr\u00e1cticas que impactan positivamente tanto a las organizaciones como a las personas, manteniendo firme su compromiso de transformar el talento en impacto y contribuir al desarrollo del pa\u00eds.\u00a0Sobre AdoarhFundada en 1989, Adoarh es una organizaci\u00f3n profesional sin fines de lucro, cuyo prop\u00f3sito principal es integrar a los profesionales del \u00e1mbito de la gesti\u00f3n humana de los diversos sectores de la econom\u00eda nacional, contribuyendo al fortalecimiento de esta funci\u00f3n y al desarrollo integral de sus miembros.\u00a0\u00a0Revista, Sociales, Diario Libre, Santo Domingo, Aniversario, Reconocimiento, ADOARH, Gesti\u00f3n Humana, Logros\u00a0<\/p>\n","protected":false},"excerpt":{"rendered":"<p>Con una trayectoria de 37 a\u00f1os impulsando la profesionalizaci\u00f3n y el desarrollo estrat\u00e9gico de la Gesti\u00f3n Humana en el pa\u00eds, la Asociaci\u00f3n Dominicana de Administradores de Gesti\u00f3n Humana (Adoarh) celebr\u00f3 su aniversario reafirmando su liderazgo y compromiso con el fortalecimiento del talento en las organizaciones dominicanas. La conmemoraci\u00f3n tuvo lugar durante el c\u00f3ctel Aniversario Adoarh, [&hellip;]<\/p>\n","protected":false},"author":1,"featured_media":8112,"comment_status":"open","ping_status":"open","sticky":false,"template":"","format":"standard","meta":{"amp_status":"","footnotes":""},"categories":[9],"tags":[],"class_list":["post-8659","post","type-post","status-publish","format-standard","has-post-thumbnail","hentry","category-espectaculo"],"_links":{"self":[{"href":"https:\/\/ermdigital.com\/index.php?rest_route=\/wp\/v2\/posts\/8659","targetHints":{"allow":["GET"]}}],"collection":[{"href":"https:\/\/ermdigital.com\/index.php?rest_route=\/wp\/v2\/posts"}],"about":[{"href":"https:\/\/ermdigital.com\/index.php?rest_route=\/wp\/v2\/types\/post"}],"author":[{"embeddable":true,"href":"https:\/\/ermdigital.com\/index.php?rest_route=\/wp\/v2\/users\/1"}],"replies":[{"embeddable":true,"href":"https:\/\/ermdigital.com\/index.php?rest_route=%2Fwp%2Fv2%2Fcomments&post=8659"}],"version-history":[{"count":0,"href":"https:\/\/ermdigital.com\/index.php?rest_route=\/wp\/v2\/posts\/8659\/revisions"}],"wp:featuredmedia":[{"embeddable":true,"href":"https:\/\/ermdigital.com\/index.php?rest_route=\/wp\/v2\/media\/8112"}],"wp:attachment":[{"href":"https:\/\/ermdigital.com\/index.php?rest_route=%2Fwp%2Fv2%2Fmedia&parent=8659"}],"wp:term":[{"taxonomy":"category","embeddable":true,"href":"https:\/\/ermdigital.com\/index.php?rest_route=%2Fwp%2Fv2%2Fcategories&post=8659"},{"taxonomy":"post_tag","embeddable":true,"href":"https:\/\/ermdigital.com\/index.php?rest_route=%2Fwp%2Fv2%2Ftags&post=8659"}],"curies":[{"name":"wp","href":"https:\/\/api.w.org\/{rel}","templated":true}]}}