{"id":8594,"date":"2026-03-28T07:11:00","date_gmt":"2026-03-28T11:11:00","guid":{"rendered":"https:\/\/ermdigital.com\/index.php\/2026\/03\/28\/banco-caribe-celebra-encuentro-anual-perspectiva-caribe\/"},"modified":"2026-03-28T07:11:00","modified_gmt":"2026-03-28T11:11:00","slug":"banco-caribe-celebra-encuentro-anual-perspectiva-caribe","status":"publish","type":"post","link":"https:\/\/ermdigital.com\/?p=8594","title":{"rendered":"Banco Caribe celebra encuentro anual \u201cPerspectiva Caribe\u201d"},"content":{"rendered":"<p>Con el objetivo de generar espacios de an\u00e1lisis estrat\u00e9gico y aportar valor a la toma de <strong>decisiones<\/strong> empresariales, <strong>Banco Caribe<\/strong> <strong>celebr\u00f3<\/strong> una nueva edici\u00f3n de <strong>Perspectiva Caribe<\/strong>, un encuentro exclusivo que reuni\u00f3 a l\u00edderes del sector para reflexionar sobre el entorno econ\u00f3mico global y sus implicaciones a nivel local.<\/p>\n<p>La <strong>iniciativa<\/strong> forma parte del <strong>compromiso<\/strong> de la entidad de fortalecer el relacionamiento con sus <strong>clientes<\/strong> y ofrecerles acceso a informaci\u00f3n de alto nivel, <strong>visi\u00f3n estrat\u00e9gica<\/strong> y perspectivas que contribuyan a anticipar escenarios y tomar <strong>decisiones<\/strong> informadas en un entorno cada vez m\u00e1s din\u00e1mico.<\/p>\n<p>Al referirse a la <strong>iniciativa<\/strong>, <strong>Edgar del Toro<\/strong>, presidente ejecutivo de <strong>Banco Caribe<\/strong>, <strong>destac\u00f3<\/strong>: \u201cEn <strong>Banco Caribe<\/strong> creemos en el valor de generar espacios de <strong>pensamiento estrat\u00e9gico<\/strong> para nuestros <strong>clientes<\/strong>. <strong>Perspectiva Caribe<\/strong> es una muestra de nuestro <strong>compromiso<\/strong> de acompa\u00f1arlos no solo desde el \u00e1mbito financiero, sino tambi\u00e9n desde la visi\u00f3n, el an\u00e1lisis y la anticipaci\u00f3n que exige el entorno actual\".<\/p>\n<figure class=\"inline-block\">\n<div class=\"expand-img-placeholder\"><img loading=\"lazy\" decoding=\"async\" src=\"https:\/\/resources.diariolibre.com\/images\/expand.svg\" alt=\"Expandir imagen\" width=\"20\" height=\"20\"><span class=\"rutaimagenoriginal-placeholder\">https:\/\/resources.diariolibre.com\/images\/2026\/03\/28\/raul-ovalle-perspectiva-caribe-2026-d1439efd.png<\/span><\/div>\n<p><img decoding=\"async\" loading=\"lazy\" src=\"https:\/\/resources.diariolibre.com\/images\/2026\/03\/28\/raul-ovalle-perspectiva-caribe-2026-d1439efd.png\" width=\"auto\" height=\"350\" alt=\"Infograf\u00eda\" class=\"mx-auto\"><figcaption><span>Durante la actividad el economista Ra\u00fal Ovalle imparti\u00f3 una conferencia magistral.<\/span><span> (<strong>FUENTE EXTERNA<\/strong>)<\/span><\/figcaption><\/figure>\n<h2><strong>Conferencia magistral<\/strong><\/h2>\n<p>En esta ocasi\u00f3n, la <strong>conferencia magistral<\/strong> estuvo a cargo del economista <strong>Ra\u00fal Ovalle<\/strong>, quien abord\u00f3 el tema \u201cLa crisis geopol\u00edtica y su <strong>impacto macroecon\u00f3mico<\/strong> en la Rep\u00fablica Dominicana\u201d, ofreciendo un an\u00e1lisis profundo sobre las tensiones internacionales, sus efectos en los mercados y las implicaciones para el desarrollo econ\u00f3mico del pa\u00eds.<\/p>\n<ul>\n<li>Durante el evento, los asistentes tambi\u00e9n tuvieron la oportunidad de <strong>intercambiar ideas<\/strong> y participar en <strong>conversaciones de alto nivel<\/strong>, consolidando este espacio como una plataforma de <strong>pensamiento estrat\u00e9gico<\/strong> donde convergen tendencias econ\u00f3micas, innovaci\u00f3n tecnol\u00f3gica y proyecciones de futuro.<\/li>\n<\/ul>\n<p><strong>Perspectiva Caribe<\/strong> reafirma as\u00ed su prop\u00f3sito de ser m\u00e1s que un evento: un punto de encuentro donde la informaci\u00f3n se transforma en perspectiva y la perspectiva en <strong>decisiones<\/strong> que impulsan el <strong>crecimiento sostenible<\/strong> de las empresas y del pa\u00eds.<\/p>\n<p><\/p>\n<p><\/p>\n<p>\u200bCon el objetivo de generar espacios de an\u00e1lisis estrat\u00e9gico y aportar valor a la toma de decisiones empresariales, Banco Caribe celebr\u00f3 una nueva edici\u00f3n de Perspectiva Caribe, un encuentro exclusivo que reuni\u00f3 a l\u00edderes del sector para reflexionar sobre el entorno econ\u00f3mico global y sus implicaciones a nivel local.La iniciativa forma parte del compromiso de la entidad de fortalecer el relacionamiento con sus clientes y ofrecerles acceso a informaci\u00f3n de alto nivel, visi\u00f3n estrat\u00e9gica y perspectivas que contribuyan a anticipar escenarios y tomar decisiones informadas en un entorno cada vez m\u00e1s din\u00e1mico.Al referirse a la iniciativa, Edgar del Toro, presidente ejecutivo de Banco Caribe, destac\u00f3: \u201cEn Banco Caribe creemos en el valor de generar espacios de pensamiento estrat\u00e9gico para nuestros clientes. Perspectiva Caribe es una muestra de nuestro compromiso de acompa\u00f1arlos no solo desde el \u00e1mbito financiero, sino tambi\u00e9n desde la visi\u00f3n, el an\u00e1lisis y la anticipaci\u00f3n que exige el entorno actual\".https:\/\/resources.diariolibre.com\/images\/2026\/03\/28\/raul-ovalle-perspectiva-caribe-2026-d1439efd.pngDurante la actividad el economista Ra\u00fal Ovalle imparti\u00f3 una conferencia magistral. (FUENTE EXTERNA)Conferencia magistralEn esta ocasi\u00f3n, la conferencia magistral estuvo a cargo del economista Ra\u00fal Ovalle, quien abord\u00f3 el tema \u201cLa crisis geopol\u00edtica y su impacto macroecon\u00f3mico en la Rep\u00fablica Dominicana\u201d, ofreciendo un an\u00e1lisis profundo sobre las tensiones internacionales, sus efectos en los mercados y las implicaciones para el desarrollo econ\u00f3mico del pa\u00eds.    Durante el evento, los asistentes tambi\u00e9n tuvieron la oportunidad de intercambiar ideas y participar en conversaciones de alto nivel, consolidando este espacio como una plataforma de pensamiento estrat\u00e9gico donde convergen tendencias econ\u00f3micas, innovaci\u00f3n tecnol\u00f3gica y proyecciones de futuro.Perspectiva Caribe reafirma as\u00ed su prop\u00f3sito de ser m\u00e1s que un evento: un punto de encuentro donde la informaci\u00f3n se transforma en perspectiva y la perspectiva en decisiones que impulsan el crecimiento sostenible de las empresas y del pa\u00eds.\u00a0\u00a0Revista, Sociales, Diario Libre, Santo Domingo, conferencia, Iniciativa, Banco Caribe, clientes, Encuentro anual, Perspectiva Caribe\u00a0<\/p>\n","protected":false},"excerpt":{"rendered":"<p>Con el objetivo de generar espacios de an\u00e1lisis estrat\u00e9gico y aportar valor a la toma de decisiones empresariales, Banco Caribe celebr\u00f3 una nueva edici\u00f3n de Perspectiva Caribe, un encuentro exclusivo que reuni\u00f3 a l\u00edderes del sector para reflexionar sobre el entorno econ\u00f3mico global y sus implicaciones a nivel local. La iniciativa forma parte del compromiso [&hellip;]<\/p>\n","protected":false},"author":1,"featured_media":8035,"comment_status":"open","ping_status":"open","sticky":false,"template":"","format":"standard","meta":{"amp_status":"","footnotes":""},"categories":[9],"tags":[],"class_list":["post-8594","post","type-post","status-publish","format-standard","has-post-thumbnail","hentry","category-espectaculo"],"_links":{"self":[{"href":"https:\/\/ermdigital.com\/index.php?rest_route=\/wp\/v2\/posts\/8594","targetHints":{"allow":["GET"]}}],"collection":[{"href":"https:\/\/ermdigital.com\/index.php?rest_route=\/wp\/v2\/posts"}],"about":[{"href":"https:\/\/ermdigital.com\/index.php?rest_route=\/wp\/v2\/types\/post"}],"author":[{"embeddable":true,"href":"https:\/\/ermdigital.com\/index.php?rest_route=\/wp\/v2\/users\/1"}],"replies":[{"embeddable":true,"href":"https:\/\/ermdigital.com\/index.php?rest_route=%2Fwp%2Fv2%2Fcomments&post=8594"}],"version-history":[{"count":0,"href":"https:\/\/ermdigital.com\/index.php?rest_route=\/wp\/v2\/posts\/8594\/revisions"}],"wp:featuredmedia":[{"embeddable":true,"href":"https:\/\/ermdigital.com\/index.php?rest_route=\/wp\/v2\/media\/8035"}],"wp:attachment":[{"href":"https:\/\/ermdigital.com\/index.php?rest_route=%2Fwp%2Fv2%2Fmedia&parent=8594"}],"wp:term":[{"taxonomy":"category","embeddable":true,"href":"https:\/\/ermdigital.com\/index.php?rest_route=%2Fwp%2Fv2%2Fcategories&post=8594"},{"taxonomy":"post_tag","embeddable":true,"href":"https:\/\/ermdigital.com\/index.php?rest_route=%2Fwp%2Fv2%2Ftags&post=8594"}],"curies":[{"name":"wp","href":"https:\/\/api.w.org\/{rel}","templated":true}]}}