{"id":8050,"date":"2026-03-28T12:21:57","date_gmt":"2026-03-28T16:21:57","guid":{"rendered":"https:\/\/ermdigital.com\/index.php\/2026\/03\/28\/futbol-victor-munoz-del-fallo-en-un-clasico-a-marcar-en-su-debut\/"},"modified":"2026-03-28T12:21:57","modified_gmt":"2026-03-28T16:21:57","slug":"futbol-victor-munoz-del-fallo-en-un-clasico-a-marcar-en-su-debut","status":"publish","type":"post","link":"https:\/\/ermdigital.com\/?p=8050","title":{"rendered":"F\u00fatbol: V\u00edctor Mu\u00f1oz, del fallo en un Cl\u00e1sico a marcar en su debut"},"content":{"rendered":"<p>\u00a0\u00a0<\/p>\n<p>A menudo, en el <strong>f\u00fatbol<\/strong> se puede pasar del todo a la nada en un suspiro. O al rev\u00e9s. El \u00faltimo en comprobarlo fue el joven <strong>V\u00edctor Mu\u00f1oz<\/strong> que, criticado hace menos de un a\u00f1o por un fallo en un <strong>Cl\u00e1sico<\/strong>, el viernes marc\u00f3 en su debut con la selecci\u00f3n espa\u00f1ola.<\/p>\n<p>El pasado 11 de mayo, <strong>Carlo Ancelotti<\/strong> hizo <strong>debutar<\/strong> en un <strong>Cl\u00e1sico<\/strong> al joven nacido en Barcelona hace 22 a\u00f1os y el sue\u00f1o se convirti\u00f3 en pesadilla.<\/p>\n<p>El <strong>Real Madrid<\/strong> <strong>perdi\u00f3 4-3<\/strong> contra el Barcelona y <strong>V\u00edctor Mu\u00f1oz<\/strong>, que hab\u00eda sustituido en los \u00faltimos minutos a Vinicius, ech\u00f3 fuera un bal\u00f3n en un mano a mano con Wojciech Szczesny cuando el arquero polaco del Barcelona estaba ya batido.<\/p>\n<h2>&#8211; Criticado e insultado en redes &#8211;<\/h2>\n<p>Las duras <strong>cr\u00edticas<\/strong> e insultos recibidos en internet por parte de aficionados blancos le llevaron a cerrar sus redes sociales y seguir luchando por hacerse un nombre en el <strong>f\u00fatbol<\/strong>.<\/p>\n<p>Pese a jugar tambi\u00e9n un par de partidos en el <strong>Mundial de Clubes<\/strong>, fue <strong>traspasado<\/strong> en el verano del 2025 a <strong>Osasuna<\/strong> por 5 millones de euros (5,75 millones de d\u00f3lares).<\/p>\n<p>El <strong>veloc\u00edsimo extremo<\/strong> est\u00e1 cuajando una <strong>gran temporada<\/strong> con el equipo rojillo (5 goles y 2 asistencias), lo que le llev\u00f3 a ser convocado por Luis de la Fuente.<\/p>\n<p>El s\u00e1bado, apenas 10 meses del error en Barcelona, <strong>V\u00edctor Mu\u00f1oz<\/strong> debut\u00f3 con Espa\u00f1a anotando el tercer gol en la victoria contra Serbia (3-0) en partido amistoso de preparaci\u00f3n para el Mundial.<\/p>\n<p>Tras recibir un taconazo de Ferran Torres y en una posici\u00f3n casi calcada a la de hace unos meses, <strong>V\u00edctor Mu\u00f1oz<\/strong> super\u00f3 al arquero rival con un disparo con el exterior del pie derecho.<\/p>\n<p>\"La verdad es que la vida te cambia muy r\u00e1pido, no te da tiempo a asimilarlo. Intento disfrutar del proceso, de cada d\u00eda, sobre todo de adquirir experiencia en estos partidos, tanto aqu\u00ed como en mi club. Pasito a pasito, voy encontrando hueco en la \u00e9lite\", declar\u00f3 con modestia en la zona mixta.<\/p>\n<p>El <strong>seleccionador espa\u00f1ol<\/strong> no escatim\u00f3 <strong>elogios<\/strong> tras el partido. \"Tiene mucha <strong>humildad<\/strong>, se integr\u00f3 bien con el grupo y eso es muy importante para nosotros. S\u00f3lo le pido que siga as\u00ed, que es la mejor manera de crecer\", afirm\u00f3.<\/p>\n<h2>&#8211; \"Vengo de una familia muy normal\" &#8211;<\/h2>\n<p>Esa <strong>humildad<\/strong> le permiti\u00f3 no rendirse cuando fue descartado de ni\u00f1o en La Masia, prestigiosa academia del Barcelona, y casi tuvo que partir de cero hasta acabar en las categor\u00edas inferiores del <strong>Real Madrid<\/strong>.<\/p>\n<p>\"Vengo de una familia muy normal y muy currante.\u00a0Mi madre era peluquera, pero tuvo que dejar su trabajo por un problema en la mano. Mi padre trabaja como celador. Siempre he visto lo que cuesta ganarse las cosas, y eso te ense\u00f1a <strong>valores<\/strong>\", explic\u00f3 hace unos meses en un acto de promoci\u00f3n en <strong>Pamplona<\/strong>.<\/p>\n<p>\"<strong>Mis padres me inculcaron<\/strong> que lo importante no es llegar, sino mantenerte siendo buena persona. Eso intento aplicar tambi\u00e9n en el <strong>f\u00fatbol<\/strong>\", insisti\u00f3.<\/p>\n<p>Con Nico Williams en duda tras una temporada con muchos problemas f\u00edsicos, las puertas de la selecci\u00f3n se abrieron para <strong>V\u00edctor Mu\u00f1oz<\/strong> y, tras su debut, podr\u00eda formar parte de la lista de 26 jugadores que disputar\u00e1n el Mundial de Norteam\u00e9rica del 11 de junio al 19 de julio.<\/p>\n<p>Su irrupci\u00f3n en la \u00e9lite ya lleva a los medios espa\u00f1oles a informar que el <strong>Real Madrid<\/strong> se plantea recuperarlo (por unos ocho millones de euros) y que el Barcelona tambi\u00e9n est\u00e1 interesado en ficharle.<\/p>\n<div class=\"w-full pt-2 float-left inside-related\"><strong>RELACIONADAS<\/strong><\/p>\n<article class=\"flex flex-wrap border-b pb-4 mb-3 inline-block\">\n<div class=\"xl:w-2\/12 w-4\/12\">\n<figure class=\"mb-0\"><img loading=\"lazy\" decoding=\"async\" src=\"https:\/\/resources.diariolibre.com\/images\/2026\/03\/28\/laliga-el-real-zaragoza-de-asombrar-a-europa-a-un-pie-fuera-b4af2287-focus-0-0-149-99.jpg\" width=\"149\" height=\"99\" title=\"El Real Zaragoza, de asombrar a Europa a verse con un pie en el precipicio\" alt=\"El Real Zaragoza, de asombrar a Europa a verse con un pie en el precipicio\" class=\"object-cover\" \/><\/figure>\n<\/div>\n<\/article>\n<article class=\"flex flex-wrap border-b pb-4 mb-3 inline-block\">\n<div class=\"xl:w-2\/12 w-4\/12\">\n<figure class=\"mb-0\"><img loading=\"lazy\" decoding=\"async\" src=\"https:\/\/resources.diariolibre.com\/images\/2026\/03\/19\/iran-asegura-no-boicoteara-el-mundial-de-futbol-dc94e923-focus-0-0-149-99.jpg\" width=\"149\" height=\"99\" title=\"Ir\u00e1n boicotear\u00e1 a EE. UU. pero no el Mundial de f\u00fatbol, anuncia jefe de la federaci\u00f3n\" alt=\"Ir\u00e1n boicotear\u00e1 a EE. UU. pero no el Mundial de f\u00fatbol, anuncia jefe de la federaci\u00f3n\" class=\"object-cover\" \/><\/figure>\n<\/div>\n<\/article>\n<article class=\"flex flex-wrap border-b pb-4 mb-3 inline-block\">\n<div class=\"xl:w-2\/12 w-4\/12\">\n<figure class=\"mb-0\"><img loading=\"lazy\" decoding=\"async\" src=\"https:\/\/resources.diariolibre.com\/images\/2025\/12\/10\/fedofutbol-yelena-hazim-figuereo-es-la-primera-secretaria-general-e49abeb0-focus-0.01-0.57-149-99.png\" width=\"149\" height=\"99\" title=\"Presidente de la FDF sobre suspensiones: El f\u00fatbol no se va a detener\" alt=\"Presidente de la FDF sobre suspensiones: El f\u00fatbol no se va a detener\" class=\"object-cover\" \/><\/figure>\n<\/div>\n<\/article>\n<\/div>\n<p>Lo que ya consigui\u00f3 es acallar a aquellos que le criticaron hace unos meses.<\/p>\n<p>mcd\/mab<\/p>\n<div class=\"border-t border-b py-2 my-5 tags-container\"><strong>TEMAS &#8211; <\/strong><\/p>\n<ul>\n<li>\n<div class=\"inline-block border p-2 rounded-full align-middle\">\n<p><a href=\"https:\/\/www.diariolibre.com\/tags\/futbol\/169\" title=\"F\u00fatbol\">F\u00fatbol<\/a><\/p>\n<\/div>\n<\/li>\n<li>\n<div class=\"inline-block border p-2 rounded-full align-middle\">\n<p><a href=\"https:\/\/www.diariolibre.com\/tags\/victor-munoz\/365265\" title=\"V\u00edctor Mu\u00f1oz\">V\u00edctor Mu\u00f1oz<\/a><\/p>\n<\/div>\n<\/li>\n<li>\n<div class=\"inline-block border p-2 rounded-full align-middle\">\n<p><a href=\"https:\/\/www.diariolibre.com\/tags\/clasico\/8962\" title=\"Cl\u00e1sico\">Cl\u00e1sico<\/a><\/p>\n<\/div>\n<\/li>\n<\/ul>\n<\/div>\n<p>\u00a0<\/p>\n","protected":false},"excerpt":{"rendered":"<p>\u00a0\u00a0 A menudo, en el f\u00fatbol se puede pasar del todo a la nada en un suspiro. O al rev\u00e9s. El \u00faltimo en comprobarlo fue el joven V\u00edctor Mu\u00f1oz que, criticado hace menos de un a\u00f1o por un fallo en un Cl\u00e1sico, el viernes marc\u00f3 en su debut con la selecci\u00f3n espa\u00f1ola. El pasado 11 [&hellip;]<\/p>\n","protected":false},"author":1,"featured_media":8051,"comment_status":"open","ping_status":"open","sticky":false,"template":"","format":"standard","meta":{"amp_status":"","footnotes":""},"categories":[4],"tags":[],"class_list":["post-8050","post","type-post","status-publish","format-standard","has-post-thumbnail","hentry","category-deportes"],"_links":{"self":[{"href":"https:\/\/ermdigital.com\/index.php?rest_route=\/wp\/v2\/posts\/8050","targetHints":{"allow":["GET"]}}],"collection":[{"href":"https:\/\/ermdigital.com\/index.php?rest_route=\/wp\/v2\/posts"}],"about":[{"href":"https:\/\/ermdigital.com\/index.php?rest_route=\/wp\/v2\/types\/post"}],"author":[{"embeddable":true,"href":"https:\/\/ermdigital.com\/index.php?rest_route=\/wp\/v2\/users\/1"}],"replies":[{"embeddable":true,"href":"https:\/\/ermdigital.com\/index.php?rest_route=%2Fwp%2Fv2%2Fcomments&post=8050"}],"version-history":[{"count":0,"href":"https:\/\/ermdigital.com\/index.php?rest_route=\/wp\/v2\/posts\/8050\/revisions"}],"wp:featuredmedia":[{"embeddable":true,"href":"https:\/\/ermdigital.com\/index.php?rest_route=\/wp\/v2\/media\/8051"}],"wp:attachment":[{"href":"https:\/\/ermdigital.com\/index.php?rest_route=%2Fwp%2Fv2%2Fmedia&parent=8050"}],"wp:term":[{"taxonomy":"category","embeddable":true,"href":"https:\/\/ermdigital.com\/index.php?rest_route=%2Fwp%2Fv2%2Fcategories&post=8050"},{"taxonomy":"post_tag","embeddable":true,"href":"https:\/\/ermdigital.com\/index.php?rest_route=%2Fwp%2Fv2%2Ftags&post=8050"}],"curies":[{"name":"wp","href":"https:\/\/api.w.org\/{rel}","templated":true}]}}