{"id":7989,"date":"2026-03-28T10:21:51","date_gmt":"2026-03-28T14:21:51","guid":{"rendered":"https:\/\/ermdigital.com\/index.php\/2026\/03\/28\/laliga-el-real-zaragoza-de-asombrar-a-europa-a-un-pie-fuera\/"},"modified":"2026-03-28T10:21:51","modified_gmt":"2026-03-28T14:21:51","slug":"laliga-el-real-zaragoza-de-asombrar-a-europa-a-un-pie-fuera","status":"publish","type":"post","link":"https:\/\/ermdigital.com\/?p=7989","title":{"rendered":"LaLiga: El Real Zaragoza, de asombrar a Europa a un pie fuera"},"content":{"rendered":"<p>\u00a0\u00a0<\/p>\n<p><strong>Diez de mayo de 1995<\/strong>, el <strong>Real Zaragoza<\/strong> logra la mayor gesta de su historia al conquistar la <strong>Recopa de Europa<\/strong> ante el <strong>Arsenal<\/strong> con un gol ic\u00f3nico e inveros\u00edmil de <strong>Nayim<\/strong>. Tres d\u00e9cadas despu\u00e9s, el equipo aragon\u00e9s se asoma peligrosamente al descenso a la tercera categor\u00eda del <strong>f\u00fatbol espa\u00f1ol<\/strong>.<\/p>\n<p>Mientras los Gunners -sus rivales de aquella final en el Parque de los Pr\u00edncipes de Par\u00eds- pelean por cosechar un <strong>triplete hist\u00f3rico<\/strong> (Premier League, FA Cup y Champions), el conjunto ma\u00f1o ocupa el vig\u00e9simo puesto de 22 equipos en la <strong>segunda divisi\u00f3n espa\u00f1ola<\/strong> y ve la zona de salvaci\u00f3n a seis puntos cuando quedan once fechas para el final del campeonato.<\/p>\n<p>En aquel equipo que se coron\u00f3 campe\u00f3n de la extinta <strong>Recopa de Europa<\/strong> (competici\u00f3n que reun\u00eda a los campeones de las copas nacionales) figuraban, entre otros, los argentinos <strong>Fernando C\u00e1ceres<\/strong> y <strong>Juan Eduardo Esn\u00e1ider<\/strong>, el uruguayo Gustavo Poyet y los espa\u00f1oles <strong>Miguel Pardeza<\/strong>, Andoni Cedr\u00fan, Alberto Belsu\u00e9, Xavi Aguado, Francisco \"Paquete\" Higuera&#8230;<\/p>\n<p>Tambi\u00e9n <strong>Nayim<\/strong>, autor de un <strong>gol imposible<\/strong> en el <strong>minuto 119<\/strong> en la pr\u00f3rroga ante el <strong>Arsenal<\/strong>, con una volea al cielo desde casi la medular que tom\u00f3 una par\u00e1bola insospechada antes de acabar en las redes de la porter\u00eda de David Seaman.<\/p>\n<h2>&#8211; \"Un <strong>aut\u00e9ntico drama<\/strong>\" &#8211;<\/h2>\n<p>Actualmente <strong>Nayim<\/strong> ejerce como coordinador de la cantera del <strong>Ceuta<\/strong>, la localidad espa\u00f1ola en el norte de \u00c1frica en la que naci\u00f3, que milita tambi\u00e9n en segunda y que, paradojas del destino, visitar\u00e1 <strong>Zaragoza<\/strong> el 18 de abril en un duelo que podr\u00eda casi certificar la cat\u00e1strofe para su antiguo equipo.<\/p>\n<p>\"Lo que no espero es que el equipo de mi ciudad d\u00e9 la puntilla al <strong>Real Zaragoza<\/strong>. Va a ser un <strong>partido dif\u00edcil<\/strong>, esperemos que cuando llegue el partido el <strong>Ceuta<\/strong> est\u00e9 salvado y que el <strong>Real Zaragoza<\/strong> est\u00e9 muy cerca de la salvaci\u00f3n\", declar\u00f3 <strong>Nayim<\/strong> a la AFP.<\/p>\n<p>El antiguo volante, de 59 a\u00f1os, no oculta su inquietud por el <strong>Zaragoza<\/strong>: \"Es un <strong>sentimiento de preocupaci\u00f3n<\/strong>, a dos partidos de distancia de la salvaci\u00f3n, esperanzas hay de que se salve, pero esta temporada est\u00e1 siendo muy delicada, muy dif\u00edcil, y esperemos que en estos partidos que quedan el equipo remonte\".<\/p>\n<p>La situaci\u00f3n del <strong>Real Zaragoza<\/strong>, en efecto, est\u00e1 dando que hablar en el <strong>f\u00fatbol espa\u00f1ol<\/strong>, al tratarse del equipo de una de las cinco ciudades m\u00e1s pobladas de Espa\u00f1a, y que desde mediados de los a\u00f1os 1950 hasta 2013 s\u00f3lo estuvo cuatro temporadas en segunda.<\/p>\n<p>Las <strong>trece temporadas<\/strong> consecutivas que acumula ahora en la divisi\u00f3n de plata suponen un \"<strong>aut\u00e9ntico drama<\/strong>\", explica a la AFP el presidente de su federaci\u00f3n de pe\u00f1as, <strong>Jos\u00e9 Manuel F\u00e1bregas<\/strong>.<\/p>\n<p>Este aficionado, que disfrut\u00f3 con doce a\u00f1os del t\u00edtulo de la <strong>Recopa<\/strong>, asegura que \"no se supo gestionar bien el \u00e9xito, y a\u00f1o y medio despu\u00e9s se estaba luchando por no bajar\".<\/p>\n<h2>&#8211; Blanquiazul&#8230; y con argentinos &#8211;<\/h2>\n<p>Desde entonces, el club blanquiazul tambi\u00e9n logr\u00f3 \u00e9xitos en <strong>Copa del Rey<\/strong> y <strong>buenas temporadas<\/strong> en primera vali\u00e9ndose en muchos casos de <strong>jugadores sudamericanos<\/strong>: los hermanos Diego y Gabriel Milito, Gustavo L\u00f3pez, Killy Gonz\u00e1lez, Pablo Aimar, \"Toro\" Acu\u00f1a o Roberto Ayala.<\/p>\n<p>Pero, aunque lenta y con cortas interrupciones, la deriva descendente parec\u00eda afianzada. Y no s\u00f3lo en lo deportivo. Con una deuda cercana a los 145 millones de euros, el club entr\u00f3 en concurso de acreedores en 2011. Dos a\u00f1os despu\u00e9s sufri\u00f3 su \u00faltimo <strong>descenso a segunda<\/strong>, y no ha vuelto a figurar en la \u00e9lite.<\/p>\n<p>El domingo, el <strong>Zaragoza<\/strong> recibir\u00e1 al l\u00edder de la categor\u00eda, el <strong>Racing de Santander<\/strong>, con <strong>David Navarro<\/strong> como cuarto entrenador esta temporada.<\/p>\n<p>\"Esto viene de muy atr\u00e1s, <strong>demasiados cambios<\/strong>, demasiados <strong>proyectos nuevos<\/strong> cada a\u00f1o, <strong>demasiados cambios<\/strong> de jugadores, jugadores que en principio te garantizan un rendimiento llegan al <strong>Real Zaragoza<\/strong> y parecen otros. La verdad es que no es cosa de un a\u00f1o atr\u00e1s o de dos, y cada vez es m\u00e1s dif\u00edcil, hay que consolidar un proyecto poco a poco y tener paciencia\", analiza <strong>Nayim<\/strong>.<\/p>\n<p>Desde 2022, el club pas\u00f3 a manos de un <strong>grupo inversor<\/strong> con <strong>capital estadounidense<\/strong>, con <strong>Jorge M\u00e1s<\/strong>, due\u00f1o principal del Inter Miami, como presidente.<\/p>\n<p>Un cambio que parece estar saneando las arcas del club, mientras se remodela el estadio de La Romareda, sede prevista para el <strong>Mundial 2030<\/strong>, pero que no est\u00e1 dando sus frutos en la parcela deportiva.<\/p>\n<div class=\"w-full pt-2 float-left inside-related\"><strong>RELACIONADAS<\/strong><\/p>\n<article class=\"flex flex-wrap border-b pb-4 mb-3 inline-block\">\n<div class=\"xl:w-2\/12 w-4\/12\">\n<figure class=\"mb-0\"><img loading=\"lazy\" decoding=\"async\" src=\"https:\/\/resources.diariolibre.com\/images\/2025\/04\/24\/gow1ay6xmaalofp-0a352ca0-focus-0.15-0.51-149-99.jpg\" width=\"149\" height=\"99\" title=\"Federaci\u00f3n Dominicana de F\u00fatbol suspende por incumplimiento a 25 de 32 asociaciones\" alt=\"Federaci\u00f3n Dominicana de F\u00fatbol suspende por incumplimiento a 25 de 32 asociaciones\" class=\"object-cover\" \/><\/figure>\n<\/div>\n<\/article>\n<article class=\"flex flex-wrap border-b pb-4 mb-3 inline-block\">\n<div class=\"xl:w-2\/12 w-4\/12\">\n<figure class=\"mb-0\"><img loading=\"lazy\" decoding=\"async\" src=\"https:\/\/resources.diariolibre.com\/images\/2026\/03\/19\/iran-asegura-no-boicoteara-el-mundial-de-futbol-dc94e923-focus-0-0-149-99.jpg\" width=\"149\" height=\"99\" title=\"Ir\u00e1n boicotear\u00e1 a EE. UU. pero no el Mundial de f\u00fatbol, anuncia jefe de la federaci\u00f3n\" alt=\"Ir\u00e1n boicotear\u00e1 a EE. UU. pero no el Mundial de f\u00fatbol, anuncia jefe de la federaci\u00f3n\" class=\"object-cover\" \/><\/figure>\n<\/div>\n<\/article>\n<article class=\"flex flex-wrap border-b pb-4 mb-3 inline-block\">\n<div class=\"xl:w-2\/12 w-4\/12\">\n<figure class=\"mb-0\"><img loading=\"lazy\" decoding=\"async\" src=\"https:\/\/resources.diariolibre.com\/images\/2026\/03\/20\/el-trofeo-de-la-copa-mundial-de-futbol-llega-a-mexico-ec2a4cd0-focus-0-0.44-149-99.jpg\" width=\"149\" height=\"99\" title=\"El trofeo de la Copa Mundial de F\u00fatbol llega a Chich\u00e9n Itz\u00e1, cuna del juego de pelota maya\" alt=\"El trofeo de la Copa Mundial de F\u00fatbol llega a Chich\u00e9n Itz\u00e1, cuna del juego de pelota maya\" class=\"object-cover\" \/><\/figure>\n<\/div>\n<\/article>\n<\/div>\n<p>\"El <strong>saneamiento econ\u00f3mico<\/strong> no se ha visto traducido en buen <strong>rendimiento deportivo<\/strong>\", constata <strong>Jos\u00e9 Manuel F\u00e1bregas<\/strong>, quien pese a las dudas sobre el devenir del club, muestra una certeza: \"El <strong>zaragozismo<\/strong> no entiende de categor\u00edas y seguro que en caso de descenso llenaremos el campo en cada partido\".<\/p>\n<p>iga\/mcd<\/p>\n<div class=\"border-t border-b py-2 my-5 tags-container\"><strong>TEMAS &#8211; <\/strong><\/p>\n<ul>\n<li>\n<div class=\"inline-block border p-2 rounded-full align-middle\">\n<p><a href=\"https:\/\/www.diariolibre.com\/tags\/laliga\/961\" title=\"LaLiga\">LaLiga<\/a><\/p>\n<\/div>\n<\/li>\n<li>\n<div class=\"inline-block border p-2 rounded-full align-middle\">\n<p><a href=\"https:\/\/www.diariolibre.com\/tags\/real-zaragosa\/365251\" title=\"Real Zaragosa\">Real Zaragosa<\/a><\/p>\n<\/div>\n<\/li>\n<\/ul>\n<\/div>\n<p>\u00a0<\/p>\n","protected":false},"excerpt":{"rendered":"<p>\u00a0\u00a0 Diez de mayo de 1995, el Real Zaragoza logra la mayor gesta de su historia al conquistar la Recopa de Europa ante el Arsenal con un gol ic\u00f3nico e inveros\u00edmil de Nayim. Tres d\u00e9cadas despu\u00e9s, el equipo aragon\u00e9s se asoma peligrosamente al descenso a la tercera categor\u00eda del f\u00fatbol espa\u00f1ol. Mientras los Gunners -sus [&hellip;]<\/p>\n","protected":false},"author":1,"featured_media":7990,"comment_status":"open","ping_status":"open","sticky":false,"template":"","format":"standard","meta":{"amp_status":"","footnotes":""},"categories":[4],"tags":[],"class_list":["post-7989","post","type-post","status-publish","format-standard","has-post-thumbnail","hentry","category-deportes"],"_links":{"self":[{"href":"https:\/\/ermdigital.com\/index.php?rest_route=\/wp\/v2\/posts\/7989","targetHints":{"allow":["GET"]}}],"collection":[{"href":"https:\/\/ermdigital.com\/index.php?rest_route=\/wp\/v2\/posts"}],"about":[{"href":"https:\/\/ermdigital.com\/index.php?rest_route=\/wp\/v2\/types\/post"}],"author":[{"embeddable":true,"href":"https:\/\/ermdigital.com\/index.php?rest_route=\/wp\/v2\/users\/1"}],"replies":[{"embeddable":true,"href":"https:\/\/ermdigital.com\/index.php?rest_route=%2Fwp%2Fv2%2Fcomments&post=7989"}],"version-history":[{"count":0,"href":"https:\/\/ermdigital.com\/index.php?rest_route=\/wp\/v2\/posts\/7989\/revisions"}],"wp:featuredmedia":[{"embeddable":true,"href":"https:\/\/ermdigital.com\/index.php?rest_route=\/wp\/v2\/media\/7990"}],"wp:attachment":[{"href":"https:\/\/ermdigital.com\/index.php?rest_route=%2Fwp%2Fv2%2Fmedia&parent=7989"}],"wp:term":[{"taxonomy":"category","embeddable":true,"href":"https:\/\/ermdigital.com\/index.php?rest_route=%2Fwp%2Fv2%2Fcategories&post=7989"},{"taxonomy":"post_tag","embeddable":true,"href":"https:\/\/ermdigital.com\/index.php?rest_route=%2Fwp%2Fv2%2Ftags&post=7989"}],"curies":[{"name":"wp","href":"https:\/\/api.w.org\/{rel}","templated":true}]}}