{"id":6927,"date":"2026-03-26T19:41:44","date_gmt":"2026-03-26T23:41:44","guid":{"rendered":"https:\/\/ermdigital.com\/index.php\/2026\/03\/26\/presidente-abinader-crea-comision-para-puesta-en-funcionamiento-del-museo-historico-de-la-gesta-de-abril\/"},"modified":"2026-03-26T19:41:44","modified_gmt":"2026-03-26T23:41:44","slug":"presidente-abinader-crea-comision-para-puesta-en-funcionamiento-del-museo-historico-de-la-gesta-de-abril","status":"publish","type":"post","link":"https:\/\/ermdigital.com\/?p=6927","title":{"rendered":"Presidente Abinader crea comisi\u00f3n para puesta en funcionamiento del Museo Hist\u00f3rico de la Gesta de Abril"},"content":{"rendered":"<p><span class=\"field field--name-title field--type-string field--label-hidden\">Presidente Abinader crea comisi\u00f3n para puesta en funcionamiento del Museo Hist\u00f3rico de la Gesta de Abril<\/span><br \/>\n<span class=\"field field--name-uid field--type-entity-reference field--label-hidden\"><span>victorreyes<\/span><\/span><br \/>\n<span class=\"field field--name-created field--type-created field--label-hidden\"><time datetime=\"2026-03-26T19:41:44-04:00\" title=\"Jueves, Marzo 26, 2026 - 19:41\" class=\"datetime\">26 de  Marzo 2026 | 19:41<\/time><br \/>\n<\/span><\/p>\n<div class=\"clearfix text-formatted field field--name-body field--type-text-with-summary field--label-hidden field__item\">\n<p><span lang=\"es\">Santo Domingo.- <strong>El presidente Luis Abinader<\/strong> emiti\u00f3 el <strong>Decreto n\u00fam. <\/strong><\/span><a href=\"https:\/\/presidencia.gob.do\/decretos\/200-26\"><span lang=\"es\"><strong>200-26<\/strong><\/span><\/a><span lang=\"es\"> mediante el cual se crea la comisi\u00f3n para la puesta en funcionamiento del <strong>Museo Hist\u00f3rico de la Gesta de Abril,<\/strong> con el objetivo de impulsar la <strong>preservaci\u00f3n, difusi\u00f3n y fortalecimiento<\/strong> de la memoria hist\u00f3rica nacional.<\/span><\/p>\n<p><span lang=\"es\"><\/span><\/p>\n<p><span lang=\"es\">La comisi\u00f3n estar\u00e1 <strong>presidida por<\/strong> <strong>Jottin Cury David,<\/strong> junto con Alberto Alexander Caama\u00f1o Acevedo, Bonaparte Gautreaux Pi\u00f1eyro, Euclides Emilio Guti\u00e9rrez F\u00e9lix, Fernando Arturo B\u00e1ez Guerrero, H\u00e9ctor Sucre de Jes\u00fas F\u00e9liz Carbuccia, Ilonka Nacidit Perdomo S\u00e1nchez, Isaac Rudman Majnsztejn, Juan Manuel Lora de Le\u00f3n, Ludovino Fern\u00e1ndez Fern\u00e1ndez, Ram\u00f3n Andr\u00e9s Blanco Fern\u00e1ndez y Ra\u00fal Tamayo Morilla Rodr\u00edguez, quienes desempe\u00f1ar\u00e1n sus funciones <strong>de manera honor\u00edfica.<\/strong><\/span><\/p>\n<p><span lang=\"es\"><\/span><\/p>\n<p><span lang=\"es\">Los integrantes <strong>preparar\u00e1n, organizar\u00e1n y coordinar\u00e1n<\/strong>, junto con las entidades que integran el <strong>Patronato Rector,<\/strong> las acciones necesarias para la designaci\u00f3n del director general del museo, as\u00ed como para su puesta en funcionamiento.<\/span><\/p>\n<p><span lang=\"es\"><\/span><\/p>\n<p><span lang=\"es\">Asimismo, la comisi\u00f3n ser\u00e1 una dependencia funcional del <strong>presidente de la Rep\u00fablica<\/strong> y estar\u00e1 adscrita administrativamente al <strong>Ministerio de la Presidencia.<\/strong><\/span><\/p>\n<p><strong><span lang=\"es\"><\/span><\/strong><\/p>\n<p><span lang=\"es\">Mediante el decreto, se exhorta a los ministerios e instituciones vinculados a colaborar con la comisi\u00f3n, especialmente al <strong>Ministerio de Obras P\u00fablicas y Comunicaciones<\/strong> en lo relativo a la adecuaci\u00f3n estructural del local donde funcionar\u00e1 el museo.<\/span><\/p>\n<p><span lang=\"es\"><\/span><\/p>\n<p><span lang=\"es\">El referido decreto ser\u00e1 remitido al Ministerio de Cultura, Ministerio de Obras P\u00fablicas y Comunicaciones, Ministerio de Administraci\u00f3n P\u00fablica, Academia Dominicana de la Historia, Comisi\u00f3n Permanente de Efem\u00e9rides Patrias, Archivo General de la Naci\u00f3n y dem\u00e1s instituciones correspondientes, para su conocimiento y ejecuci\u00f3n.<\/span><\/p>\n<p><span lang=\"es\"><\/span><\/p>\n<p><span lang=\"es\"><\/span><\/p>\n<\/div>\n<div class=\"field field--name-field-image field--type-image field--label-hidden field__item\">  <img decoding=\"async\" loading=\"lazy\" src=\"https:\/\/www.presidencia.gob.do\/sites\/default\/files\/news\/2026-03\/Palacio%20%285%29.jpg\" width=\"1300\" height=\"730\" alt=\"Palacio Nacional\"><\/p>\n<\/div>\n<p>\u00a0Presidente Abinader crea comisi\u00f3n para puesta en funcionamiento del Museo Hist\u00f3rico de la Gesta de Abril<br \/>\nvictorreyes<br \/>\n26 de  Marzo 2026 | 19:41<\/p>\n<p>            Santo Domingo.- El presidente Luis Abinader emiti\u00f3 el Decreto n\u00fam. 200-26 mediante el cual se crea la comisi\u00f3n para la puesta en funcionamiento del Museo Hist\u00f3rico de la Gesta de Abril, con el objetivo de impulsar la preservaci\u00f3n, difusi\u00f3n y fortalecimiento de la memoria hist\u00f3rica nacional.<\/p>\n<p>La comisi\u00f3n estar\u00e1 presidida por Jottin Cury David, junto con Alberto Alexander Caama\u00f1o Acevedo, Bonaparte Gautreaux Pi\u00f1eyro, Euclides Emilio Guti\u00e9rrez F\u00e9lix, Fernando Arturo B\u00e1ez Guerrero, H\u00e9ctor Sucre de Jes\u00fas F\u00e9liz Carbuccia, Ilonka Nacidit Perdomo S\u00e1nchez, Isaac Rudman Majnsztejn, Juan Manuel Lora de Le\u00f3n, Ludovino Fern\u00e1ndez Fern\u00e1ndez, Ram\u00f3n Andr\u00e9s Blanco Fern\u00e1ndez y Ra\u00fal Tamayo Morilla Rodr\u00edguez, quienes desempe\u00f1ar\u00e1n sus funciones de manera honor\u00edfica.<\/p>\n<p>Los integrantes preparar\u00e1n, organizar\u00e1n y coordinar\u00e1n, junto con las entidades que integran el Patronato Rector, las acciones necesarias para la designaci\u00f3n del director general del museo, as\u00ed como para su puesta en funcionamiento.<\/p>\n<p>Asimismo, la comisi\u00f3n ser\u00e1 una dependencia funcional del presidente de la Rep\u00fablica y estar\u00e1 adscrita administrativamente al Ministerio de la Presidencia.<\/p>\n<p>Mediante el decreto, se exhorta a los ministerios e instituciones vinculados a colaborar con la comisi\u00f3n, especialmente al Ministerio de Obras P\u00fablicas y Comunicaciones en lo relativo a la adecuaci\u00f3n estructural del local donde funcionar\u00e1 el museo.<\/p>\n<p>El referido decreto ser\u00e1 remitido al Ministerio de Cultura, Ministerio de Obras P\u00fablicas y Comunicaciones, Ministerio de Administraci\u00f3n P\u00fablica, Academia Dominicana de la Historia, Comisi\u00f3n Permanente de Efem\u00e9rides Patrias, Archivo General de la Naci\u00f3n y dem\u00e1s instituciones correspondientes, para su conocimiento y ejecuci\u00f3n.\u00a0\u00a0\u00a0<\/p>\n","protected":false},"excerpt":{"rendered":"<p>Presidente Abinader crea comisi\u00f3n para puesta en funcionamiento del Museo Hist\u00f3rico de la Gesta de Abril victorreyes 26 de Marzo 2026 | 19:41 Santo Domingo.- El presidente Luis Abinader emiti\u00f3 el Decreto n\u00fam. 200-26 mediante el cual se crea la comisi\u00f3n para la puesta en funcionamiento del Museo Hist\u00f3rico de la Gesta de Abril, con [&hellip;]<\/p>\n","protected":false},"author":1,"featured_media":6928,"comment_status":"open","ping_status":"open","sticky":false,"template":"","format":"standard","meta":{"amp_status":"","footnotes":""},"categories":[8],"tags":[],"class_list":["post-6927","post","type-post","status-publish","format-standard","has-post-thumbnail","hentry","category-republica"],"_links":{"self":[{"href":"https:\/\/ermdigital.com\/index.php?rest_route=\/wp\/v2\/posts\/6927","targetHints":{"allow":["GET"]}}],"collection":[{"href":"https:\/\/ermdigital.com\/index.php?rest_route=\/wp\/v2\/posts"}],"about":[{"href":"https:\/\/ermdigital.com\/index.php?rest_route=\/wp\/v2\/types\/post"}],"author":[{"embeddable":true,"href":"https:\/\/ermdigital.com\/index.php?rest_route=\/wp\/v2\/users\/1"}],"replies":[{"embeddable":true,"href":"https:\/\/ermdigital.com\/index.php?rest_route=%2Fwp%2Fv2%2Fcomments&post=6927"}],"version-history":[{"count":0,"href":"https:\/\/ermdigital.com\/index.php?rest_route=\/wp\/v2\/posts\/6927\/revisions"}],"wp:featuredmedia":[{"embeddable":true,"href":"https:\/\/ermdigital.com\/index.php?rest_route=\/wp\/v2\/media\/6928"}],"wp:attachment":[{"href":"https:\/\/ermdigital.com\/index.php?rest_route=%2Fwp%2Fv2%2Fmedia&parent=6927"}],"wp:term":[{"taxonomy":"category","embeddable":true,"href":"https:\/\/ermdigital.com\/index.php?rest_route=%2Fwp%2Fv2%2Fcategories&post=6927"},{"taxonomy":"post_tag","embeddable":true,"href":"https:\/\/ermdigital.com\/index.php?rest_route=%2Fwp%2Fv2%2Ftags&post=6927"}],"curies":[{"name":"wp","href":"https:\/\/api.w.org\/{rel}","templated":true}]}}