{"id":6779,"date":"2026-03-26T11:10:52","date_gmt":"2026-03-26T15:10:52","guid":{"rendered":"https:\/\/ermdigital.com\/index.php\/2026\/03\/26\/arajet-sella-alianza-con-amadeus-para-ampliar-su-alcance-comercial\/"},"modified":"2026-03-26T11:10:52","modified_gmt":"2026-03-26T15:10:52","slug":"arajet-sella-alianza-con-amadeus-para-ampliar-su-alcance-comercial","status":"publish","type":"post","link":"https:\/\/ermdigital.com\/?p=6779","title":{"rendered":"Arajet sella alianza con Amadeus para ampliar su alcance comercial"},"content":{"rendered":"<p>\u200b<\/p>\n<p><strong>Arajet<\/strong> y <strong>Amadeus<\/strong>, firmaron un acuerdo de distribuci\u00f3n para ampliar el alcance comercial de la aerol\u00ednea y respaldar sus planes de expansi\u00f3n. La alianza se anuncia en un momento clave donde la aerol\u00ednea prev\u00e9 alcanzar una flota de 17 aeronaves en 2026 y seguir ampliando sus operaciones en el continente.<\/p>\n<p><a href=\"https:\/\/www.arecoa.com\/wp-content\/uploads\/2025\/12\/Arajet-Isabel-de-Torres.jpg\"><img loading=\"lazy\" decoding=\"async\" class=\"alignleft size-full wp-image-209172\" src=\"https:\/\/www.arecoa.com\/wp-content\/uploads\/2025\/12\/Arajet-Isabel-de-Torres.jpg\" alt=\"\" width=\"2048\" height=\"1364\" \/><\/a>Indicaron que, con este acuerdo, el contenido de vuelos de Arajet estar\u00e1 disponible en Amadeus Travel Platform, lo que facilitar\u00e1 un acceso \u00e1gil a las agencias de viajes de toda Am\u00e9rica.<\/p>\n<p>\u201cNuestro acuerdo estrat\u00e9gico con Amadeus busca integrar soluciones adicionales de alto rendimiento en nuestros canales de venta, para que las agencias de viajes se conecten con nuestra marca de forma m\u00e1s eficiente que nunca. Esta colaboraci\u00f3n nos aporta la infraestructura s\u00f3lida que necesitamos para reforzar nuestra presencia en todos los segmentos de clientes y mercados. Nuestro compromiso es acercar nuestro servicio, de alto valor y est\u00e1ndar internacional, a las agencias de viajes y hacer que la conexi\u00f3n a trav\u00e9s del Caribe sea cada vez m\u00e1s f\u00e1cil y fluida\u201d, afirm\u00f3<strong> Nacim Yala<\/strong>, chief Commercial &amp; Strategy Officer, Arajet.<\/p>\n<p>El acuerdo permite a Arajet conectarse con la amplia red de vendedores de viajes de Amadeus, ofreciendo m\u00e1s flexibilidad y alternativas de compra a los viajeros que reservan a trav\u00e9s de agencias. As\u00ed, las agencias de viajes de <strong>Rep\u00fablica Dominicana<\/strong> y de toda la regi\u00f3n podr\u00e1n acceder al contenido de Arajet.<\/p>\n<p>\u201cDistribuir a trav\u00e9s de la Amadeus Travel Platform abre la puerta a un crecimiento sostenido. Arajet podr\u00e1 ampliar su alcance internacional, reforzar su presencia en la regi\u00f3n y llegar a nuevos segmentos de viajeros. Esperamos trabajar estrechamente con Arajet y con nuestra comunidad de Travel Sellers para acompa\u00f1ar la expansi\u00f3n y el \u00e9xito continuo de la aerol\u00ednea en Am\u00e9rica\u201d, a\u00f1ade <strong>Victoria Gorzio<\/strong>, VP Airlines Latin America, Amadeus.<\/p>\n<p>El acuerdo tambi\u00e9n refuerza el compromiso de Amadeus de ofrecer a sus clientes una amplia selecci\u00f3n de contenido, incluyendo aerol\u00edneas de r\u00e1pido crecimiento y alto valor como Arajet.<\/p>\n<p>Amadeus Travel Platform re\u00fane una amplia oferta a trav\u00e9s de m\u00faltiples canales y permite a los vendedores y compradores de viajes comercializar, reservar y gestionar con facilidad los productos de Arajet.<\/p>\n<p>\u00a0<\/p>\n","protected":false},"excerpt":{"rendered":"<p>\u200b Arajet y Amadeus, firmaron un acuerdo de distribuci\u00f3n para ampliar el alcance comercial de la aerol\u00ednea y respaldar sus planes de expansi\u00f3n. La alianza se anuncia en un momento clave donde la aerol\u00ednea prev\u00e9 alcanzar una flota de 17 aeronaves en 2026 y seguir ampliando sus operaciones en el continente. Indicaron que, con este [&hellip;]<\/p>\n","protected":false},"author":1,"featured_media":6780,"comment_status":"open","ping_status":"open","sticky":false,"template":"","format":"standard","meta":{"amp_status":"","footnotes":""},"categories":[10],"tags":[],"class_list":["post-6779","post","type-post","status-publish","format-standard","has-post-thumbnail","hentry","category-food-travel"],"_links":{"self":[{"href":"https:\/\/ermdigital.com\/index.php?rest_route=\/wp\/v2\/posts\/6779","targetHints":{"allow":["GET"]}}],"collection":[{"href":"https:\/\/ermdigital.com\/index.php?rest_route=\/wp\/v2\/posts"}],"about":[{"href":"https:\/\/ermdigital.com\/index.php?rest_route=\/wp\/v2\/types\/post"}],"author":[{"embeddable":true,"href":"https:\/\/ermdigital.com\/index.php?rest_route=\/wp\/v2\/users\/1"}],"replies":[{"embeddable":true,"href":"https:\/\/ermdigital.com\/index.php?rest_route=%2Fwp%2Fv2%2Fcomments&post=6779"}],"version-history":[{"count":0,"href":"https:\/\/ermdigital.com\/index.php?rest_route=\/wp\/v2\/posts\/6779\/revisions"}],"wp:featuredmedia":[{"embeddable":true,"href":"https:\/\/ermdigital.com\/index.php?rest_route=\/wp\/v2\/media\/6780"}],"wp:attachment":[{"href":"https:\/\/ermdigital.com\/index.php?rest_route=%2Fwp%2Fv2%2Fmedia&parent=6779"}],"wp:term":[{"taxonomy":"category","embeddable":true,"href":"https:\/\/ermdigital.com\/index.php?rest_route=%2Fwp%2Fv2%2Fcategories&post=6779"},{"taxonomy":"post_tag","embeddable":true,"href":"https:\/\/ermdigital.com\/index.php?rest_route=%2Fwp%2Fv2%2Ftags&post=6779"}],"curies":[{"name":"wp","href":"https:\/\/api.w.org\/{rel}","templated":true}]}}