{"id":6775,"date":"2026-03-26T13:10:15","date_gmt":"2026-03-26T17:10:15","guid":{"rendered":"https:\/\/ermdigital.com\/index.php\/2026\/03\/26\/la-canadiense-westjet-operara-vuelos-a-puerto-plata-y-punta-cana-en-verano\/"},"modified":"2026-03-26T13:10:15","modified_gmt":"2026-03-26T17:10:15","slug":"la-canadiense-westjet-operara-vuelos-a-puerto-plata-y-punta-cana-en-verano","status":"publish","type":"post","link":"https:\/\/ermdigital.com\/?p=6775","title":{"rendered":"La canadiense WestJet operar\u00e1 vuelos a Puerto Plata y Punta Cana en verano"},"content":{"rendered":"<p>\u200b<\/p>\n<p class=\"relacionadosSingle\">Temas relacionados: <b><a href=\"https:\/\/www.arecoa.com\/tag\/calgary\/\" rel=\"tag\">Calgary<\/a>, <a href=\"https:\/\/www.arecoa.com\/tag\/cancun\/\" rel=\"tag\">Canc\u00fan<\/a>, <a href=\"https:\/\/www.arecoa.com\/tag\/edmonton\/\" rel=\"tag\">Edmonton<\/a>, <a href=\"https:\/\/www.arecoa.com\/tag\/los-cabos\/\" rel=\"tag\">Los Cabos<\/a>, <a href=\"https:\/\/www.arecoa.com\/tag\/mexico\/\" rel=\"tag\">M\u00e9xico<\/a>, <a href=\"https:\/\/www.arecoa.com\/tag\/montego-bay\/\" rel=\"tag\">Montego Bay<\/a>, <a href=\"https:\/\/www.arecoa.com\/tag\/montreal\/\" rel=\"tag\">Montreal<\/a>, <a href=\"https:\/\/www.arecoa.com\/tag\/puerto-vallarta\/\" rel=\"tag\">Puerto Vallarta<\/a>, <a href=\"https:\/\/www.arecoa.com\/tag\/punta-cana\/\" rel=\"tag\">Punta Cana<\/a>, <a href=\"https:\/\/www.arecoa.com\/tag\/republica-dominicana\/\" rel=\"tag\">Rep\u00fablica Dominicana<\/a>, <a href=\"https:\/\/www.arecoa.com\/tag\/samana\/\" rel=\"tag\">Saman\u00e1<\/a>, <a href=\"https:\/\/www.arecoa.com\/tag\/toronto\/\" rel=\"tag\">Toronto<\/a>, <a href=\"https:\/\/www.arecoa.com\/tag\/vancouver\/\" rel=\"tag\">Vancouver<\/a>, <a href=\"https:\/\/www.arecoa.com\/tag\/westjet\/\" rel=\"tag\">WestJet<\/a>, <a href=\"https:\/\/www.arecoa.com\/tag\/winnipeg\/\" rel=\"tag\">Winnipeg<\/a><\/b><\/p>\n<p><small>26 marzo, 2026<\/small><a href=\"https:\/\/www.arecoa.com\/aerolineas\/2026\/03\/26\/la-canadiense-westjet-operara-vuelos-a-puerto-plata-y-punta-cana-en-verano\/#respond\"><br \/>\n    <img decoding=\"async\" src=\"https:\/\/www.arecoa.com\/wp-content\/themes\/arecoa\/images\/comment.png\" alt=\"image\" style=\"text-align: absmiddle\" \/> Deja un comentario\t\t<\/a><\/p>\n<div class=\"post content\">\n<p>La aerol\u00ednea canadiense \u00a0incluy\u00f3 a <strong>Puerto Plata<\/strong> y <strong>Punta Cana<\/strong> en <strong>Rep\u00fablica Dominicana<\/strong> en su calendario de verano 2026, que ofrece rutas hacia destinos en el Caribe, Centroam\u00e9rica y <strong>M\u00e9xico<\/strong>.<\/p>\n<p>Las salidas a RD ser\u00e1n desde <strong>Toronto<\/strong> con varias frecuencias a lo largo de todo el verano.<\/p>\n<p><a href=\"https:\/\/www.arecoa.com\/wp-content\/uploads\/2021\/10\/WestJet-Airlines.jpg\"><img loading=\"lazy\" decoding=\"async\" class=\"alignleft  wp-image-141904\" src=\"https:\/\/www.arecoa.com\/wp-content\/uploads\/2021\/10\/WestJet-Airlines.jpg\" alt=\"\" width=\"404\" height=\"272\" \/><\/a>Por ello, las frecuencias hacia Puerto Plata una vez por semana, los martes a partir del 15 de mayo al 20 de octubre de 2026.<\/p>\n<p>Hacia Punta Cana tendr\u00e1 varios vuelos. La primera iniciar\u00e1 desde el 29 de abril hasta el 2 de septiembre con dos frecuencias a la semana, los mi\u00e9rcoles y jueves.\u00a0\u00a0 Adem\u00e1s de otra los s\u00e1bados y domingos, del 2 de mayo al 25 de octubre.<\/p>\n<p>Otra de las frecuencias, ser\u00e1 una vez a la semana, los martes, desde el 7 de julio hasta el 8 de septiembre. Otra ser\u00e1 los viernes del 3 de julio al 4 de septiembre, seg\u00fan Pax News.<\/p>\n<p>Desde <strong>Montreal<\/strong>, tambi\u00e9n la aerol\u00ednea tendr\u00e1 vuelos una vez por semana desde <strong>Saman\u00e1<\/strong> y Puerto Plata.<\/p>\n<p>El programa incluye adem\u00e1s salidas desde <strong>Calgary<\/strong> y servicios adicionales desde <strong>Vancouver, Edmonton<\/strong> y <strong>Winnipeg<\/strong>, con vuelos para destinos como <strong>Canc\u00fan, Puerto Vallarta, Los Cabos<\/strong> y <strong>Montego Bay<\/strong>.<\/p>\n<\/div>\n<hr class=\"noCss\" \/>\u00a0<\/p>\n","protected":false},"excerpt":{"rendered":"<p>\u200b Temas relacionados: Calgary, Canc\u00fan, Edmonton, Los Cabos, M\u00e9xico, Montego Bay, Montreal, Puerto Vallarta, Punta Cana, Rep\u00fablica Dominicana, Saman\u00e1, Toronto, Vancouver, WestJet, Winnipeg 26 marzo, 2026 Deja un comentario La aerol\u00ednea canadiense \u00a0incluy\u00f3 a Puerto Plata y Punta Cana en Rep\u00fablica Dominicana en su calendario de verano 2026, que ofrece rutas hacia destinos en el [&hellip;]<\/p>\n","protected":false},"author":1,"featured_media":6776,"comment_status":"open","ping_status":"open","sticky":false,"template":"","format":"standard","meta":{"amp_status":"","footnotes":""},"categories":[10],"tags":[],"class_list":["post-6775","post","type-post","status-publish","format-standard","has-post-thumbnail","hentry","category-food-travel"],"_links":{"self":[{"href":"https:\/\/ermdigital.com\/index.php?rest_route=\/wp\/v2\/posts\/6775","targetHints":{"allow":["GET"]}}],"collection":[{"href":"https:\/\/ermdigital.com\/index.php?rest_route=\/wp\/v2\/posts"}],"about":[{"href":"https:\/\/ermdigital.com\/index.php?rest_route=\/wp\/v2\/types\/post"}],"author":[{"embeddable":true,"href":"https:\/\/ermdigital.com\/index.php?rest_route=\/wp\/v2\/users\/1"}],"replies":[{"embeddable":true,"href":"https:\/\/ermdigital.com\/index.php?rest_route=%2Fwp%2Fv2%2Fcomments&post=6775"}],"version-history":[{"count":0,"href":"https:\/\/ermdigital.com\/index.php?rest_route=\/wp\/v2\/posts\/6775\/revisions"}],"wp:featuredmedia":[{"embeddable":true,"href":"https:\/\/ermdigital.com\/index.php?rest_route=\/wp\/v2\/media\/6776"}],"wp:attachment":[{"href":"https:\/\/ermdigital.com\/index.php?rest_route=%2Fwp%2Fv2%2Fmedia&parent=6775"}],"wp:term":[{"taxonomy":"category","embeddable":true,"href":"https:\/\/ermdigital.com\/index.php?rest_route=%2Fwp%2Fv2%2Fcategories&post=6775"},{"taxonomy":"post_tag","embeddable":true,"href":"https:\/\/ermdigital.com\/index.php?rest_route=%2Fwp%2Fv2%2Ftags&post=6775"}],"curies":[{"name":"wp","href":"https:\/\/api.w.org\/{rel}","templated":true}]}}