{"id":4308,"date":"2026-03-23T07:03:00","date_gmt":"2026-03-23T11:03:00","guid":{"rendered":"https:\/\/ermdigital.com\/index.php\/2026\/03\/23\/celine-dion-regresara-a-los-escenarios-en-otono-de-2026\/"},"modified":"2026-03-23T07:03:00","modified_gmt":"2026-03-23T11:03:00","slug":"celine-dion-regresara-a-los-escenarios-en-otono-de-2026","status":"publish","type":"post","link":"https:\/\/ermdigital.com\/?p=4308","title":{"rendered":"C\u00e9line Dion regresar\u00e1 a los escenarios en oto\u00f1o de 2026"},"content":{"rendered":"<p><strong>C\u00e9line Dion<\/strong> volver\u00e1 a subirse a un escenario en oto\u00f1o de 2026 para ofrecer una serie de <strong>conciertos en Par\u00eds<\/strong>, el lugar donde actu\u00f3 por \u00faltima vez en <strong>2024<\/strong> esta estrella, que sufre una rara <strong>enfermedad neurol\u00f3gica<\/strong> incurable, actuar por \u00faltima vez.<\/p>\n<p>Ese retorno explica los misteriosos carteles que este lunes se empezaron a ver por la capital francesa, con t\u00edtulos de algunos de sus grandes \u00e9xitos como '<strong>Power Of Love<\/strong>' o 'Pour Que tu M&#8217;aimes Encore', seg\u00fan inform\u00f3 este lunes el diario <strong>Le Parisien<\/strong>.<\/p>\n<p>Las fechas de los <strong>conciertos<\/strong>, que se celebrar\u00edan en <strong>La D\u00e9fense Arena<\/strong> (con capacidad para <strong>40,000 espectadores<\/strong>), se anunciar\u00e1n pr\u00f3ximamente, seg\u00fan las fuentes consultadas por ese diario franc\u00e9s.<\/p>\n<p>El diario de Qu\u00e9bec <strong>La Presse<\/strong> avanza tambi\u00e9n esta informaci\u00f3n y pronostica <strong>dos conciertos<\/strong> por semana entre <strong>septiembre y octubre<\/strong> pr\u00f3ximos.<\/p>\n<h2><strong>Regreso a los escenarios<\/strong><\/h2>\n<p>Ser\u00eda la primera vez que Dion, de 57 a\u00f1os y originaria de Charlemagne (en Qu\u00e9bec), vuelve al escenario desde su interpretaci\u00f3n en lo alto de la <strong>Torre Eiffel<\/strong> de la canci\u00f3n <em><strong>Hymne \u00e0 l\u2019amour<\/strong><\/em>, de Edith Piaf, en el que fue uno de los momentos \u00e1lgidos de la <strong>ceremonia ol\u00edmpica<\/strong> inaugural del 26 de julio de <strong>2024<\/strong>.<\/p>\n<p>Aquella fue tambi\u00e9n una aparici\u00f3n muy esperada, dado que el a\u00f1o anterior hab\u00eda tenido que cancelar su gira mundial <strong>Courage World Tour<\/strong> por los graves problemas que le causa la rara <strong>enfermedad neurol\u00f3gica<\/strong> que padece, el <strong>s\u00edndrome de la persona r\u00edgida<\/strong> (<strong>SPR<\/strong>), lo que afecta a su sistema nervioso y le provoca espasmos.<\/p>\n<p>La ganadora de <strong>dos Oscar<\/strong> y varios Grammy debe someterse a un <strong>trabajo intenso<\/strong> para lograr controlar sus m\u00fasculos -incluido para poder realizar las tareas del d\u00eda a d\u00eda, como caminar- y las complicaciones afectan igualmente a sus <strong>cuerdas vocales<\/strong>.<\/p>\n<p>Los entresijos de esa <strong>lucha<\/strong> los mostr\u00f3 en <strong>2024<\/strong> en el documental <em>I am <strong>C\u00e9line Dion<\/strong>.<\/em><\/p>\n<p>El <strong>SPR<\/strong>, sobre el que hay muy <strong>poca investigaci\u00f3n<\/strong> cient\u00edfica, es una enfermedad que padecen muy pocas personas en el mundo y que provoca que, con el paso del tiempo, los pies y las manos se vuelvan r\u00edgidos, hasta el punto de no poder moverlos.<\/p>\n<p>Su \u00faltimo gran <strong>concierto en solitario<\/strong> fue en la primavera de 2020, en Nueva York, dentro de una gira que tuvo que ser suspendida por la pandemia de covid-19 y que despu\u00e9s no pudo ser retomada por los problemas de salud de Dion.\u00a0<\/p>\n<article class=\"border-t border-b py-5 mb-5 component nota-incrustada\">    <span class=\"block mb-2\"><strong>Te puede interesar<\/strong><\/span>                \n<h2><a href=\"https:\/\/www.diariolibre.com\/revista\/musica\/2024\/08\/01\/celine-dion-y-el-combate-contra-el-sindrome-de-la-persona-rigida\/2805645?utm_source=relacionadas&amp;utm_medium=nota&amp;utm_campaign=relacionadas\" title=\"Celine Dion y su conmovedor combate contra el S\u00edndrome de la Persona R\u00edgida\">Celine Dion y su conmovedor combate contra el S\u00edndrome de la Persona R\u00edgida<\/a><\/h2>\n<\/article>\n<p><\/p>\n<p>\u200bC\u00e9line Dion volver\u00e1 a subirse a un escenario en oto\u00f1o de 2026 para ofrecer una serie de conciertos en Par\u00eds, el lugar donde actu\u00f3 por \u00faltima vez en 2024 esta estrella, que sufre una rara enfermedad neurol\u00f3gica incurable, actuar por \u00faltima vez.Ese retorno explica los misteriosos carteles que este lunes se empezaron a ver por la capital francesa, con t\u00edtulos de algunos de sus grandes \u00e9xitos como 'Power Of Love' o 'Pour Que tu M&#8217;aimes Encore', seg\u00fan inform\u00f3 este lunes el diario Le Parisien.Las fechas de los conciertos, que se celebrar\u00edan en La D\u00e9fense Arena (con capacidad para 40,000 espectadores), se anunciar\u00e1n pr\u00f3ximamente, seg\u00fan las fuentes consultadas por ese diario franc\u00e9s.El diario de Qu\u00e9bec La Presse avanza tambi\u00e9n esta informaci\u00f3n y pronostica dos conciertos por semana entre septiembre y octubre pr\u00f3ximos.Regreso a los escenariosSer\u00eda la primera vez que Dion, de 57 a\u00f1os y originaria de Charlemagne (en Qu\u00e9bec), vuelve al escenario desde su interpretaci\u00f3n en lo alto de la Torre Eiffel de la canci\u00f3n Hymne \u00e0 l\u2019amour, de Edith Piaf, en el que fue uno de los momentos \u00e1lgidos de la ceremonia ol\u00edmpica inaugural del 26 de julio de 2024.Aquella fue tambi\u00e9n una aparici\u00f3n muy esperada, dado que el a\u00f1o anterior hab\u00eda tenido que cancelar su gira mundial Courage World Tour por los graves problemas que le causa la rara enfermedad neurol\u00f3gica que padece, el s\u00edndrome de la persona r\u00edgida (SPR), lo que afecta a su sistema nervioso y le provoca espasmos.La ganadora de dos Oscar y varios Grammy debe someterse a un trabajo intenso para lograr controlar sus m\u00fasculos -incluido para poder realizar las tareas del d\u00eda a d\u00eda, como caminar- y las complicaciones afectan igualmente a sus cuerdas vocales.Los entresijos de esa lucha los mostr\u00f3 en 2024 en el documental I am C\u00e9line Dion.El SPR, sobre el que hay muy poca investigaci\u00f3n cient\u00edfica, es una enfermedad que padecen muy pocas personas en el mundo y que provoca que, con el paso del tiempo, los pies y las manos se vuelvan r\u00edgidos, hasta el punto de no poder moverlos.Su \u00faltimo gran concierto en solitario fue en la primavera de 2020, en Nueva York, dentro de una gira que tuvo que ser suspendida por la pandemia de covid-19 y que despu\u00e9s no pudo ser retomada por los problemas de salud de Dion.\u00a0    Te puede interesar                Celine Dion y su conmovedor combate contra el S\u00edndrome de la Persona R\u00edgida\u00a0\u00a0Revista, M\u00fasica, EFE, Par\u00eds, Conciertos, C\u00e9line Dion, Regreso a los escenarios de C\u00e9line Dion\u00a0<\/p>","protected":false},"excerpt":{"rendered":"<p>C\u00e9line Dion volver\u00e1 a subirse a un escenario en oto\u00f1o de 2026 para ofrecer una serie de conciertos en Par\u00eds, el lugar donde actu\u00f3 por \u00faltima vez en 2024 esta estrella, que sufre una rara enfermedad neurol\u00f3gica incurable, actuar por \u00faltima vez. Ese retorno explica los misteriosos carteles que este lunes se empezaron a ver [&hellip;]<\/p>\n","protected":false},"author":1,"featured_media":4168,"comment_status":"open","ping_status":"open","sticky":false,"template":"","format":"standard","meta":{"amp_status":"","footnotes":""},"categories":[9],"tags":[],"class_list":["post-4308","post","type-post","status-publish","format-standard","has-post-thumbnail","hentry","category-espectaculo"],"_links":{"self":[{"href":"https:\/\/ermdigital.com\/index.php?rest_route=\/wp\/v2\/posts\/4308","targetHints":{"allow":["GET"]}}],"collection":[{"href":"https:\/\/ermdigital.com\/index.php?rest_route=\/wp\/v2\/posts"}],"about":[{"href":"https:\/\/ermdigital.com\/index.php?rest_route=\/wp\/v2\/types\/post"}],"author":[{"embeddable":true,"href":"https:\/\/ermdigital.com\/index.php?rest_route=\/wp\/v2\/users\/1"}],"replies":[{"embeddable":true,"href":"https:\/\/ermdigital.com\/index.php?rest_route=%2Fwp%2Fv2%2Fcomments&post=4308"}],"version-history":[{"count":0,"href":"https:\/\/ermdigital.com\/index.php?rest_route=\/wp\/v2\/posts\/4308\/revisions"}],"wp:featuredmedia":[{"embeddable":true,"href":"https:\/\/ermdigital.com\/index.php?rest_route=\/wp\/v2\/media\/4168"}],"wp:attachment":[{"href":"https:\/\/ermdigital.com\/index.php?rest_route=%2Fwp%2Fv2%2Fmedia&parent=4308"}],"wp:term":[{"taxonomy":"category","embeddable":true,"href":"https:\/\/ermdigital.com\/index.php?rest_route=%2Fwp%2Fv2%2Fcategories&post=4308"},{"taxonomy":"post_tag","embeddable":true,"href":"https:\/\/ermdigital.com\/index.php?rest_route=%2Fwp%2Fv2%2Ftags&post=4308"}],"curies":[{"name":"wp","href":"https:\/\/api.w.org\/{rel}","templated":true}]}}