{"id":4223,"date":"2026-03-23T06:17:00","date_gmt":"2026-03-23T10:17:00","guid":{"rendered":"https:\/\/ermdigital.com\/index.php\/2026\/03\/23\/cortometraje-el-colmadon-gana-en-semana-mas-corta-2026\/"},"modified":"2026-03-23T06:17:00","modified_gmt":"2026-03-23T10:17:00","slug":"cortometraje-el-colmadon-gana-en-semana-mas-corta-2026","status":"publish","type":"post","link":"https:\/\/ermdigital.com\/?p=4223","title":{"rendered":"Cortometraje \"El colmad\u00f3n\" gana en \"Semana M\u00e1s Corta 2026&#8243;"},"content":{"rendered":"<p>La <strong>Escuela de Comunicaci\u00f3n<\/strong> de la <strong>Pontificia Universidad Cat\u00f3lica Madre y Maestra<\/strong> (<strong>Pucmm<\/strong>) concluy\u00f3 este viernes la decimonovena edici\u00f3n del festival de <strong>cortometrajes<\/strong> universitarios <em><strong>Semana M\u00e1s Corta 2026<\/strong><\/em>, con la entrega de reconocimientos a los mejores proyectos audiovisuales.\u00a0\u00a0<\/p>\n<p>El festival exhibi\u00f3 un total de <strong>29 cortometrajes<\/strong>, distribuidos en <strong>cuatro d\u00edas<\/strong> de exhibiciones, desde el lunes 16 hasta el jueves 19 de marzo, con m\u00e1s de 60 minutos diarios de proyecci\u00f3n.<\/p>\n<p>En la <strong>jornada de cierre<\/strong> dedicada al reconocimiento a los mejores trabajos, se entregaron <strong>ocho premios<\/strong>. La m\u00e1s alta distinci\u00f3n, \u201cMejor Corto <strong>Semana M\u00e1s Corta 2026<\/strong>\u201d, fue otorgado al cortometraje \u201c<strong>El colmad\u00f3n<\/strong>\u201d, de las estudiantes Mar\u00eda Fernanda S\u00e1nchez y Mar\u00eda Laura Ben P\u00e9rez.\u00a0<\/p>\n<p>\u201c<strong>El colmad\u00f3n<\/strong>\u201d, ficci\u00f3n que retrata la identidad de estos espacios a trav\u00e9s de la historia de su propietario, don Manuel, y su deseo de vender el negocio para jubilarse en Nueva York, tambi\u00e9n gan\u00f3 \u201c<strong>Mejor Direcci\u00f3n<\/strong>\u201d y \u201c<strong>Mejor Edici\u00f3n<\/strong>\u201d.<\/p>\n<p>\u00a0\u201c<strong>Mejor Guion<\/strong>\u201d fue otorgado a \u201c<strong>Un regard<\/strong>\u201d, de la estudiante <strong>Lolie Ta\u00edna Bogen<\/strong>, un corto experimental sobre los recuerdos de un hombre que perdi\u00f3 la vista. <\/p>\n<p>En la categor\u00eda \u201c<strong>Mejor documental<\/strong>\u201d, result\u00f3 ganador \u201c<strong>Apartadas, pero no solas<\/strong>\u201d, tambi\u00e9n de <strong>Lolie Ta\u00edna Bogen<\/strong>, una entrega que sigue la vida cotidiana de una monja dentro de su convento.\u00a0<\/p>\n<figure class=\"inline-block\">\n<div class=\"expand-img-placeholder\"><img loading=\"lazy\" decoding=\"async\" src=\"https:\/\/resources.diariolibre.com\/images\/expand.svg\" alt=\"Expandir imagen\" width=\"20\" height=\"20\" \/><span class=\"rutaimagenoriginal-placeholder\">https:\/\/resources.diariolibre.com\/images\/2026\/03\/23\/maria-arache-germosen-recibe-mejor-fotografiajpg-2ae9746d.jpeg<\/span><\/div>\n<p><img decoding=\"async\" loading=\"lazy\" src=\"https:\/\/resources.diariolibre.com\/images\/2026\/03\/23\/maria-arache-germosen-recibe-mejor-fotografiajpg-2ae9746d.jpeg\" width=\"auto\" height=\"350\" alt=\"Infograf\u00eda\" class=\"mx-auto\" \/><figcaption><span>M\u00eda Arache Germos\u00e9n recibe reconocimiento a Mejor Fotograf\u00eda.<\/span><span> (<strong>FUENTE EXTERNA<\/strong>)<\/span><\/figcaption><\/p><\/figure>\n<p>El reconocimiento a \u201c<strong>Mejor Fotograf\u00eda<\/strong>\u201d recay\u00f3 en \u201c<strong>Sol de acero<\/strong>\u201d, trabajo de <strong>M\u00eda Arache Germos\u00e9n<\/strong>, inspirado en el cuento \u201cLa mujer\u201d de Juan Bosch. <\/p>\n<p>Asimismo, \u201c<strong>De guitarra y coraz\u00f3n<\/strong>\u201d, de las estudiantes <strong>Albanelys Taveras y Chantal Gonz\u00e1lez<\/strong>, fue distinguido como \u201c<strong>Mejor Tesis Audiovisual<\/strong>\u201d. Este corto documental analiza la bachata como g\u00e9nero musical \u00edntimamente ligado a la historia, lucha y tradiciones dominicanas.<\/p>\n<p>El \u201c<strong>Premio del P\u00fablico<\/strong>\u201d lo conquist\u00f3 \u201c<strong>Me muero de hambre<\/strong>\u201d, de <strong>Hannah Wagner<\/strong>, un drama sobre una joven poeta graduada de artes esc\u00e9nicas.\u00a0<\/p>\n<figure class=\"inline-block\">\n<div class=\"expand-img-placeholder\"><img loading=\"lazy\" decoding=\"async\" src=\"https:\/\/resources.diariolibre.com\/images\/expand.svg\" alt=\"Expandir imagen\" width=\"20\" height=\"20\" \/><span class=\"rutaimagenoriginal-placeholder\">https:\/\/resources.diariolibre.com\/images\/2026\/03\/23\/diana-tejada-recibe-mejor-corto-interuniversitariojpg-7775adb6.jpeg<\/span><\/div>\n<p><img decoding=\"async\" loading=\"lazy\" src=\"https:\/\/resources.diariolibre.com\/images\/2026\/03\/23\/diana-tejada-recibe-mejor-corto-interuniversitariojpg-7775adb6.jpeg\" width=\"auto\" height=\"350\" alt=\"Infograf\u00eda\" class=\"mx-auto\" \/><figcaption><span>Diana Tejada recibe Mejor Corto Interuniversitario.<\/span><span> (<strong>FUENTE EXTERNA<\/strong>)<\/span><\/figcaption><\/p><\/figure>\n<p>Y \u201c<strong>Mejor Corto Interuniversitario<\/strong>\u201d fue para el drama \u201c<strong>Lacuna<\/strong>\u201d, de la estudiante <strong>Diana Tejada<\/strong>, representante de Universidad Iberoamericana (Unibe). Cuenta la crisis de una joven cineasta que lucha por terminar un cortometraje sobre su padre.\u00a0<\/p>\n<p>El <strong>jurado<\/strong> que evalu\u00f3 estos trabajos estuvo compuesto la presidenta de la Asociaci\u00f3n Dominicana de Prensa y Cr\u00edtica Cinematogr\u00e1fica, <strong>Dahiana Acosta<\/strong>; por el publicista, analista de cine y miembro tambi\u00e9n de la asociaci\u00f3n de cr\u00edtica de cine, <strong>Jos\u00e9 Aquino<\/strong>, y por el arquitecto y fot\u00f3grafo, miembro del colectivo Cinependiente, Smayle Dom\u00ednguez.\u00a0<\/p>\n<p>Esta edici\u00f3n estuvo <strong>dedicada a la literatura<\/strong> dominicana y su <strong>influencia en el cine<\/strong>. Los exaltados de esta noche proyectar\u00e1n su audiovisual este mi\u00e9rcoles 25 de marzo, en la pantalla de cine de <strong>Caribbean Cinema<\/strong>, de Galer\u00eda 360, a partir de las 6:00 de la tarde.<\/p>\n<p>Adem\u00e1s, los ganadores del mejor corto del a\u00f1o, <strong>mejor guion<\/strong>, direcci\u00f3n, mejor edici\u00f3n y corto interuniversitario, recibieron cada uno, una <strong>cuenta de ahorros<\/strong> con <strong>La Nacional de Ahorros y Pr\u00e9stamos<\/strong>, por valor de <strong>5,000 pesos<\/strong>.<\/p>\n<h2>Apoyo<\/h2>\n<ul>\n<li>El festival cont\u00f3 con el <strong>respaldo<\/strong> de la <strong>Junta Central Electoral<\/strong> (JCE), <strong>Banco Popular Dominicano<\/strong>, DGCINE, Caribbean Cinemas, <strong>La Nacional de Ahorros y Pr\u00e9stamos<\/strong>, CDN, Canal 37, List\u00edn Diario, Con Edith Febles, El Nuevo Diario, El Caribe, El Dinero, RTVD, Canal 16 y TV 24, How To Be a Brand, Newlink, Caf\u00e9 Santo Domingo, Coffee Mate, Kit Kat, Camuy Films y ADOPRESCI.<\/li>\n<\/ul>\n<article class=\"border-t border-b py-5 mb-5 component nota-incrustada\">    <span class=\"block mb-2\"><strong>Te puede interesar<\/strong><\/span>                \n<h2><a href=\"https:\/\/www.diariolibre.com\/revista\/sociales\/2026\/03\/16\/inauguran-semana-mas-corta-2026\/3471678?utm_source=relacionadas&amp;utm_medium=nota&amp;utm_campaign=relacionadas\" title=\"Comienza la \u201cSemana M\u00e1s Corta 2026\u201d\">Comienza la \u201cSemana M\u00e1s Corta 2026\u201d<\/a><\/h2>\n<\/article>\n<p><\/p>\n<p><\/p>\n<p>\u200bLa Escuela de Comunicaci\u00f3n de la Pontificia Universidad Cat\u00f3lica Madre y Maestra (Pucmm) concluy\u00f3 este viernes la decimonovena edici\u00f3n del festival de cortometrajes universitarios Semana M\u00e1s Corta 2026, con la entrega de reconocimientos a los mejores proyectos audiovisuales.\u00a0\u00a0El festival exhibi\u00f3 un total de 29 cortometrajes, distribuidos en cuatro d\u00edas de exhibiciones, desde el lunes 16 hasta el jueves 19 de marzo, con m\u00e1s de 60 minutos diarios de proyecci\u00f3n.En la jornada de cierre dedicada al reconocimiento a los mejores trabajos, se entregaron ocho premios. La m\u00e1s alta distinci\u00f3n, \u201cMejor Corto Semana M\u00e1s Corta 2026\u201d, fue otorgado al cortometraje \u201cEl colmad\u00f3n\u201d, de las estudiantes Mar\u00eda Fernanda S\u00e1nchez y Mar\u00eda Laura Ben P\u00e9rez.\u00a0\u201cEl colmad\u00f3n\u201d, ficci\u00f3n que retrata la identidad de estos espacios a trav\u00e9s de la historia de su propietario, don Manuel, y su deseo de vender el negocio para jubilarse en Nueva York, tambi\u00e9n gan\u00f3 \u201cMejor Direcci\u00f3n\u201d y \u201cMejor Edici\u00f3n\u201d.\u00a0\u201cMejor Guion\u201d fue otorgado a \u201cUn regard\u201d, de la estudiante Lolie Ta\u00edna Bogen, un corto experimental sobre los recuerdos de un hombre que perdi\u00f3 la vista. En la categor\u00eda \u201cMejor documental\u201d, result\u00f3 ganador \u201cApartadas, pero no solas\u201d, tambi\u00e9n de Lolie Ta\u00edna Bogen, una entrega que sigue la vida cotidiana de una monja dentro de su convento.\u00a0https:\/\/resources.diariolibre.com\/images\/2026\/03\/23\/maria-arache-germosen-recibe-mejor-fotografiajpg-2ae9746d.jpegM\u00eda Arache Germos\u00e9n recibe reconocimiento a Mejor Fotograf\u00eda. (FUENTE EXTERNA)El reconocimiento a \u201cMejor Fotograf\u00eda\u201d recay\u00f3 en \u201cSol de acero\u201d, trabajo de M\u00eda Arache Germos\u00e9n, inspirado en el cuento \u201cLa mujer\u201d de Juan Bosch. Asimismo, \u201cDe guitarra y coraz\u00f3n\u201d, de las estudiantes Albanelys Taveras y Chantal Gonz\u00e1lez, fue distinguido como \u201cMejor Tesis Audiovisual\u201d. Este corto documental analiza la bachata como g\u00e9nero musical \u00edntimamente ligado a la historia, lucha y tradiciones dominicanas.El \u201cPremio del P\u00fablico\u201d lo conquist\u00f3 \u201cMe muero de hambre\u201d, de Hannah Wagner, un drama sobre una joven poeta graduada de artes esc\u00e9nicas.\u00a0https:\/\/resources.diariolibre.com\/images\/2026\/03\/23\/diana-tejada-recibe-mejor-corto-interuniversitariojpg-7775adb6.jpegDiana Tejada recibe Mejor Corto Interuniversitario. (FUENTE EXTERNA)Y \u201cMejor Corto Interuniversitario\u201d fue para el drama \u201cLacuna\u201d, de la estudiante Diana Tejada, representante de Universidad Iberoamericana (Unibe). Cuenta la crisis de una joven cineasta que lucha por terminar un cortometraje sobre su padre.\u00a0El jurado que evalu\u00f3 estos trabajos estuvo compuesto la presidenta de la Asociaci\u00f3n Dominicana de Prensa y Cr\u00edtica Cinematogr\u00e1fica, Dahiana Acosta; por el publicista, analista de cine y miembro tambi\u00e9n de la asociaci\u00f3n de cr\u00edtica de cine, Jos\u00e9 Aquino, y por el arquitecto y fot\u00f3grafo, miembro del colectivo Cinependiente, Smayle Dom\u00ednguez.\u00a0Esta edici\u00f3n estuvo dedicada a la literatura dominicana y su influencia en el cine. Los exaltados de esta noche proyectar\u00e1n su audiovisual este mi\u00e9rcoles 25 de marzo, en la pantalla de cine de Caribbean Cinema, de Galer\u00eda 360, a partir de las 6:00 de la tarde.Adem\u00e1s, los ganadores del mejor corto del a\u00f1o, mejor guion, direcci\u00f3n, mejor edici\u00f3n y corto interuniversitario, recibieron cada uno, una cuenta de ahorros con La Nacional de Ahorros y Pr\u00e9stamos, por valor de 5,000 pesos.Apoyo    El festival cont\u00f3 con el respaldo de la Junta Central Electoral (JCE), Banco Popular Dominicano, DGCINE, Caribbean Cinemas, La Nacional de Ahorros y Pr\u00e9stamos, CDN, Canal 37, List\u00edn Diario, Con Edith Febles, El Nuevo Diario, El Caribe, El Dinero, RTVD, Canal 16 y TV 24, How To Be a Brand, Newlink, Caf\u00e9 Santo Domingo, Coffee Mate, Kit Kat, Camuy Films y ADOPRESCI.    Te puede interesar                Comienza la \u201cSemana M\u00e1s Corta 2026\u201d\u00a0\u00a0Revista, Cine, Diario Libre, Santo Domingo, PUCMM, Cortometrajes, Semana m\u00e1s corta 2026, Semana m\u00e1s Corta 2026\u00a0<\/p>","protected":false},"excerpt":{"rendered":"<p>La Escuela de Comunicaci\u00f3n de la Pontificia Universidad Cat\u00f3lica Madre y Maestra (Pucmm) concluy\u00f3 este viernes la decimonovena edici\u00f3n del festival de cortometrajes universitarios Semana M\u00e1s Corta 2026, con la entrega de reconocimientos a los mejores proyectos audiovisuales.\u00a0\u00a0 El festival exhibi\u00f3 un total de 29 cortometrajes, distribuidos en cuatro d\u00edas de exhibiciones, desde el lunes [&hellip;]<\/p>\n","protected":false},"author":1,"featured_media":4107,"comment_status":"open","ping_status":"open","sticky":false,"template":"","format":"standard","meta":{"amp_status":"","footnotes":""},"categories":[9],"tags":[],"class_list":["post-4223","post","type-post","status-publish","format-standard","has-post-thumbnail","hentry","category-espectaculo"],"_links":{"self":[{"href":"https:\/\/ermdigital.com\/index.php?rest_route=\/wp\/v2\/posts\/4223","targetHints":{"allow":["GET"]}}],"collection":[{"href":"https:\/\/ermdigital.com\/index.php?rest_route=\/wp\/v2\/posts"}],"about":[{"href":"https:\/\/ermdigital.com\/index.php?rest_route=\/wp\/v2\/types\/post"}],"author":[{"embeddable":true,"href":"https:\/\/ermdigital.com\/index.php?rest_route=\/wp\/v2\/users\/1"}],"replies":[{"embeddable":true,"href":"https:\/\/ermdigital.com\/index.php?rest_route=%2Fwp%2Fv2%2Fcomments&post=4223"}],"version-history":[{"count":0,"href":"https:\/\/ermdigital.com\/index.php?rest_route=\/wp\/v2\/posts\/4223\/revisions"}],"wp:featuredmedia":[{"embeddable":true,"href":"https:\/\/ermdigital.com\/index.php?rest_route=\/wp\/v2\/media\/4107"}],"wp:attachment":[{"href":"https:\/\/ermdigital.com\/index.php?rest_route=%2Fwp%2Fv2%2Fmedia&parent=4223"}],"wp:term":[{"taxonomy":"category","embeddable":true,"href":"https:\/\/ermdigital.com\/index.php?rest_route=%2Fwp%2Fv2%2Fcategories&post=4223"},{"taxonomy":"post_tag","embeddable":true,"href":"https:\/\/ermdigital.com\/index.php?rest_route=%2Fwp%2Fv2%2Ftags&post=4223"}],"curies":[{"name":"wp","href":"https:\/\/api.w.org\/{rel}","templated":true}]}}