{"id":4051,"date":"2026-03-23T09:10:42","date_gmt":"2026-03-23T13:10:42","guid":{"rendered":"https:\/\/ermdigital.com\/index.php\/2026\/03\/23\/cesar-fernandez-pide-al-gobierno-no-sembrar-miedo-y-presentar-plan-de-proteccion\/"},"modified":"2026-03-23T09:10:42","modified_gmt":"2026-03-23T13:10:42","slug":"cesar-fernandez-pide-al-gobierno-no-sembrar-miedo-y-presentar-plan-de-proteccion","status":"publish","type":"post","link":"https:\/\/ermdigital.com\/?p=4051","title":{"rendered":"C\u00e9sar Fern\u00e1ndez pide al gobierno no sembrar miedo y presentar plan de protecci\u00f3n\u00a0"},"content":{"rendered":"<p><img loading=\"lazy\" decoding=\"async\" width=\"355\" height=\"200\" src=\"https:\/\/nuevodiario-assets.s3.us-east-2.amazonaws.com\/wp-content\/uploads\/2025\/01\/12165543\/9853e939-fb78-4025-a260-d8a5b45bac29-355x200.webp\" class=\"webfeedsFeaturedVisual not-transparent wp-post-image\" alt=\"\" data-has-transparency=\"false\" data-dominant-color=\"756165\" \/><\/p>\n<p>xxx<\/p>\n<p>EL NUEVO DIARIO, SANTO DOMINGO.- El miembro de la Direcci\u00f3n Pol\u00edtica y secretario nacional de propaganda de la Fuerza del Pueblo (FP), C\u00e9sar Fern\u00e1ndez, llam\u00f3 este lunes al Gobierno del PRM a dejar de \u201csembrar miedo\u201d y a presentar un plan real de protecci\u00f3n econ\u00f3mica para las familias dominicanas ya que el pa\u00eds no necesita discursos alarmistas.<\/p>\n<p>\u201cNecesita soluciones, responsabilidad y un Gobierno que asuma su parte del sacrificio\u201d, manifest\u00f3 mediante un comunicado.<\/p>\n<p>Fern\u00e1ndez, cuestion\u00f3 en\u00e9rgicamente las declaraciones del presidente Luis Abinader sobre el supuesto impacto que tendr\u00eda en la econom\u00eda dominicana el conflicto b\u00e9lico entre Ir\u00e1n, Estados Unidos e Israel y la calific\u00f3 como \u201cuna narrativa prefabricada para justificar la inflaci\u00f3n que el pa\u00eds sufre desde hace cinco a\u00f1os\u201d.<\/p>\n<p>\u201cEl Gobierno pretende ahora culpar a un conflicto internacional por una crisis que ellos mismos han provocado con su mala gesti\u00f3n, la comida est\u00e1 cara desde hace a\u00f1os, los combustibles est\u00e1n por las nubes y el costo de vida se ha disparado sin que existiera ninguna guerra en Medio Oriente, no pueden venir ahora a venderle al pueblo una excusa reciclada\u201d, afirm\u00f3.<\/p>\n<p>Critic\u00f3 que el presidente no mencionar\u00e1 ning\u00fan sacrificio que asumir\u00e1 el Gobierno para enfrentar la situaci\u00f3n. \u201cEl \u00fanico sacrificado, una vez m\u00e1s, ser\u00e1 el pueblo dominicano. El Gobierno no habla de austeridad, no habla de recortes, no habla de eficiencia, solo habla de advertencias. El sacrificio nunca sale del Palacio, siempre sale del bolsillo de la gente\u201d.<\/p>\n<p>El dirigente pol\u00edtico record\u00f3 que el expresidente Leonel Fern\u00e1ndez tambi\u00e9n reaccion\u00f3 al tema, se\u00f1alando que el Gobierno \u201cvive buscando culpables externos\u201d para justificar la inflaci\u00f3n. Seg\u00fan el l\u00edder de la Fuerza del Pueblo, la econom\u00eda dominicana enfrenta problemas estructurales que no pueden atribuirse \u00fanicamente a factores internacionales.<\/p>\n<p>\u201cEl presidente Leonel Fern\u00e1ndez lo dijo claro: la inflaci\u00f3n dominicana no necesita guerras para existir. Es el resultado de decisiones internas equivocadas\u201d, concluy\u00f3 el secretario nacional de propaganda de la FP.<\/p>\n<p>ADDP\/<\/p>\n<p>La entrada <a href=\"https:\/\/elnuevodiario.com.do\/cesar-fernandez-pide-al-gobierno-no-sembrar-miedo-y-presentar-plan-de-proteccion\/\">C\u00e9sar Fern\u00e1ndez pide al gobierno no sembrar miedo y presentar plan de protecci\u00f3n<\/a> se public\u00f3 primero en <a href=\"https:\/\/elnuevodiario.com.do\/\">El Nuevo Diario (Rep\u00fablica Dominicana)<\/a>.<\/p>\n<p>\u200bxxx EL NUEVO DIARIO, SANTO DOMINGO.- El miembro de la Direcci\u00f3n Pol\u00edtica y secretario nacional de propaganda de la Fuerza del Pueblo (FP), C\u00e9sar Fern\u00e1ndez, llam\u00f3 este lunes al Gobierno del PRM a dejar de \u201csembrar miedo\u201d y a presentar un plan real de protecci\u00f3n econ\u00f3mica para las familias dominicanas ya que el pa\u00eds no<br \/>\nLa entrada C\u00e9sar Fern\u00e1ndez pide al gobierno no sembrar miedo y presentar plan de protecci\u00f3n se public\u00f3 primero en El Nuevo Diario (Rep\u00fablica Dominicana).\u00a0\u00a0Pol\u00edtica, Portada, C\u00e9sar Fern\u00e1ndez, Fuerza del Pueblo (FP), Luis Abinader\u00a0<\/p>","protected":false},"excerpt":{"rendered":"<p>xxx EL NUEVO DIARIO, SANTO DOMINGO.- El miembro de la Direcci\u00f3n Pol\u00edtica y secretario nacional de propaganda de la Fuerza del Pueblo (FP), C\u00e9sar Fern\u00e1ndez, llam\u00f3 este lunes al Gobierno del PRM a dejar de \u201csembrar miedo\u201d y a presentar un plan real de protecci\u00f3n econ\u00f3mica para las familias dominicanas ya que el pa\u00eds no [&hellip;]<\/p>\n","protected":false},"author":1,"featured_media":4052,"comment_status":"open","ping_status":"open","sticky":false,"template":"","format":"standard","meta":{"amp_status":"","footnotes":""},"categories":[5],"tags":[],"class_list":["post-4051","post","type-post","status-publish","format-standard","has-post-thumbnail","hentry","category-politica"],"_links":{"self":[{"href":"https:\/\/ermdigital.com\/index.php?rest_route=\/wp\/v2\/posts\/4051","targetHints":{"allow":["GET"]}}],"collection":[{"href":"https:\/\/ermdigital.com\/index.php?rest_route=\/wp\/v2\/posts"}],"about":[{"href":"https:\/\/ermdigital.com\/index.php?rest_route=\/wp\/v2\/types\/post"}],"author":[{"embeddable":true,"href":"https:\/\/ermdigital.com\/index.php?rest_route=\/wp\/v2\/users\/1"}],"replies":[{"embeddable":true,"href":"https:\/\/ermdigital.com\/index.php?rest_route=%2Fwp%2Fv2%2Fcomments&post=4051"}],"version-history":[{"count":0,"href":"https:\/\/ermdigital.com\/index.php?rest_route=\/wp\/v2\/posts\/4051\/revisions"}],"wp:featuredmedia":[{"embeddable":true,"href":"https:\/\/ermdigital.com\/index.php?rest_route=\/wp\/v2\/media\/4052"}],"wp:attachment":[{"href":"https:\/\/ermdigital.com\/index.php?rest_route=%2Fwp%2Fv2%2Fmedia&parent=4051"}],"wp:term":[{"taxonomy":"category","embeddable":true,"href":"https:\/\/ermdigital.com\/index.php?rest_route=%2Fwp%2Fv2%2Fcategories&post=4051"},{"taxonomy":"post_tag","embeddable":true,"href":"https:\/\/ermdigital.com\/index.php?rest_route=%2Fwp%2Fv2%2Ftags&post=4051"}],"curies":[{"name":"wp","href":"https:\/\/api.w.org\/{rel}","templated":true}]}}