{"id":4027,"date":"2026-03-23T08:23:43","date_gmt":"2026-03-23T12:23:43","guid":{"rendered":"https:\/\/ermdigital.com\/index.php\/2026\/03\/23\/presidenta-del-gobierno-de-islas-baleares-afirma-que-la-formacion-es-clave-del-exito-turistico-y-valora-modelo-del-infotep\/"},"modified":"2026-03-23T08:23:43","modified_gmt":"2026-03-23T12:23:43","slug":"presidenta-del-gobierno-de-islas-baleares-afirma-que-la-formacion-es-clave-del-exito-turistico-y-valora-modelo-del-infotep","status":"publish","type":"post","link":"https:\/\/ermdigital.com\/?p=4027","title":{"rendered":"Presidenta del Gobierno de Islas Baleares afirma que la formaci\u00f3n es clave del \u00e9xito tur\u00edstico y valora modelo del Infotep"},"content":{"rendered":"<p><span class=\"field field--name-title field--type-string field--label-hidden\">Presidenta del Gobierno de Islas Baleares afirma que la formaci\u00f3n es clave del \u00e9xito tur\u00edstico y valora modelo del Infotep<\/span><br \/>\n<span class=\"field field--name-uid field--type-entity-reference field--label-hidden\"><span>yamellrossi<\/span><\/span><br \/>\n<span class=\"field field--name-created field--type-created field--label-hidden\"><time datetime=\"2026-03-23T08:23:43-04:00\" title=\"Lunes, Marzo 23, 2026 - 08:23\" class=\"datetime\">23 de  Marzo 2026 | 08:23<\/time><br \/>\n<\/span><\/p>\n<div class=\"clearfix text-formatted field field--name-body field--type-text-with-summary field--label-hidden field__item\">\n<p dir=\"ltr\"><span>Hato Mayor.\u2013 La presidenta del Gobierno de las Islas Baleares,\u00a0<\/span><strong>Margalida \u201cMarga\u201d Prohens<\/strong><span>, afirm\u00f3 que la\u00a0<\/span><strong>formaci\u00f3n<\/strong><span> es la\u00a0<\/span><strong>clave del \u00e9xito tur\u00edstico<\/strong><span>, al tiempo que\u00a0<\/span><strong>valor\u00f3<\/strong><span> el modelo de\u00a0<\/span><strong>capacitaci\u00f3n<\/strong><span> que se impulsa en la\u00a0<\/span><strong>Escuela de Hoteler\u00eda y Formaci\u00f3n T\u00e9cnico Profesional Villa Suiza del Infotep en Sabana de la Mar.<\/strong><\/p>\n<p dir=\"ltr\"><em>\u201cLa clave del \u00e9xito en el turismo est\u00e1 en la formaci\u00f3n y la excelencia de quienes hacen posible esta industria\u201d,<\/em><span> expres\u00f3, al tiempo de destacar que la experiencia desarrollada por el Infotep fortalece el\u00a0<\/span><strong>talento humano<\/strong><span>, el cual contribuye a elevar la\u00a0<\/span><strong>calidad del servicio<\/strong><span> en el sector.<\/span><\/p>\n<p dir=\"ltr\"><span>Prohens conoci\u00f3 la\u00a0<\/span><strong>estructura formativa y operativa de la escuela<\/strong><span>, donde se ejecutan programas orientados a la capacitaci\u00f3n especializada en hoteler\u00eda y turismo, donde realiz\u00f3 un\u00a0<\/span><strong>recorrido<\/strong><span> junto con la directora general del Infotep,\u00a0<\/span><strong>Maira Morla Pineda<\/strong><span>; el ministro de Educaci\u00f3n Superior, Ciencia y Tecnolog\u00eda,\u00a0<\/span><strong>Rafael Santos Bad\u00eda<\/strong><span>, exdirector general de la instituci\u00f3n; la presidenta del Grupo Inverotel,\u00a0<\/span><strong>Encarna Pi\u00f1ero Garc\u00eda<\/strong><span>; el presidente de Asonahores,\u00a0<\/span><strong>Juan Bancalari<\/strong><span>, y el viceministro de Turismo para la Cooperaci\u00f3n Internacional,\u00a0<\/span><strong>Carlos Peguero.<\/strong><\/p>\n<p dir=\"ltr\"><span>Valor\u00f3 como\u00a0<\/span><strong>altamente positiva la alianza con la Rep\u00fablica Dominicana<\/strong><span>, al considerar que la experiencia en Villa Suiza evidencia\u00a0<\/span><strong>resultados concretos del convenio suscrito en Fitur 2026<\/strong><span>, enfocado en la formaci\u00f3n especializada, la transferencia de conocimientos y el desarrollo del talento humano.<\/span><\/p>\n<p dir=\"ltr\"><span>De su lado, la directora general del Infotep, Maira Morla Pineda, destac\u00f3 que la visita representa un\u00a0<\/span><strong>paso firme en la consolidaci\u00f3n de los compromisos asumidos<\/strong><span>, especialmente en la formaci\u00f3n de\u00a0<\/span><strong>facilitadores<\/strong><span>, la\u00a0<\/span><strong>modernizaci\u00f3n<\/strong><span> curricular y el intercambio de\u00a0<\/span><strong>buenas pr\u00e1cticas.<\/strong><\/p>\n<p dir=\"ltr\"><em>\u201cEsta alianza impulsa la capacitaci\u00f3n de nuestros docentes, promueve experiencias formativas innovadoras y fortalece la gesti\u00f3n de nuestras escuelas de hosteler\u00eda, aline\u00e1ndolas con est\u00e1ndares internacionales\u201d,<\/em><span> expres\u00f3.<\/span><\/p>\n<p dir=\"ltr\"><span>Morla Pineda inform\u00f3 que\u00a0<\/span><strong>seis facilitadores dominicanos<\/strong><span> ya participan en procesos de formaci\u00f3n en la\u00a0<\/span><strong>Escuela de Hoteler\u00eda de las Islas Baleares\u00a0<\/strong><span>bajo la modalidad de\u00a0<\/span><strong>codocencia<\/strong><span>, lo que constituye un avance concreto en la transferencia de conocimientos.<\/span><\/p>\n<p dir=\"ltr\"><span>El ministro de Educaci\u00f3n Superior, Ciencia y Tecnolog\u00eda, Rafael Santos Bad\u00eda, valor\u00f3 el convenio como altamente positivo y record\u00f3 que su firma se concret\u00f3 durante su gesti\u00f3n al frente del Infotep, como parte de una\u00a0<\/span><strong>visi\u00f3n estrat\u00e9gica orientada a fortalecer la formaci\u00f3n t\u00e9cnico-profesional en turismo.<\/strong><\/p>\n<p dir=\"ltr\"><span>Se\u00f1al\u00f3 que el acuerdo promueve la\u00a0<\/span><strong>capacitaci\u00f3n especializada<\/strong><span> y la articulaci\u00f3n entre la formaci\u00f3n y las\u00a0<\/span><strong>demandas del sector,<\/strong><span> en beneficio de la\u00a0<\/span><strong>competitividad<\/strong><span> del pa\u00eds.<\/span><\/p>\n<p dir=\"ltr\"><strong>Respaldo del sector<\/strong><\/p>\n<p dir=\"ltr\"><span>La presidenta del Grupo Inverotel, Encarna Pi\u00f1ero Garc\u00eda, resalt\u00f3 el valor de esta iniciativa como una forma de fortalecer una\u00a0<\/span><strong>colaboraci\u00f3n hist\u00f3rica<\/strong><span> y destac\u00f3 el papel del Infotep en la calidad del servicio tur\u00edstico.<\/span><\/p>\n<p dir=\"ltr\"><span>En tanto, el presidente de Asonahores, Juan Bancalari, subray\u00f3 la\u00a0<\/span><strong>articulaci\u00f3n p\u00fablico-privada<\/strong><span> que permiti\u00f3 concretar en tiempo r\u00e9cord un proyecto de formaci\u00f3n de alto nivel.<\/span><\/p>\n<p dir=\"ltr\"><span>Asimismo, el viceministro de Turismo para la Cooperaci\u00f3n Internacional, Carlos Peguero, afirm\u00f3 que el acuerdo fortalece las capacidades formativas del pa\u00eds al apostar por una\u00a0<\/span><strong>mayor cualificaci\u00f3n del talento humano.<\/strong><\/p>\n<p dir=\"ltr\"><strong>Impacto en la formaci\u00f3n<\/strong><\/p>\n<p dir=\"ltr\"><span>La Escuela de Hoteler\u00eda y Formaci\u00f3n T\u00e9cnico Profesional Villa Suiza del Infotep, en Sabana de la Mar,\u00a0<\/span><strong>inaugurada en febrero de 2025<\/strong><span>, se consolida como un\u00a0<\/span><strong>centro clave<\/strong><span> para la\u00a0<\/span><strong>capacitaci\u00f3n tur\u00edstica en la regi\u00f3n Este<\/strong><span>. Desde la apertura se han realizado 21 acciones formativas, con m\u00e1s de 300 participantes en \u00e1reas como gastronom\u00eda, hoteler\u00eda, idiomas, servicio al cliente y servicios t\u00e9cnicos.<\/span><\/p>\n<p dir=\"ltr\"><span>La iniciativa contribuye a impulsar un\u00a0<\/span><strong>turismo m\u00e1s sostenible, inclusivo\u00a0<\/strong><span>y orientado a la\u00a0<\/span><strong>calidad del servicio<\/strong><span>, fortaleciendo el talento humano que demanda la industria.<\/span><\/p>\n<p dir=\"ltr\"><strong>Participaci\u00f3n y contexto<\/strong><\/p>\n<p dir=\"ltr\"><span>La actividad cont\u00f3 con la presencia de\u00a0<\/span><strong>autoridades del sector educativo, tur\u00edstico y de la cooperaci\u00f3n internacional<\/strong><span>, as\u00ed como representantes del\u00a0<\/span><strong>Infotep<\/strong><span> y de la\u00a0<\/span><strong>delegaci\u00f3n oficial de las Islas Baleares.<\/strong><\/p>\n<p><span>El encuentro se enmarca en el\u00a0<\/span><strong>convenio firmado en Fitur 2026\u00a0<\/strong><span>entre el\u00a0<\/span><strong>Infotep, el Gobierno de las Islas Baleares, Inverotel y Asonahores<\/strong><span>, orientado a desarrollar programas conjuntos de formaci\u00f3n, movilidad acad\u00e9mica, codocencia y actualizaci\u00f3n curricular.<\/span><\/p>\n<\/div>\n<div class=\"field field--name-field-image field--type-image field--label-hidden field__item\">  <img decoding=\"async\" loading=\"lazy\" src=\"https:\/\/www.presidencia.gob.do\/sites\/default\/files\/news\/2026-03\/Visita%20de%20la%20presidenta%20del%20Gobi.jpg\" width=\"1300\" height=\"800\" alt=\"Presidente\" \/>\n<\/div>\n<p>\u00a0Presidenta del Gobierno de Islas Baleares afirma que la formaci\u00f3n es clave del \u00e9xito tur\u00edstico y valora modelo del Infotep<br \/>\nyamellrossi<br \/>\n23 de  Marzo 2026 | 08:23<\/p>\n<p>            Hato Mayor.\u2013 La presidenta del Gobierno de las Islas Baleares,\u00a0Margalida \u201cMarga\u201d Prohens, afirm\u00f3 que la\u00a0formaci\u00f3n es la\u00a0clave del \u00e9xito tur\u00edstico, al tiempo que\u00a0valor\u00f3 el modelo de\u00a0capacitaci\u00f3n que se impulsa en la\u00a0Escuela de Hoteler\u00eda y Formaci\u00f3n T\u00e9cnico Profesional Villa Suiza del Infotep en Sabana de la Mar.<br \/>\n\u201cLa clave del \u00e9xito en el turismo est\u00e1 en la formaci\u00f3n y la excelencia de quienes hacen posible esta industria\u201d, expres\u00f3, al tiempo de destacar que la experiencia desarrollada por el Infotep fortalece el\u00a0talento humano, el cual contribuye a elevar la\u00a0calidad del servicio en el sector.<br \/>\nProhens conoci\u00f3 la\u00a0estructura formativa y operativa de la escuela, donde se ejecutan programas orientados a la capacitaci\u00f3n especializada en hoteler\u00eda y turismo, donde realiz\u00f3 un\u00a0recorrido junto con la directora general del Infotep,\u00a0Maira Morla Pineda; el ministro de Educaci\u00f3n Superior, Ciencia y Tecnolog\u00eda,\u00a0Rafael Santos Bad\u00eda, exdirector general de la instituci\u00f3n; la presidenta del Grupo Inverotel,\u00a0Encarna Pi\u00f1ero Garc\u00eda; el presidente de Asonahores,\u00a0Juan Bancalari, y el viceministro de Turismo para la Cooperaci\u00f3n Internacional,\u00a0Carlos Peguero.<br \/>\nValor\u00f3 como\u00a0altamente positiva la alianza con la Rep\u00fablica Dominicana, al considerar que la experiencia en Villa Suiza evidencia\u00a0resultados concretos del convenio suscrito en Fitur 2026, enfocado en la formaci\u00f3n especializada, la transferencia de conocimientos y el desarrollo del talento humano.<br \/>\nDe su lado, la directora general del Infotep, Maira Morla Pineda, destac\u00f3 que la visita representa un\u00a0paso firme en la consolidaci\u00f3n de los compromisos asumidos, especialmente en la formaci\u00f3n de\u00a0facilitadores, la\u00a0modernizaci\u00f3n curricular y el intercambio de\u00a0buenas pr\u00e1cticas.<br \/>\n\u201cEsta alianza impulsa la capacitaci\u00f3n de nuestros docentes, promueve experiencias formativas innovadoras y fortalece la gesti\u00f3n de nuestras escuelas de hosteler\u00eda, aline\u00e1ndolas con est\u00e1ndares internacionales\u201d, expres\u00f3.<br \/>\nMorla Pineda inform\u00f3 que\u00a0seis facilitadores dominicanos ya participan en procesos de formaci\u00f3n en la\u00a0Escuela de Hoteler\u00eda de las Islas Baleares\u00a0bajo la modalidad de\u00a0codocencia, lo que constituye un avance concreto en la transferencia de conocimientos.<br \/>\nEl ministro de Educaci\u00f3n Superior, Ciencia y Tecnolog\u00eda, Rafael Santos Bad\u00eda, valor\u00f3 el convenio como altamente positivo y record\u00f3 que su firma se concret\u00f3 durante su gesti\u00f3n al frente del Infotep, como parte de una\u00a0visi\u00f3n estrat\u00e9gica orientada a fortalecer la formaci\u00f3n t\u00e9cnico-profesional en turismo.<br \/>\nSe\u00f1al\u00f3 que el acuerdo promueve la\u00a0capacitaci\u00f3n especializada y la articulaci\u00f3n entre la formaci\u00f3n y las\u00a0demandas del sector, en beneficio de la\u00a0competitividad del pa\u00eds.<br \/>\nRespaldo del sector<br \/>\nLa presidenta del Grupo Inverotel, Encarna Pi\u00f1ero Garc\u00eda, resalt\u00f3 el valor de esta iniciativa como una forma de fortalecer una\u00a0colaboraci\u00f3n hist\u00f3rica y destac\u00f3 el papel del Infotep en la calidad del servicio tur\u00edstico.<br \/>\nEn tanto, el presidente de Asonahores, Juan Bancalari, subray\u00f3 la\u00a0articulaci\u00f3n p\u00fablico-privada que permiti\u00f3 concretar en tiempo r\u00e9cord un proyecto de formaci\u00f3n de alto nivel.<br \/>\nAsimismo, el viceministro de Turismo para la Cooperaci\u00f3n Internacional, Carlos Peguero, afirm\u00f3 que el acuerdo fortalece las capacidades formativas del pa\u00eds al apostar por una\u00a0mayor cualificaci\u00f3n del talento humano.<br \/>\nImpacto en la formaci\u00f3n<br \/>\nLa Escuela de Hoteler\u00eda y Formaci\u00f3n T\u00e9cnico Profesional Villa Suiza del Infotep, en Sabana de la Mar,\u00a0inaugurada en febrero de 2025, se consolida como un\u00a0centro clave para la\u00a0capacitaci\u00f3n tur\u00edstica en la regi\u00f3n Este. Desde la apertura se han realizado 21 acciones formativas, con m\u00e1s de 300 participantes en \u00e1reas como gastronom\u00eda, hoteler\u00eda, idiomas, servicio al cliente y servicios t\u00e9cnicos.<br \/>\nLa iniciativa contribuye a impulsar un\u00a0turismo m\u00e1s sostenible, inclusivo\u00a0y orientado a la\u00a0calidad del servicio, fortaleciendo el talento humano que demanda la industria.<br \/>\nParticipaci\u00f3n y contexto<br \/>\nLa actividad cont\u00f3 con la presencia de\u00a0autoridades del sector educativo, tur\u00edstico y de la cooperaci\u00f3n internacional, as\u00ed como representantes del\u00a0Infotep y de la\u00a0delegaci\u00f3n oficial de las Islas Baleares.<br \/>\nEl encuentro se enmarca en el\u00a0convenio firmado en Fitur 2026\u00a0entre el\u00a0Infotep, el Gobierno de las Islas Baleares, Inverotel y Asonahores, orientado a desarrollar programas conjuntos de formaci\u00f3n, movilidad acad\u00e9mica, codocencia y actualizaci\u00f3n curricular.\u00a0\u00a0\u00a0<\/p>","protected":false},"excerpt":{"rendered":"<p>Presidenta del Gobierno de Islas Baleares afirma que la formaci\u00f3n es clave del \u00e9xito tur\u00edstico y valora modelo del Infotep yamellrossi 23 de Marzo 2026 | 08:23 Hato Mayor.\u2013 La presidenta del Gobierno de las Islas Baleares,\u00a0Margalida \u201cMarga\u201d Prohens, afirm\u00f3 que la\u00a0formaci\u00f3n es la\u00a0clave del \u00e9xito tur\u00edstico, al tiempo que\u00a0valor\u00f3 el modelo de\u00a0capacitaci\u00f3n que se [&hellip;]<\/p>\n","protected":false},"author":1,"featured_media":4028,"comment_status":"open","ping_status":"open","sticky":false,"template":"","format":"standard","meta":{"amp_status":"","footnotes":""},"categories":[8],"tags":[],"class_list":["post-4027","post","type-post","status-publish","format-standard","has-post-thumbnail","hentry","category-republica"],"_links":{"self":[{"href":"https:\/\/ermdigital.com\/index.php?rest_route=\/wp\/v2\/posts\/4027","targetHints":{"allow":["GET"]}}],"collection":[{"href":"https:\/\/ermdigital.com\/index.php?rest_route=\/wp\/v2\/posts"}],"about":[{"href":"https:\/\/ermdigital.com\/index.php?rest_route=\/wp\/v2\/types\/post"}],"author":[{"embeddable":true,"href":"https:\/\/ermdigital.com\/index.php?rest_route=\/wp\/v2\/users\/1"}],"replies":[{"embeddable":true,"href":"https:\/\/ermdigital.com\/index.php?rest_route=%2Fwp%2Fv2%2Fcomments&post=4027"}],"version-history":[{"count":0,"href":"https:\/\/ermdigital.com\/index.php?rest_route=\/wp\/v2\/posts\/4027\/revisions"}],"wp:featuredmedia":[{"embeddable":true,"href":"https:\/\/ermdigital.com\/index.php?rest_route=\/wp\/v2\/media\/4028"}],"wp:attachment":[{"href":"https:\/\/ermdigital.com\/index.php?rest_route=%2Fwp%2Fv2%2Fmedia&parent=4027"}],"wp:term":[{"taxonomy":"category","embeddable":true,"href":"https:\/\/ermdigital.com\/index.php?rest_route=%2Fwp%2Fv2%2Fcategories&post=4027"},{"taxonomy":"post_tag","embeddable":true,"href":"https:\/\/ermdigital.com\/index.php?rest_route=%2Fwp%2Fv2%2Ftags&post=4027"}],"curies":[{"name":"wp","href":"https:\/\/api.w.org\/{rel}","templated":true}]}}