{"id":3577,"date":"2026-03-22T16:50:57","date_gmt":"2026-03-22T20:50:57","guid":{"rendered":"https:\/\/ermdigital.com\/index.php\/2026\/03\/22\/abinader-llama-a-sacrificio-responsable-y-destaca-fortaleza-economica-del-pais\/"},"modified":"2026-03-22T16:50:57","modified_gmt":"2026-03-22T20:50:57","slug":"abinader-llama-a-sacrificio-responsable-y-destaca-fortaleza-economica-del-pais","status":"publish","type":"post","link":"https:\/\/ermdigital.com\/?p=3577","title":{"rendered":"Abinader llama a sacrificio responsable y destaca fortaleza econ\u00f3mica del pa\u00eds"},"content":{"rendered":"<p>\u200b<\/p>\n<p>El presidente Luis Abinader se dirigi\u00f3 al pa\u00eds este domingo y advirti\u00f3 que, ante el escenario internacional, ser\u00e1 necesario asumir sacrificios moderados, no indiscriminados, pero inevitables, que podr\u00edan reflejarse en presiones sobre las tarifas el\u00e9ctricas, el transporte y algunos alimentos.<\/p>\n<p>El mandatario sostuvo que, aunque el Gobierno asumir\u00e1 la mayor parte del impacto, tambi\u00e9n se requiere una responsabilidad compartida. En ese sentido, plante\u00f3 que las empresas pueden adoptar esquemas de trabajo remoto y los ciudadanos optimizar el uso de combustibles, actuando con conciencia y eficiencia.<\/p>\n<p>Pese a la coyuntura, destac\u00f3 que Rep\u00fablica Dominicana sigue siendo una de las econom\u00edas m\u00e1s din\u00e1micas de la regi\u00f3n, con crecimiento, estabilidad y confianza, subrayando que no se trata de una crisis interna, sino de un choque externo.<\/p>\n<p>Resalt\u00f3 que el pa\u00eds cuenta con una posici\u00f3n s\u00f3lida, con liquidez robusta, acceso a financiamiento internacional y reservas superiores a US$16,000 millones. Adem\u00e1s, mencion\u00f3 ingresos adicionales provenientes de la miner\u00eda y de una mejor recaudaci\u00f3n tributaria.<\/p>\n<p>Tambi\u00e9n destac\u00f3 avances en el sector el\u00e9ctrico, hist\u00f3ricamente vulnerable, as\u00ed como la diversificaci\u00f3n de la matriz energ\u00e9tica, el mayor uso de energ\u00edas renovables y decisiones estrat\u00e9gicas como la fijaci\u00f3n del precio del carb\u00f3n en Punta Catalina y contratos de gas natural asegurados por un a\u00f1o, lo que permitir\u00e1 amortiguar el impacto.<\/p>\n<p>Por otro lado, el presidente reiter\u00f3 que el objetivo del Gobierno es que cualquier turbulencia internacional tenga el menor efecto posible en la vida de los dominicanos, al tiempo que llam\u00f3 a acelerar la transici\u00f3n hacia energ\u00edas renovables y reducir la dependencia de combustibles f\u00f3siles.<\/p>\n<p>En ese sentido, exhort\u00f3 a la poblaci\u00f3n a actuar con responsabilidad, confianza y visi\u00f3n de pa\u00eds, asegurando que el Gobierno seguir\u00e1 tomando decisiones para proteger la estabilidad econ\u00f3mica, el poder adquisitivo de las familias y garantizar el crecimiento sostenido.<\/p>\n<p>Afirm\u00f3 que el mayor riesgo ser\u00eda posponer decisiones necesarias y enfrentar costos mayores en el futuro, y asegur\u00f3 que el pa\u00eds sabr\u00e1 adaptarse y superar este desaf\u00edo, como lo ha hecho en ocasiones anteriores, con determinaci\u00f3n, equilibrio y unidad nacional.<\/p>\n<p>Archivado en: <a href=\"https:\/\/eldinero.com.do\/tag\/abinader\/\" rel=\"tag\">Abinader<\/a><a href=\"https:\/\/eldinero.com.do\/tag\/fortaleza-economica-del-pais\/\" rel=\"tag\">fortaleza econ\u00f3mica del pa\u00eds<\/a><\/p>\n<p>\u00a0<\/p>","protected":false},"excerpt":{"rendered":"<p>\u200b El presidente Luis Abinader se dirigi\u00f3 al pa\u00eds este domingo y advirti\u00f3 que, ante el escenario internacional, ser\u00e1 necesario asumir sacrificios moderados, no indiscriminados, pero inevitables, que podr\u00edan reflejarse en presiones sobre las tarifas el\u00e9ctricas, el transporte y algunos alimentos. El mandatario sostuvo que, aunque el Gobierno asumir\u00e1 la mayor parte del impacto, tambi\u00e9n [&hellip;]<\/p>\n","protected":false},"author":1,"featured_media":3578,"comment_status":"open","ping_status":"open","sticky":false,"template":"","format":"standard","meta":{"amp_status":"","footnotes":""},"categories":[7],"tags":[],"class_list":["post-3577","post","type-post","status-publish","format-standard","has-post-thumbnail","hentry","category-economia"],"_links":{"self":[{"href":"https:\/\/ermdigital.com\/index.php?rest_route=\/wp\/v2\/posts\/3577","targetHints":{"allow":["GET"]}}],"collection":[{"href":"https:\/\/ermdigital.com\/index.php?rest_route=\/wp\/v2\/posts"}],"about":[{"href":"https:\/\/ermdigital.com\/index.php?rest_route=\/wp\/v2\/types\/post"}],"author":[{"embeddable":true,"href":"https:\/\/ermdigital.com\/index.php?rest_route=\/wp\/v2\/users\/1"}],"replies":[{"embeddable":true,"href":"https:\/\/ermdigital.com\/index.php?rest_route=%2Fwp%2Fv2%2Fcomments&post=3577"}],"version-history":[{"count":0,"href":"https:\/\/ermdigital.com\/index.php?rest_route=\/wp\/v2\/posts\/3577\/revisions"}],"wp:featuredmedia":[{"embeddable":true,"href":"https:\/\/ermdigital.com\/index.php?rest_route=\/wp\/v2\/media\/3578"}],"wp:attachment":[{"href":"https:\/\/ermdigital.com\/index.php?rest_route=%2Fwp%2Fv2%2Fmedia&parent=3577"}],"wp:term":[{"taxonomy":"category","embeddable":true,"href":"https:\/\/ermdigital.com\/index.php?rest_route=%2Fwp%2Fv2%2Fcategories&post=3577"},{"taxonomy":"post_tag","embeddable":true,"href":"https:\/\/ermdigital.com\/index.php?rest_route=%2Fwp%2Fv2%2Ftags&post=3577"}],"curies":[{"name":"wp","href":"https:\/\/api.w.org\/{rel}","templated":true}]}}