{"id":27417,"date":"2026-05-03T09:51:39","date_gmt":"2026-05-03T13:51:39","guid":{"rendered":"https:\/\/ermdigital.com\/?p=27417"},"modified":"2026-05-03T09:51:39","modified_gmt":"2026-05-03T13:51:39","slug":"anproted-valora-avances-de-la-evaluacion-docente-y-llama-a-tecnicos-a-integrarse-al-proceso","status":"publish","type":"post","link":"https:\/\/ermdigital.com\/?p=27417","title":{"rendered":"ANPROTED valora avances de la Evaluaci\u00f3n Docente y llama a t\u00e9cnicos a integrarse al proceso"},"content":{"rendered":"<p><strong><em>Redacci\u00f3n.-<\/em><\/strong> La Asociaci\u00f3n Nacional de Profesionales y T\u00e9cnicos de la Educaci\u00f3n Dominicana (<a href=\"https:\/\/www.instagram.com\/anprotedoficial\/\" target=\"_blank\" rel=\"noopener\">ANPROTED<\/a>) destac\u00f3 los avances de la Evaluaci\u00f3n de Desempe\u00f1o Docente y expres\u00f3 su respaldo al proceso, exhortando a los t\u00e9cnicos docentes a garantizar altos niveles de calidad, \u00e9tica y compromiso en la fase de observaci\u00f3n de clases, correspondiente a la sexta etapa del proceso.<\/p>\n<p>En ese sentido, la Comisi\u00f3n Nacional Rectora de la Evaluaci\u00f3n de Desempe\u00f1o Docente inform\u00f3 que este martes 5 de mayo iniciar\u00e1 la fase de observaci\u00f3n de clases, considerada clave para valorar la pr\u00e1ctica pedag\u00f3gica en condiciones reales de aula.<\/p>\n<h3 class=\"wp-block-heading\"><strong><em>Leer m\u00e1s: <a href=\"https:\/\/deultimominuto.net\/nacionales\/minerd-adp-amplian-participacion\/\" data-type=\"post\" data-id=\"601562\">Minerd y ADP ampl\u00edan participaci\u00f3n docente en Evaluaci\u00f3n Docente 2025<\/a><\/em><\/strong><\/h3>\n<p>Con este paso, el proceso contin\u00faa avanzando conforme a lo previsto, tras haberse desarrollado de manera progresiva y con alta participaci\u00f3n del magisterio, junto a la ejecuci\u00f3n satisfactoria de sus etapas previas.<\/p>\n<p>La organizaci\u00f3n subray\u00f3 que la observaci\u00f3n de aula debe realizarse con los m\u00e1s altos niveles de calidad, \u00e9tica y compromiso profesional, y se\u00f1al\u00f3 que cualquier dificultad operativa menor ser\u00e1 atendida de manera oportuna, destacando que el \u00e9xito de esta fase es fundamental para consolidar la evaluaci\u00f3n y contribuir a la mejora continua del sistema educativo.<\/p>\n<p>Igualmente, la Comisi\u00f3n Nacional Rectora reiter\u00f3 que esta etapa se desarrollar\u00e1 conforme al cronograma establecido, con condiciones organizativas y operativas que garantizan su correcta ejecuci\u00f3n, e hizo un llamado a todos los actores involucrados a mantener el enfoque, la disciplina y el compromiso necesarios para culminar el proceso seg\u00fan lo previsto.<\/p>\n<p>La fase de observaci\u00f3n de clases constituye un componente esencial de la evaluaci\u00f3n, al permitir una mirada directa sobre la pr\u00e1ctica docente y fortalecer los criterios de objetividad, rigor y mejora continua que orientan este proceso.<\/p>\n<p>\u200bRedacci\u00f3n.- La Asociaci\u00f3n Nacional de Profesionales y T\u00e9cnicos de la Educaci\u00f3n Dominicana (ANPROTED) destac\u00f3 los avances de la Evaluaci\u00f3n de Desempe\u00f1o Docente y expres\u00f3 su respaldo al proceso, exhortando a los t\u00e9cnicos docentes a garantizar altos niveles de calidad, \u00e9tica y compromiso en la fase de observaci\u00f3n de clases, correspondiente a la sexta etapa del\u00a0\u00a0Nacionales, ANPROTED, Desempe\u00f1o, Deultimominuto, ElPeri\u00f3dicodelaVerdad, Evaluaci\u00f3n Docente, Rep\u00fablica Dominicana\u00a0\u00a0<\/p>\n","protected":false},"excerpt":{"rendered":"<p>Redacci\u00f3n.- La Asociaci\u00f3n Nacional de Profesionales y T\u00e9cnicos de la Educaci\u00f3n Dominicana (ANPROTED) destac\u00f3 los avances de la Evaluaci\u00f3n de Desempe\u00f1o Docente y expres\u00f3 su respaldo al proceso, exhortando a los t\u00e9cnicos docentes a garantizar altos niveles de calidad, \u00e9tica y compromiso en la fase de observaci\u00f3n de clases, correspondiente a la sexta etapa del [&hellip;]<\/p>\n","protected":false},"author":1,"featured_media":27418,"comment_status":"open","ping_status":"open","sticky":false,"template":"","format":"standard","meta":{"amp_status":"","footnotes":""},"categories":[3],"tags":[],"class_list":["post-27417","post","type-post","status-publish","format-standard","has-post-thumbnail","hentry","category-de-ultimo-minuto"],"_links":{"self":[{"href":"https:\/\/ermdigital.com\/index.php?rest_route=\/wp\/v2\/posts\/27417","targetHints":{"allow":["GET"]}}],"collection":[{"href":"https:\/\/ermdigital.com\/index.php?rest_route=\/wp\/v2\/posts"}],"about":[{"href":"https:\/\/ermdigital.com\/index.php?rest_route=\/wp\/v2\/types\/post"}],"author":[{"embeddable":true,"href":"https:\/\/ermdigital.com\/index.php?rest_route=\/wp\/v2\/users\/1"}],"replies":[{"embeddable":true,"href":"https:\/\/ermdigital.com\/index.php?rest_route=%2Fwp%2Fv2%2Fcomments&post=27417"}],"version-history":[{"count":0,"href":"https:\/\/ermdigital.com\/index.php?rest_route=\/wp\/v2\/posts\/27417\/revisions"}],"wp:featuredmedia":[{"embeddable":true,"href":"https:\/\/ermdigital.com\/index.php?rest_route=\/wp\/v2\/media\/27418"}],"wp:attachment":[{"href":"https:\/\/ermdigital.com\/index.php?rest_route=%2Fwp%2Fv2%2Fmedia&parent=27417"}],"wp:term":[{"taxonomy":"category","embeddable":true,"href":"https:\/\/ermdigital.com\/index.php?rest_route=%2Fwp%2Fv2%2Fcategories&post=27417"},{"taxonomy":"post_tag","embeddable":true,"href":"https:\/\/ermdigital.com\/index.php?rest_route=%2Fwp%2Fv2%2Ftags&post=27417"}],"curies":[{"name":"wp","href":"https:\/\/api.w.org\/{rel}","templated":true}]}}