{"id":27415,"date":"2026-05-03T09:55:53","date_gmt":"2026-05-03T13:55:53","guid":{"rendered":"https:\/\/ermdigital.com\/?p=27415"},"modified":"2026-05-03T09:55:53","modified_gmt":"2026-05-03T13:55:53","slug":"san-juan-amanece-en-calma-previo-a-marcha-en-contra-de-la-explotacion-minera","status":"publish","type":"post","link":"https:\/\/ermdigital.com\/?p=27415","title":{"rendered":"San Juan amanece en calma previo a marcha en contra de la explotaci\u00f3n minera"},"content":{"rendered":"<p><strong><em>San Juan.\u2013 <\/em><\/strong>Las principales calles de la provincia de San Juan amanecieron este domingo inusualmente vac\u00edas y en un <a href=\"https:\/\/deultimominuto.net\/nacionales\/san-juan-marcha-este-domingo-contra-la-explotacion-minera-en-defensa-del-agua\/\">ambiente <\/a>de tranquilidad, en contraste con el dinamismo habitual, debido a la convocatoria de una marcha pac\u00edfica contra la explotaci\u00f3n minera en la zona.<\/p>\n<p>Desde tempranas horas, se observ\u00f3 una reducci\u00f3n significativa en el tr\u00e1nsito vehicular y peatonal, mientras ciudadanos se preparaban para participar en la manifestaci\u00f3n organizada por el movimiento Suroeste Unido por el Agua y la Vida, bajo el lema \u201cSan Juan defiende su agua; el agua no se negocia. Se defiende\u201d.<\/p>\n<h3 class=\"wp-block-heading\"><strong>Leer m\u00e1s: <a href=\"https:\/\/deultimominuto.net\/nacionales\/ciudadanos-de-santo-domingo\/\" data-type=\"post\" data-id=\"648846\">Ciudadanos de Santo Domingo expresan opiniones divididas sobre explotaci\u00f3n minera en San Juan<\/a><\/strong><\/h3>\n<p>La jornada est\u00e1 pautada para iniciar a las 2:00 de la tarde, partiendo desde el Arco del Triunfo, en el sector Las Maguanas, con un recorrido que incluir\u00e1 el parqueo del play de Sabaneta y concluir\u00e1 en el muro de la presa.<\/p>\n<p>En los \u00faltimos d\u00edas, la provincia ha sido escenario de diversas protestas en rechazo a posibles proyectos mineros en zonas consideradas estrat\u00e9gicas para la producci\u00f3n de agua en la Cordillera Central, fuente vital que abastece tanto al norte como al sur del pa\u00eds.<\/p>\n<p>El tema ha generado amplias reacciones a nivel nacional. El presidente Luis Abinader afirm\u00f3 recientemente que a\u00fan no cuenta con estudios que determinen la viabilidad del proyecto minero. En tanto, el ministro de Medio Ambiente, Pa\u00edno Henr\u00edquez, explic\u00f3 que la iniciativa de la empresa GoldQuest se encuentra en fase de evaluaci\u00f3n ambiental y no posee autorizaci\u00f3n de explotaci\u00f3n.<\/p>\n<p>Se espera que la movilizaci\u00f3n de esta tarde re\u00fana a cientos de ciudadanos en una demostraci\u00f3n pac\u00edfica en defensa de los recursos naturales, en una provincia que hoy, desde temprano, refleja en sus calles el preludio de una jornada de protesta.<\/p>\n<p>\u200bSan Juan.\u2013 Las principales calles de la provincia de San Juan amanecieron este domingo inusualmente vac\u00edas y en un ambiente de tranquilidad, en contraste con el dinamismo habitual, debido a la convocatoria de una marcha pac\u00edfica contra la explotaci\u00f3n minera en la zona. Desde tempranas horas, se observ\u00f3 una reducci\u00f3n significativa en el tr\u00e1nsito vehicular\u00a0\u00a0Nacionales, Deultimominuto, ElPeri\u00f3dicodelaVerdad, Explotaci\u00f3n minera, Rep\u00fablica Dominicana, San Juan\u00a0\u00a0<\/p>\n","protected":false},"excerpt":{"rendered":"<p>San Juan.\u2013 Las principales calles de la provincia de San Juan amanecieron este domingo inusualmente vac\u00edas y en un ambiente de tranquilidad, en contraste con el dinamismo habitual, debido a la convocatoria de una marcha pac\u00edfica contra la explotaci\u00f3n minera en la zona. Desde tempranas horas, se observ\u00f3 una reducci\u00f3n significativa en el tr\u00e1nsito vehicular [&hellip;]<\/p>\n","protected":false},"author":1,"featured_media":27416,"comment_status":"open","ping_status":"open","sticky":false,"template":"","format":"standard","meta":{"amp_status":"","footnotes":""},"categories":[3],"tags":[],"class_list":["post-27415","post","type-post","status-publish","format-standard","has-post-thumbnail","hentry","category-de-ultimo-minuto"],"_links":{"self":[{"href":"https:\/\/ermdigital.com\/index.php?rest_route=\/wp\/v2\/posts\/27415","targetHints":{"allow":["GET"]}}],"collection":[{"href":"https:\/\/ermdigital.com\/index.php?rest_route=\/wp\/v2\/posts"}],"about":[{"href":"https:\/\/ermdigital.com\/index.php?rest_route=\/wp\/v2\/types\/post"}],"author":[{"embeddable":true,"href":"https:\/\/ermdigital.com\/index.php?rest_route=\/wp\/v2\/users\/1"}],"replies":[{"embeddable":true,"href":"https:\/\/ermdigital.com\/index.php?rest_route=%2Fwp%2Fv2%2Fcomments&post=27415"}],"version-history":[{"count":0,"href":"https:\/\/ermdigital.com\/index.php?rest_route=\/wp\/v2\/posts\/27415\/revisions"}],"wp:featuredmedia":[{"embeddable":true,"href":"https:\/\/ermdigital.com\/index.php?rest_route=\/wp\/v2\/media\/27416"}],"wp:attachment":[{"href":"https:\/\/ermdigital.com\/index.php?rest_route=%2Fwp%2Fv2%2Fmedia&parent=27415"}],"wp:term":[{"taxonomy":"category","embeddable":true,"href":"https:\/\/ermdigital.com\/index.php?rest_route=%2Fwp%2Fv2%2Fcategories&post=27415"},{"taxonomy":"post_tag","embeddable":true,"href":"https:\/\/ermdigital.com\/index.php?rest_route=%2Fwp%2Fv2%2Ftags&post=27415"}],"curies":[{"name":"wp","href":"https:\/\/api.w.org\/{rel}","templated":true}]}}