{"id":27411,"date":"2026-05-03T10:15:07","date_gmt":"2026-05-03T14:15:07","guid":{"rendered":"https:\/\/ermdigital.com\/?p=27411"},"modified":"2026-05-03T10:15:07","modified_gmt":"2026-05-03T14:15:07","slug":"calles-de-san-juan-con-fuerte-despliegue-militar-ante-convocatoria-a-marcha-en-defensa-del-agua","status":"publish","type":"post","link":"https:\/\/ermdigital.com\/?p=27411","title":{"rendered":"Calles de San Juan con fuerte despliegue militar ante convocatoria a marcha en defensa del agua"},"content":{"rendered":"<p><strong><em>San Juan.\u2013<\/em><\/strong> Un amplio contingente de autoridades fue desplegado desde tempranas horas de este domingo en distintos puntos estrat\u00e9gicos de la provincia de San Juan, como parte de las medidas de seguridad ante la marcha <a href=\"https:\/\/deultimominuto.net\/nacionales\/san-juan-marcha-este-domingo-contra-la-explotacion-minera-en-defensa-del-agua\/\">convocada <\/a>en rechazo a la explotaci\u00f3n minera.<\/p>\n<p>Agentes de la Polic\u00eda Nacional, miembros del Ej\u00e9rcito y unidades de tr\u00e1nsito se mantienen apostados en las principales v\u00edas, as\u00ed como en los puntos donde se desarrollar\u00e1 la movilizaci\u00f3n, con el objetivo de garantizar el orden p\u00fablico y la seguridad de los participantes.<\/p>\n<h3 class=\"wp-block-heading\"><strong><em>Leer m\u00e1s: <a href=\"https:\/\/deultimominuto.net\/nacionales\/san-juan-amanece-en-calma-previo-a-marcha-en-contra-de-la-explotacion-minera\/\" data-type=\"post\" data-id=\"649911\">San Juan amanece en calma previo a marcha en contra de la explotaci\u00f3n minera<\/a><\/em><\/strong><\/h3>\n<p>El operativo abarca desde el Arco del Triunfo, en el sector Las Maguanas, lugar de inicio de la marcha, hasta el trayecto que incluye el parqueo del play de Sabaneta y el muro de la presa, donde est\u00e1 previsto que concluya la jornada.<\/p>\n<p>Las autoridades informaron que el despliegue busca prevenir incidentes y facilitar el desarrollo pac\u00edfico de la manifestaci\u00f3n, que ha sido organizada por movimientos sociales en defensa de los recursos h\u00eddricos de la regi\u00f3n.<\/p>\n<p>La marcha se produce en medio de un contexto de creciente debate sobre posibles proyectos mineros en zonas de la Cordillera Central, consideradas clave para el abastecimiento de agua en el pa\u00eds.<\/p>\n<p>En los \u00faltimos d\u00edas, distintos sectores han expresado su preocupaci\u00f3n por el impacto ambiental que podr\u00eda generar la actividad extractiva, lo que ha motivado una mayor atenci\u00f3n tanto de la ciudadan\u00eda como de las autoridades.<\/p>\n<p>Se espera que el operativo de seguridad se mantenga activo durante toda la jornada para garantizar que la manifestaci\u00f3n transcurra sin contratiempos.<\/p>\n<p>\u200bSan Juan.\u2013 Un amplio contingente de autoridades fue desplegado desde tempranas horas de este domingo en distintos puntos estrat\u00e9gicos de la provincia de San Juan, como parte de las medidas de seguridad ante la marcha convocada en rechazo a la explotaci\u00f3n minera. Agentes de la Polic\u00eda Nacional, miembros del Ej\u00e9rcito y unidades de tr\u00e1nsito se\u00a0\u00a0Nacionales, convocatoria, Deultimominuto, ElPeri\u00f3dicodelaVerdad, Marcha, Militar, Rep\u00fablica Dominicana, San Juan\u00a0\u00a0<\/p>\n","protected":false},"excerpt":{"rendered":"<p>San Juan.\u2013 Un amplio contingente de autoridades fue desplegado desde tempranas horas de este domingo en distintos puntos estrat\u00e9gicos de la provincia de San Juan, como parte de las medidas de seguridad ante la marcha convocada en rechazo a la explotaci\u00f3n minera. Agentes de la Polic\u00eda Nacional, miembros del Ej\u00e9rcito y unidades de tr\u00e1nsito se [&hellip;]<\/p>\n","protected":false},"author":1,"featured_media":27412,"comment_status":"open","ping_status":"open","sticky":false,"template":"","format":"standard","meta":{"amp_status":"","footnotes":""},"categories":[3],"tags":[],"class_list":["post-27411","post","type-post","status-publish","format-standard","has-post-thumbnail","hentry","category-de-ultimo-minuto"],"_links":{"self":[{"href":"https:\/\/ermdigital.com\/index.php?rest_route=\/wp\/v2\/posts\/27411","targetHints":{"allow":["GET"]}}],"collection":[{"href":"https:\/\/ermdigital.com\/index.php?rest_route=\/wp\/v2\/posts"}],"about":[{"href":"https:\/\/ermdigital.com\/index.php?rest_route=\/wp\/v2\/types\/post"}],"author":[{"embeddable":true,"href":"https:\/\/ermdigital.com\/index.php?rest_route=\/wp\/v2\/users\/1"}],"replies":[{"embeddable":true,"href":"https:\/\/ermdigital.com\/index.php?rest_route=%2Fwp%2Fv2%2Fcomments&post=27411"}],"version-history":[{"count":0,"href":"https:\/\/ermdigital.com\/index.php?rest_route=\/wp\/v2\/posts\/27411\/revisions"}],"wp:featuredmedia":[{"embeddable":true,"href":"https:\/\/ermdigital.com\/index.php?rest_route=\/wp\/v2\/media\/27412"}],"wp:attachment":[{"href":"https:\/\/ermdigital.com\/index.php?rest_route=%2Fwp%2Fv2%2Fmedia&parent=27411"}],"wp:term":[{"taxonomy":"category","embeddable":true,"href":"https:\/\/ermdigital.com\/index.php?rest_route=%2Fwp%2Fv2%2Fcategories&post=27411"},{"taxonomy":"post_tag","embeddable":true,"href":"https:\/\/ermdigital.com\/index.php?rest_route=%2Fwp%2Fv2%2Ftags&post=27411"}],"curies":[{"name":"wp","href":"https:\/\/api.w.org\/{rel}","templated":true}]}}