{"id":27409,"date":"2026-05-03T10:22:02","date_gmt":"2026-05-03T14:22:02","guid":{"rendered":"https:\/\/ermdigital.com\/?p=27409"},"modified":"2026-05-03T10:22:02","modified_gmt":"2026-05-03T14:22:02","slug":"hija-de-diego-maradona-dice-habia-un-plan-para-controlar-a-su-padre","status":"publish","type":"post","link":"https:\/\/ermdigital.com\/?p=27409","title":{"rendered":"Hija de Diego Maradona dice \"hab\u00eda un plan\" para controlar a su padre"},"content":{"rendered":"<p>\u00a0\u00a0<\/p>\n<p><strong>Gianinna Maradona<\/strong>, una de las hijas de <strong>Diego Maradona<\/strong>, dijo en una entrevista con varios medios, entre ellos la AFP, que detr\u00e1s de la <strong>internaci\u00f3n domiciliaria<\/strong> de su padre \"hab\u00eda un <strong>plan<\/strong>\" para mantenerlo bajo control que \"se fue de las manos\".<\/p>\n<p>El <strong>equipo m\u00e9dico<\/strong> de Maradona, quien falleci\u00f3 a los 60 a\u00f1os cuando se encontraba en internaci\u00f3n domiciliara tras una neurocirug\u00eda, es juzgado por <strong>homicidio con dolo eventual<\/strong>, es decir que seg\u00fan la acusaci\u00f3n era consciente de que sus acciones pod\u00edan ser fatales.<\/p>\n<p>En momentos en que avanza el <strong>juicio<\/strong> por la muerte de su padre en un <strong>tribunal al norte de Buenos Aires<\/strong>, <strong>Gianinna Maradona<\/strong> apunt\u00f3 contra el <strong>personal m\u00e9dico<\/strong> y el entorno del exastro del <strong>f\u00fatbol<\/strong>.<\/p>\n<p>\"S\u00ed s\u00e9 que hab\u00eda un <strong>plan<\/strong>, seguramente hab\u00eda un <strong>plan<\/strong>, y que <strong>alguien lo dirig\u00eda<\/strong>, y seguramente que <strong>se le fue de las manos<\/strong>\", dijo en una mesa redonda virtual con periodistas esta semana.<\/p>\n<p><strong>Gianinna<\/strong>, de 36 a\u00f1os, ampl\u00edo su sospecha al <strong>representante<\/strong>, la contadora y los <strong>asistentes privados<\/strong> que manejaban el d\u00eda a d\u00eda del Diez.<\/p>\n<p>\"No puedo pensarlo (&#8230;) y decir 'el <strong>plan<\/strong>: lo quer\u00edan matar', \u00bfquer\u00eda tener (el <strong>representante<\/strong> Mat\u00edas) <strong>Morla<\/strong> la <strong>vida de mi pap\u00e1<\/strong> en sus manos?, seguramente. Y <strong>lo hizo<\/strong>\", sostuvo.<\/p>\n<p>Adem\u00e1s de <strong>Morla<\/strong>, <strong>Gianinna<\/strong> se\u00f1ala al exsecretario <strong>Maximiliano Pomargo<\/strong> y a la contadora Vanesa <strong>Morla<\/strong>, a quienes cree <strong>responsables<\/strong> y dice que deber\u00edan estar imputados en esta causa, como lo est\u00e1n en otra por fraude con las marcas del exfutbolista.<\/p>\n<p>Para la <strong>fiscal\u00eda<\/strong>, que sindica exclusivamente al <strong>equipo m\u00e9dico<\/strong>, Maradona fue v\u00edctima de un \"<strong>grupo de improvisados<\/strong>\" que cometi\u00f3 omisiones criminales en una \"<strong>internaci\u00f3n cruel<\/strong>\". Los acusados, aunque con estrategias distintas, claman inocencia.<\/p>\n<div class=\"w-full pt-2 float-left inside-related\"><strong>RELACIONADAS<\/strong><\/p>\n<article class=\"flex flex-wrap border-b pb-4 mb-3 inline-block\">\n<div class=\"xl:w-2\/12 w-4\/12\">\n<figure class=\"mb-0\"><img loading=\"lazy\" decoding=\"async\" src=\"https:\/\/resources.diariolibre.com\/images\/2025\/03\/11\/mural-maradona-c00dfba7-focus-min0.03-0.6-149-99.jpg\" width=\"149\" height=\"99\" title=\"Arranca el juicio por la muerte de Maradona\" alt=\"Arranca el juicio por la muerte de Maradona\" class=\"object-cover\" \/><\/figure>\n<\/div>\n<\/article>\n<article class=\"flex flex-wrap border-b pb-4 mb-3 inline-block\">\n<div class=\"xl:w-2\/12 w-4\/12\">\n<figure class=\"mb-0\"><img loading=\"lazy\" decoding=\"async\" src=\"https:\/\/resources.diariolibre.com\/images\/2026\/04\/30\/maradona-era-bipolar-y-tenia-trastorno-narcisista-02b8d7de-focus-0.22-0.02-149-99.jpg\" width=\"149\" height=\"99\" title=\"Maradona era bipolar y ten\u00eda trastorno narcisista, dice psic\u00f3logo en juicio por su muerte\" alt=\"Maradona era bipolar y ten\u00eda trastorno narcisista, dice psic\u00f3logo en juicio por su muerte\" class=\"object-cover\" \/><\/figure>\n<\/div>\n<\/article>\n<\/div>\n<p>\"Para m\u00ed son todos <strong>responsables<\/strong>, algunos con mayor grado que otros\", dijo <strong>Gianinna<\/strong> sobre los <strong>siete profesionales<\/strong> de la salud, liderados por el neurocirujano <strong>Leopoldo Luque<\/strong> y la psiquiatra Agustina <strong>Cosachov<\/strong>, que arriesgan hasta 25 a\u00f1os de prisi\u00f3n.<\/p>\n<p>El <strong>juicio<\/strong> en San Isidro, iniciado en abril, es el segundo intento por esclarecer la muerte del \u00eddolo, tras la <strong>anulaci\u00f3n del primero<\/strong> porque una jueza participaba en un <strong>documental clandestino<\/strong> sobre el proceso.<\/p>\n<p>En el debate se cuestiona tanto la pertinencia como las condiciones de la <strong>internaci\u00f3n domiciliaria<\/strong> del astro, quien falleci\u00f3 de un <strong>paro cardiorrespiratorio<\/strong> y un <strong>edema pulmonar<\/strong> el 25 de noviembre de 2020. Una octava acusada -una enfermera- ser\u00e1 juzgada aparte por jurados.<\/p>\n<h2> \"<strong>Plan<\/strong> de fondo\" <\/h2>\n<p>Para <strong>Gianinna<\/strong>, detr\u00e1s de cada decisi\u00f3n m\u00e9dica hab\u00eda un c\u00e1lculo econ\u00f3mico. \"Hab\u00eda un <strong>plan<\/strong> de fondo (&#8230;) y <strong>alguien lo dirig\u00eda<\/strong>. Todos ten\u00edan una <strong>bajada de l\u00ednea<\/strong> (instrucci\u00f3n, ndlr) y todos segu\u00edan algo\", dijo.<\/p>\n<p>El objetivo, seg\u00fan ella, era mantener el <strong>control del exfutbolista<\/strong> para asegurar la <strong>firma de contratos<\/strong> y la <strong>gesti\u00f3n de sus marcas<\/strong>.<\/p>\n<p>Tras la <strong>operaci\u00f3n<\/strong> por un <strong>hematoma subdural<\/strong> el 3 de noviembre de 2020, <strong>familia<\/strong>, allegados y <strong>equipo m\u00e9dico<\/strong> evaluaron c\u00f3mo <strong>mantenerlo alejado<\/strong> del alcohol y los psicof\u00e1rmacos.<\/p>\n<p>Para ese fin, <strong>Luque<\/strong> y <strong>Cosachov<\/strong> sugirieron que una <strong>internaci\u00f3n domiciliaria<\/strong> ser\u00eda mejor que un ingreso compulsivo a una instituci\u00f3n psiqui\u00e1trica.<\/p>\n<p>\"A ellos no les serv\u00eda que mi pap\u00e1 estuviera <strong>internado en un psiqui\u00e1trico<\/strong> porque se le ca\u00edan un mont\u00f3n de cosas a <strong>Morla<\/strong>\", denunci\u00f3 <strong>Gianinna<\/strong>. \"Pensaban todo el tiempo en la <strong>parte econ\u00f3mica<\/strong> sin pensar en la salud de mi pap\u00e1 y por eso era la <strong>internaci\u00f3n domiciliaria<\/strong>\".<\/p>\n<p>La <strong>familia<\/strong> accedi\u00f3, dijo <strong>Gianinna<\/strong>, porque entonces crey\u00f3 que era en <strong>beneficio de su padre<\/strong>.<\/p>\n<p><strong>Luque<\/strong>, considera <strong>Gianinna<\/strong>, ten\u00eda instrucciones precisas: \"Ten\u00eda que (&#8230;) <strong>convencernos<\/strong> de la <strong>internaci\u00f3n domiciliaria<\/strong> para no perder el control\", dijo ella.<\/p>\n<h2>\"<strong>M\u00e9dico de cabecera<\/strong>\"\u00a0<\/h2>\n<p>\"M\u00e1s all\u00e1 de lo que hoy quiera instalar <strong>Luque<\/strong> de que no era su m\u00e9dico, \u00e9l ah\u00ed se hizo responsable, era la <strong>voz cantante<\/strong>, su <strong>m\u00e9dico de cabecera<\/strong>\", afirm\u00f3 <strong>Gianinna<\/strong>.<\/p>\n<p>En casi todas las audiencias del nuevo <strong>juicio<\/strong>, el neurocirujano pidi\u00f3 declarar para enfatizar que visitaba a Maradona como \"<strong>amigo<\/strong>\" y no como m\u00e9dico cl\u00ednico, y que su funci\u00f3n se limit\u00f3 a conseguirle especialistas y retirarle los puntos de la cirug\u00eda.<\/p>\n<p>La hija del \u00eddolo dice haber advertido <strong>se\u00f1ales<\/strong> del <strong>deterioro f\u00edsico<\/strong> de su padre que <strong>nadie atendi\u00f3<\/strong>.<\/p>\n<p>\"Estaba <strong>hinchado<\/strong> y avis\u00e9 que estaba <strong>hinchado<\/strong>. Me <strong>explicaron<\/strong> que era normal, que era por <strong>estar acostado<\/strong>\", explica.<\/p>\n<p>Los <strong>audios filtrados<\/strong> de los m\u00e9dicos, que ella calific\u00f3 como \"<strong>repulsivos<\/strong>\" y \"escalofriantes\", muestran que mientras ella se preocupaba, ellos planeaban c\u00f3mo \"<strong>cubrirse legalmente<\/strong>\".<\/p>\n<p>\"<strong>No me entra<\/strong> en la cabeza\", dijo <strong>Gianinna.<\/strong><\/p>\n<div class=\"border-t border-b py-2 my-5 tags-container\"><strong>TEMAS &#8211; <\/strong><\/p>\n<ul>\n<li>\n<div class=\"inline-block border p-2 rounded-full align-middle\">\n<p><a href=\"https:\/\/www.diariolibre.com\/tags\/diego-maradona\/5637\" title=\"Diego Maradona\">Diego Maradona<\/a><\/p>\n<\/div>\n<\/li>\n<li>\n<div class=\"inline-block border p-2 rounded-full align-middle\">\n<p><a href=\"https:\/\/www.diariolibre.com\/tags\/argentina\/6091\" title=\"Argentina\">Argentina<\/a><\/p>\n<\/div>\n<\/li>\n<li>\n<div class=\"inline-block border p-2 rounded-full align-middle\">\n<p><a href=\"https:\/\/www.diariolibre.com\/tags\/futbol\/169\" title=\"F\u00fatbol\">F\u00fatbol<\/a><\/p>\n<\/div>\n<\/li>\n<\/ul>\n<\/div>\n<p>\u00a0<\/p>\n","protected":false},"excerpt":{"rendered":"<p>\u00a0\u00a0 Gianinna Maradona, una de las hijas de Diego Maradona, dijo en una entrevista con varios medios, entre ellos la AFP, que detr\u00e1s de la internaci\u00f3n domiciliaria de su padre \"hab\u00eda un plan\" para mantenerlo bajo control que \"se fue de las manos\". El equipo m\u00e9dico de Maradona, quien falleci\u00f3 a los 60 a\u00f1os cuando [&hellip;]<\/p>\n","protected":false},"author":1,"featured_media":27410,"comment_status":"open","ping_status":"open","sticky":false,"template":"","format":"standard","meta":{"amp_status":"","footnotes":""},"categories":[4],"tags":[],"class_list":["post-27409","post","type-post","status-publish","format-standard","has-post-thumbnail","hentry","category-deportes"],"_links":{"self":[{"href":"https:\/\/ermdigital.com\/index.php?rest_route=\/wp\/v2\/posts\/27409","targetHints":{"allow":["GET"]}}],"collection":[{"href":"https:\/\/ermdigital.com\/index.php?rest_route=\/wp\/v2\/posts"}],"about":[{"href":"https:\/\/ermdigital.com\/index.php?rest_route=\/wp\/v2\/types\/post"}],"author":[{"embeddable":true,"href":"https:\/\/ermdigital.com\/index.php?rest_route=\/wp\/v2\/users\/1"}],"replies":[{"embeddable":true,"href":"https:\/\/ermdigital.com\/index.php?rest_route=%2Fwp%2Fv2%2Fcomments&post=27409"}],"version-history":[{"count":0,"href":"https:\/\/ermdigital.com\/index.php?rest_route=\/wp\/v2\/posts\/27409\/revisions"}],"wp:featuredmedia":[{"embeddable":true,"href":"https:\/\/ermdigital.com\/index.php?rest_route=\/wp\/v2\/media\/27410"}],"wp:attachment":[{"href":"https:\/\/ermdigital.com\/index.php?rest_route=%2Fwp%2Fv2%2Fmedia&parent=27409"}],"wp:term":[{"taxonomy":"category","embeddable":true,"href":"https:\/\/ermdigital.com\/index.php?rest_route=%2Fwp%2Fv2%2Fcategories&post=27409"},{"taxonomy":"post_tag","embeddable":true,"href":"https:\/\/ermdigital.com\/index.php?rest_route=%2Fwp%2Fv2%2Ftags&post=27409"}],"curies":[{"name":"wp","href":"https:\/\/api.w.org\/{rel}","templated":true}]}}