{"id":27405,"date":"2026-05-03T09:16:34","date_gmt":"2026-05-03T13:16:34","guid":{"rendered":"https:\/\/ermdigital.com\/?p=27405"},"modified":"2026-05-03T09:16:34","modified_gmt":"2026-05-03T13:16:34","slug":"celebremos-lo-que-estamos-perdiendo","status":"publish","type":"post","link":"https:\/\/ermdigital.com\/?p=27405","title":{"rendered":"Celebremos lo que estamos perdiendo\u00a0"},"content":{"rendered":"<p>Cada 3 de mayo, en el D\u00eda Mundial de la Libertad de Prensa, repito una frase que he defendido durante d\u00e9cadas: la salud de una democracia se mide por el nivel de libertad de prensa que una sociedad protege.<\/p>\n<p><a href=\"https:\/\/listindiario.com\/la-republica\/20260503\/celebremos-perdiendo_904237.html\">wf_cms.rss.read_more<\/a><\/p>\n<p>]]&gt;\u00a0Hoy es un d\u00eda para celebrar la libertad de prensa y la democracia. Tambi\u00e9n, para que cada uno asuma su responsabilidad y act\u00fae como un sanador, capaz de recuperar lo que estamos perdiendo.\u00a0\u00a0\u00a0<\/p>\n<p id=\"m68965-68964-68966\">Cada 3 de mayo, en el D\u00eda Mundial de la Libertad de Prensa, repito una frase que he defendido durante d\u00e9cadas: la salud de una democracia se mide por el nivel de libertad de prensa que una sociedad protege.<\/p>\n<p id=\"m68970-68969-68971\">Cuando esa libertad se debilita, el sistema empieza a enfermar. Algunas de esas dolencias son pasajeras; otras, terminales.<\/p>\n<p id=\"m68975-68974-68976\">Hay externas, f\u00e1ciles de detectar. Gobiernos autoritarios que censuran y presionan a los medios. Crimen organizado que amenaza y mata a periodistas. Muchas veces, la coalici\u00f3n corrupta entre ambos causa los mayores estragos.<\/p>\n<p id=\"m68980-68979-68981\">Hay otras enfermedades invisibles. Un ejemplo claro es la apropiaci\u00f3n del contenido por parte de quienes controlan internet y la inteligencia artificial. Usan informaci\u00f3n ajena y lucran con ella sin reconocer su origen.<\/p>\n<p id=\"m68985-68984-68986\">Y hay enfermedades por negligencia que se incuban desde dentro, en la mala conducta del periodismo. La m\u00e1s grave es la p\u00e9rdida de independencia. Cuando un medio deja de servir al p\u00fablico y pasa a servir intereses propios, o se vuelve c\u00f3mplice de los grupos de poder que deber\u00eda vigilar.<\/p>\n<p id=\"m68990-68989-68991\">Sin lineamientos \u00e9ticos, todo se degrada. Se prioriza el negocio sobre el criterio. Se informa seg\u00fan conveniencia y se deja de investigar y fiscalizar al poder. A partir de ah\u00ed aparece el sensacionalismo para atraer audiencias y la saturaci\u00f3n de contenidos, sin jerarqu\u00eda ni contexto, que crean ruido y limitan la conversaci\u00f3n p\u00fablica.<\/p>\n<p id=\"m68995-68994-68996\">Los pacientes, el p\u00fablico, tambi\u00e9n nos autoinfligimos da\u00f1os. Premiamos lo inmediato en redes sociales, confirmamos creencias, compartimos sin verificar y convertimos rumores y teor\u00edas conspirativas en corrientes de opini\u00f3n.<\/p>\n<p id=\"m69000-68999-69001\">Como consecuencia, se debilitan los valores imprescindibles de una democracia, la verdad y la libertad. En ese vac\u00edo, la desinformaci\u00f3n y la propaganda se expanden como met\u00e1stasis y aceleran el debilitamiento del sistema.<\/p>\n<p id=\"m69005-69004-69006\">\u00bfC\u00f3mo sacar a la libertad de prensa y a la democracia de la terapia intensiva?<\/p>\n<p id=\"m69010-69009-69011\">No culpando al otro, sino asumiendo que todos somos responsables. Gobiernos que respeten la libertad y no la condicionen. Un periodismo independiente que informe, investigue y fiscalice. Sistemas tecnol\u00f3gicos que eviten el aceleracionismo sin \u00e9tica y pongan al humano como protagonista. Y un p\u00fablico que consuma informaci\u00f3n con criterio.<\/p>\n<p id=\"m69015-69014-69016\">Hoy es un d\u00eda para celebrar la libertad de prensa y la democracia. Tambi\u00e9n, para que cada uno asuma su responsabilidad y act\u00fae como un sanador, capaz de recuperar lo que estamos perdiendo.<\/p>\n<p>\u00a0<\/p>\n","protected":false},"excerpt":{"rendered":"<p>Cada 3 de mayo, en el D\u00eda Mundial de la Libertad de Prensa, repito una frase que he defendido durante d\u00e9cadas: la salud de una democracia se mide por el nivel de libertad de prensa que una sociedad protege. wf_cms.rss.read_more ]]&gt;\u00a0Hoy es un d\u00eda para celebrar la libertad de prensa y la democracia. Tambi\u00e9n, para [&hellip;]<\/p>\n","protected":false},"author":1,"featured_media":27406,"comment_status":"open","ping_status":"open","sticky":false,"template":"","format":"standard","meta":{"amp_status":"","footnotes":""},"categories":[5],"tags":[],"class_list":["post-27405","post","type-post","status-publish","format-standard","has-post-thumbnail","hentry","category-politica"],"_links":{"self":[{"href":"https:\/\/ermdigital.com\/index.php?rest_route=\/wp\/v2\/posts\/27405","targetHints":{"allow":["GET"]}}],"collection":[{"href":"https:\/\/ermdigital.com\/index.php?rest_route=\/wp\/v2\/posts"}],"about":[{"href":"https:\/\/ermdigital.com\/index.php?rest_route=\/wp\/v2\/types\/post"}],"author":[{"embeddable":true,"href":"https:\/\/ermdigital.com\/index.php?rest_route=\/wp\/v2\/users\/1"}],"replies":[{"embeddable":true,"href":"https:\/\/ermdigital.com\/index.php?rest_route=%2Fwp%2Fv2%2Fcomments&post=27405"}],"version-history":[{"count":0,"href":"https:\/\/ermdigital.com\/index.php?rest_route=\/wp\/v2\/posts\/27405\/revisions"}],"wp:featuredmedia":[{"embeddable":true,"href":"https:\/\/ermdigital.com\/index.php?rest_route=\/wp\/v2\/media\/27406"}],"wp:attachment":[{"href":"https:\/\/ermdigital.com\/index.php?rest_route=%2Fwp%2Fv2%2Fmedia&parent=27405"}],"wp:term":[{"taxonomy":"category","embeddable":true,"href":"https:\/\/ermdigital.com\/index.php?rest_route=%2Fwp%2Fv2%2Fcategories&post=27405"},{"taxonomy":"post_tag","embeddable":true,"href":"https:\/\/ermdigital.com\/index.php?rest_route=%2Fwp%2Fv2%2Ftags&post=27405"}],"curies":[{"name":"wp","href":"https:\/\/api.w.org\/{rel}","templated":true}]}}