{"id":27397,"date":"2026-05-03T09:06:32","date_gmt":"2026-05-03T13:06:32","guid":{"rendered":"https:\/\/ermdigital.com\/?p=27397"},"modified":"2026-05-03T09:06:32","modified_gmt":"2026-05-03T13:06:32","slug":"san-juan-marcha-este-domingo-contra-la-explotacion-minera-en-defensa-del-agua","status":"publish","type":"post","link":"https:\/\/ermdigital.com\/?p=27397","title":{"rendered":"San Juan marcha este domingo contra la explotaci\u00f3n minera en defensa del agua"},"content":{"rendered":"<p><strong><em>San Juan.\u2013<\/em><\/strong> Con el lema<strong><em> \u201cSan Juan defiende su agua; el agua no se negocia. Se defiende\u201d, <\/em><\/strong>el Movimiento Suroeste Unido por el Agua y la Vida se realizar\u00e1 la marcha pac\u00edfica este domingo 3 de mayo en rechazo a la explotaci\u00f3n minera en la provincia San <a href=\"https:\/\/deultimominuto.net\/nacionales\/apresan-a-dos-hombres-2\/\" data-type=\"post\" data-id=\"640140\">Juan<\/a>.<\/p>\n<p><strong><em>De acuerdo con los organizadores, la manifestaci\u00f3n partir\u00e1 a las 2:00 de la tarde desde el Arco de Entrada de Las Matas de Farf\u00e1n (Las Maguanas), recorrer\u00e1 el parqueo del play de Sabaneta y culminar\u00e1 en el muro de la presa, en una jornada que busca llamar la atenci\u00f3n sobre la protecci\u00f3n de los recursos h\u00eddricos de la zona.<\/em><\/strong><\/p>\n<h3 class=\"wp-block-heading\"><strong><em>Leer m\u00e1s: <a href=\"https:\/\/deultimominuto.net\/nacionales\/ciudadanos-de-santo-domingo\/\" data-type=\"post\" data-id=\"648846\">Ciudadanos de Santo Domingo expresan opiniones divididas sobre explotaci\u00f3n minera en San Juan<\/a><\/em><\/strong><\/h3>\n<p>En los \u00faltimos d\u00edas, diversas protestas se han desarrollado en esta demarcaci\u00f3n del suroeste del pa\u00eds, en oposici\u00f3n a la posible realizaci\u00f3n de actividades mineras en \u00e1reas consideradas clave para la producci\u00f3n de agua en la Cordillera Central, que abastece tanto a la regi\u00f3n norte como sur.<\/p>\n<p>El presidente Luis Abinader se refiri\u00f3 recientemente al proyecto, indicando que a\u00fan no cuenta con estudios que permitan determinar su viabilidad. \u201cNo puedo opinar porque todav\u00eda no tengo ninguna documentaci\u00f3n, ning\u00fan estudio que diga si es factible o no\u201d, expres\u00f3.<\/p>\n<p>Por su parte, el ministro de Medio Ambiente, Pa\u00edno Henr\u00edquez, aclar\u00f3 que el proyecto de la empresa GoldQuest no posee autorizaci\u00f3n de explotaci\u00f3n y se encuentra en fase de evaluaci\u00f3n ambiental para determinar si cumple con los est\u00e1ndares cient\u00edficos, nacionales e internacionales.<\/p>\n<p>En tanto, el senador por la provincia, F\u00e9lix Bautista, advirti\u00f3 que los afluentes de la zona alimentan importantes embalses como Sabaneta, Palomino, Sabana Yegua y Monte Grande, utilizados para la producci\u00f3n agr\u00edcola, generaci\u00f3n energ\u00e9tica y consumo humano, se\u00f1alando adem\u00e1s el riesgo de que residuos mineros sean vertidos en estas presas.<\/p>\n<p>El legislador sostuvo que, en lugar de impulsar la miner\u00eda, la provincia deber\u00eda orientarse hacia un modelo de desarrollo basado en energ\u00edas limpias.<\/p>\n<p>A esta postura se sum\u00f3 la Confederaci\u00f3n del Episcopado Dominicano, a trav\u00e9s de su Comisi\u00f3n Nacional de Pastoral de Ecolog\u00eda y Medio Ambiente, que inst\u00f3 a proteger las \u00e1reas ecol\u00f3gicas frente a actividades extractivas.<\/p>\n<p>Diversos sectores sociales tambi\u00e9n han manifestado su respaldo a las comunidades que defienden la preservaci\u00f3n de la Cordillera Septentrional y otras zonas monta\u00f1osas del pa\u00eds.<\/p>\n<p>\u200bSan Juan.\u2013 Con el lema \u201cSan Juan defiende su agua; el agua no se negocia. Se defiende\u201d, el Movimiento Suroeste Unido por el Agua y la Vida se realizar\u00e1 la marcha pac\u00edfica este domingo 3 de mayo en rechazo a la explotaci\u00f3n minera en la provincia San Juan. De acuerdo con los organizadores, la manifestaci\u00f3n\u00a0\u00a0Nacionales, Deultimominuto, ElPeri\u00f3dicodelaVerdad, Explotaci\u00f3n, Miner\u00eda, protesta, Rep\u00fablica Dominicana, San Juan\u00a0\u00a0<\/p>\n","protected":false},"excerpt":{"rendered":"<p>San Juan.\u2013 Con el lema \u201cSan Juan defiende su agua; el agua no se negocia. Se defiende\u201d, el Movimiento Suroeste Unido por el Agua y la Vida se realizar\u00e1 la marcha pac\u00edfica este domingo 3 de mayo en rechazo a la explotaci\u00f3n minera en la provincia San Juan. De acuerdo con los organizadores, la manifestaci\u00f3n [&hellip;]<\/p>\n","protected":false},"author":1,"featured_media":27398,"comment_status":"open","ping_status":"open","sticky":false,"template":"","format":"standard","meta":{"amp_status":"","footnotes":""},"categories":[3],"tags":[],"class_list":["post-27397","post","type-post","status-publish","format-standard","has-post-thumbnail","hentry","category-de-ultimo-minuto"],"_links":{"self":[{"href":"https:\/\/ermdigital.com\/index.php?rest_route=\/wp\/v2\/posts\/27397","targetHints":{"allow":["GET"]}}],"collection":[{"href":"https:\/\/ermdigital.com\/index.php?rest_route=\/wp\/v2\/posts"}],"about":[{"href":"https:\/\/ermdigital.com\/index.php?rest_route=\/wp\/v2\/types\/post"}],"author":[{"embeddable":true,"href":"https:\/\/ermdigital.com\/index.php?rest_route=\/wp\/v2\/users\/1"}],"replies":[{"embeddable":true,"href":"https:\/\/ermdigital.com\/index.php?rest_route=%2Fwp%2Fv2%2Fcomments&post=27397"}],"version-history":[{"count":0,"href":"https:\/\/ermdigital.com\/index.php?rest_route=\/wp\/v2\/posts\/27397\/revisions"}],"wp:featuredmedia":[{"embeddable":true,"href":"https:\/\/ermdigital.com\/index.php?rest_route=\/wp\/v2\/media\/27398"}],"wp:attachment":[{"href":"https:\/\/ermdigital.com\/index.php?rest_route=%2Fwp%2Fv2%2Fmedia&parent=27397"}],"wp:term":[{"taxonomy":"category","embeddable":true,"href":"https:\/\/ermdigital.com\/index.php?rest_route=%2Fwp%2Fv2%2Fcategories&post=27397"},{"taxonomy":"post_tag","embeddable":true,"href":"https:\/\/ermdigital.com\/index.php?rest_route=%2Fwp%2Fv2%2Ftags&post=27397"}],"curies":[{"name":"wp","href":"https:\/\/api.w.org\/{rel}","templated":true}]}}