{"id":27393,"date":"2026-05-03T09:22:26","date_gmt":"2026-05-03T13:22:26","guid":{"rendered":"https:\/\/ermdigital.com\/?p=27393"},"modified":"2026-05-03T09:22:26","modified_gmt":"2026-05-03T13:22:26","slug":"gp-de-miami-de-formula-1-adelanta-horario-por-prevision-de-tormentas","status":"publish","type":"post","link":"https:\/\/ermdigital.com\/?p=27393","title":{"rendered":"GP de Miami de F\u00f3rmula 1 adelanta horario por previsi\u00f3n de tormentas"},"content":{"rendered":"<p>\u00a0\u00a0<\/p>\n<p>Las autoridades de la <strong>F\u00f3rmula 1<\/strong> anunciaron este s\u00e1bado un adelanto de tres horas en el inicio el domingo del Gran Premio de Miami ante los pron\u00f3sticos de fuertes tormentas.<\/p>\n<p>El arranque de la prueba, cuarta de esta temporada, se estableci\u00f3 a las <strong>13H00 locales<\/strong> (<strong>17H00 GMT<\/strong>) en lugar de las 16H00 inicialmente previstas.<\/p>\n<p>\"Esta decisi\u00f3n se ha tomado para garantizar la menor alteraci\u00f3n posible de la carrera y asegurar la mayor ventana posible para completar el Gran Premio en las mejores condiciones, dando prioridad a la seguridad de los pilotos, aficionados, equipos y personal\", se\u00f1alaron en un comunicado conjunto la Federaci\u00f3n Internacional del Autom\u00f3vil (FIA) y los promotores de la carrera.<\/p>\n<p>El joven piloto italiano <strong>Kimi Antonelli<\/strong> (Mercedes), l\u00edder del Mundial, arrancar\u00e1 la prueba desde la <strong>pole position<\/strong> seguido del neerland\u00e9s <strong>Max Verstappen<\/strong> (Red Bull).<\/p>\n<div class=\"w-full pt-2 float-left inside-related\"><strong>RELACIONADAS<\/strong><\/p>\n<article class=\"flex flex-wrap border-b pb-4 mb-3 inline-block\">\n<div class=\"xl:w-2\/12 w-4\/12\">\n<figure class=\"mb-0\"><img loading=\"lazy\" decoding=\"async\" src=\"https:\/\/resources.diariolibre.com\/images\/2026\/04\/26\/afp20260426a92g44rv1highresautof1argexhibition-c93ce76f-focus-0.1-0.37-149-99.jpg\" width=\"149\" height=\"99\" title=\"Colapinto re\u00fane a m\u00e1s de 500.000 personas en show callejero de F1 en Buenos Aires\" alt=\"Colapinto re\u00fane a m\u00e1s de 500.000 personas en show callejero de F1 en Buenos Aires\" class=\"object-cover\" \/><\/figure>\n<\/div>\n<\/article>\n<article class=\"flex flex-wrap border-b pb-4 mb-3 inline-block\">\n<div class=\"xl:w-2\/12 w-4\/12\">\n<figure class=\"mb-0\"><img loading=\"lazy\" decoding=\"async\" src=\"https:\/\/resources.diariolibre.com\/images\/2026\/03\/08\/el-britanico-russell-gana-el-gp-de-australia-primera-carrera-del-ano-82db67e5-focus-min0.03-0.25-149-99.jpg\" width=\"149\" height=\"99\" title=\"El brit\u00e1nico George Russell gana el GP de Australia, primera carrera del a\u00f1o de F1\" alt=\"El brit\u00e1nico George Russell gana el GP de Australia, primera carrera del a\u00f1o de F1\" class=\"object-cover\" \/><\/figure>\n<\/div>\n<\/article>\n<article class=\"flex flex-wrap border-b pb-4 mb-3 inline-block\">\n<div class=\"xl:w-2\/12 w-4\/12\">\n<figure class=\"mb-0\"><img loading=\"lazy\" decoding=\"async\" src=\"https:\/\/resources.diariolibre.com\/images\/2026\/03\/29\/f1-nace-una-estrella-en-suzuka-antonelli-lider-mas-joven-en-historia-ccee448b-focus-min0.19-0.58-149-99.jpg\" width=\"149\" height=\"99\" title=\"Nace una estrella en Suzuka, Antonelli l\u00edder m\u00e1s joven en historia de la F1\" alt=\"Nace una estrella en Suzuka, Antonelli l\u00edder m\u00e1s joven en historia de la F1\" class=\"object-cover\" \/><\/figure>\n<\/div>\n<\/article>\n<\/div>\n<ul class=\"list-text\">\n<li>El argentino <strong>Franco Colapinto<\/strong> (Alpine) partir\u00e1 desde el <strong>octavo lugar<\/strong> de la parrilla despu\u00e9s de firmar este s\u00e1bado la mejor sesi\u00f3n de clasificaci\u00f3n de su carrera.<\/li>\n<\/ul>\n<p>gbv\/cl<\/p>\n<div class=\"border-t border-b py-2 my-5 tags-container\"><strong>TEMAS &#8211; <\/strong><\/p>\n<ul>\n<li>\n<div class=\"inline-block border p-2 rounded-full align-middle\">\n<p><a href=\"https:\/\/www.diariolibre.com\/tags\/gp-de-miami\/67383\" title=\"GP de Miami\">GP de Miami<\/a><\/p>\n<\/div>\n<\/li>\n<li><\/li>\n<\/ul>\n<\/div>\n<p>\u00a0<\/p>\n","protected":false},"excerpt":{"rendered":"<p>\u00a0\u00a0 Las autoridades de la F\u00f3rmula 1 anunciaron este s\u00e1bado un adelanto de tres horas en el inicio el domingo del Gran Premio de Miami ante los pron\u00f3sticos de fuertes tormentas. El arranque de la prueba, cuarta de esta temporada, se estableci\u00f3 a las 13H00 locales (17H00 GMT) en lugar de las 16H00 inicialmente previstas. [&hellip;]<\/p>\n","protected":false},"author":1,"featured_media":27394,"comment_status":"open","ping_status":"open","sticky":false,"template":"","format":"standard","meta":{"amp_status":"","footnotes":""},"categories":[4],"tags":[],"class_list":["post-27393","post","type-post","status-publish","format-standard","has-post-thumbnail","hentry","category-deportes"],"_links":{"self":[{"href":"https:\/\/ermdigital.com\/index.php?rest_route=\/wp\/v2\/posts\/27393","targetHints":{"allow":["GET"]}}],"collection":[{"href":"https:\/\/ermdigital.com\/index.php?rest_route=\/wp\/v2\/posts"}],"about":[{"href":"https:\/\/ermdigital.com\/index.php?rest_route=\/wp\/v2\/types\/post"}],"author":[{"embeddable":true,"href":"https:\/\/ermdigital.com\/index.php?rest_route=\/wp\/v2\/users\/1"}],"replies":[{"embeddable":true,"href":"https:\/\/ermdigital.com\/index.php?rest_route=%2Fwp%2Fv2%2Fcomments&post=27393"}],"version-history":[{"count":0,"href":"https:\/\/ermdigital.com\/index.php?rest_route=\/wp\/v2\/posts\/27393\/revisions"}],"wp:featuredmedia":[{"embeddable":true,"href":"https:\/\/ermdigital.com\/index.php?rest_route=\/wp\/v2\/media\/27394"}],"wp:attachment":[{"href":"https:\/\/ermdigital.com\/index.php?rest_route=%2Fwp%2Fv2%2Fmedia&parent=27393"}],"wp:term":[{"taxonomy":"category","embeddable":true,"href":"https:\/\/ermdigital.com\/index.php?rest_route=%2Fwp%2Fv2%2Fcategories&post=27393"},{"taxonomy":"post_tag","embeddable":true,"href":"https:\/\/ermdigital.com\/index.php?rest_route=%2Fwp%2Fv2%2Ftags&post=27393"}],"curies":[{"name":"wp","href":"https:\/\/api.w.org\/{rel}","templated":true}]}}