{"id":27391,"date":"2026-05-03T08:11:50","date_gmt":"2026-05-03T12:11:50","guid":{"rendered":"https:\/\/ermdigital.com\/?p=27391"},"modified":"2026-05-03T08:11:50","modified_gmt":"2026-05-03T12:11:50","slug":"a-casa-llena-el-musical-rent-presenta-su-2da-funcion-consecutiva-en-bellas-artes","status":"publish","type":"post","link":"https:\/\/ermdigital.com\/?p=27391","title":{"rendered":"A casa llena el musical \u201cRENT\u201d presenta su 2da funci\u00f3n consecutiva en Bellas Artes"},"content":{"rendered":"<p><strong><em>Santo Domingo, D.N. \u2013<\/em><\/strong> Ante la presencia de cientos de personas que se dieron cita desde distintos puntos de la capital y del pa\u00eds, el musical \u201cRENT\u201d, se present\u00f3 por segunda noche consecutiva en la Sala M\u00e1ximo Avil\u00e9s Blonda del Palacio de <a href=\"https:\/\/deultimominuto.net\/entretenimiento\/cerro-mes-del-teatro\/\" data-type=\"post\" data-id=\"457537\">Bellas Artes<\/a>, registrando una nueva funci\u00f3n a casa llena.<\/p>\n<p>Bajo la producci\u00f3n de JaviKarla Producciones, encabezada por Javier Grull\u00f3n y Karla Fatule, el montaje dirigido por Waddys J\u00e1quez, logr\u00f3 conectar de manera masiva con el p\u00fablico, que disfrut\u00f3 de principio a fin una propuesta considerada como una de las m\u00e1s ambiciosas del teatro musical reciente en Rep\u00fablica Dominicana.<\/p>\n<h3 class=\"wp-block-heading\"><strong>Leer m\u00e1s: <a href=\"https:\/\/deultimominuto.net\/estilo\/bellas-artes-abre-convocatoria-para-el-3er-concurso\/\" data-type=\"post\" data-id=\"629953\">Bellas Artes abre convocatoria para el 3er. Concurso de Composici\u00f3n y Arreglos Corales<\/a><\/strong><\/h3>\n<p>El elenco estuvo integrado por Javier Grull\u00f3n, Karla Fatule, H\u00e9ctor An\u00edbal, Tony Almont, Techy Fatule, Guille Mart\u00edn, Nico Cl\u00ednico y Laura Rivera junto a un amplio grupo de m\u00e1s de 25 artistas en escena que dieron vida a la reconocida obra de Broadway, aportando una puesta en escena de alto nivel interpretativo y vocal.<\/p>\n<p>Uno de los elementos m\u00e1s destacados de la producci\u00f3n fue la m\u00fasica en vivo, a cargo de la direcci\u00f3n musical de Junior Basurto Lomba, quien lider\u00f3 una banda que acompa\u00f1\u00f3 cada interpretaci\u00f3n, aportando intensidad y realismo a la narrativa del musical.<\/p>\n<p>A esto se sum\u00f3 una escenograf\u00eda dise\u00f1ada por Fidel L\u00f3pez, iluminaci\u00f3n de Emmanuel Ferry, sonido de Ariel Ramos, direcci\u00f3n vocal de Paola Gonz\u00e1lez, utiler\u00eda de Jos\u00e9 Calvo y vestuario de Marcos Malesp\u00edn, logrando una propuesta visual y t\u00e9cnica que elev\u00f3 la experiencia teatral del p\u00fablico.<\/p>\n<p>Al finalizar la funci\u00f3n, asistentes entrevistados por De \u00daltimo Minuto, valoraron positivamente la producci\u00f3n, destacando el nivel art\u00edstico del montaje y el esfuerzo de sus productores, afirmando que este tipo de propuestas deben seguir siendo respaldadas por el p\u00fablico dominicano debido a su calidad y aporte cultural.<\/p>\n<p>Gracias a la alta demanda y al respaldo del p\u00fablico, Javier Grull\u00f3n y Karla Fatule, anunciaron que se abrir\u00e1 una nueva funci\u00f3n el pr\u00f3ximo viernes 8 de mayo, para que quienes no pudieron asistir a las tres presentaciones iniciales del 1 al 3 de mayo puedan vivir la experiencia del ic\u00f3nico musical de Broadway en suelo dominicano.<\/p>\n<p>\u200bSanto Domingo, D.N. \u2013 Ante la presencia de cientos de personas que se dieron cita desde distintos puntos de la capital y del pa\u00eds, el musical \u201cRENT\u201d, se present\u00f3 por segunda noche consecutiva en la Sala M\u00e1ximo Avil\u00e9s Blonda del Palacio de Bellas Artes, registrando una nueva funci\u00f3n a casa llena. Bajo la producci\u00f3n de\u00a0\u00a0Entretenimiento, Bellas Artes, Deultimominuto, ElPeri\u00f3dicodelaVerdad, propuesta, Rep\u00fablica Dominicana\u00a0\u00a0<\/p>\n","protected":false},"excerpt":{"rendered":"<p>Santo Domingo, D.N. \u2013 Ante la presencia de cientos de personas que se dieron cita desde distintos puntos de la capital y del pa\u00eds, el musical \u201cRENT\u201d, se present\u00f3 por segunda noche consecutiva en la Sala M\u00e1ximo Avil\u00e9s Blonda del Palacio de Bellas Artes, registrando una nueva funci\u00f3n a casa llena. Bajo la producci\u00f3n de [&hellip;]<\/p>\n","protected":false},"author":1,"featured_media":27392,"comment_status":"open","ping_status":"open","sticky":false,"template":"","format":"standard","meta":{"amp_status":"","footnotes":""},"categories":[3],"tags":[],"class_list":["post-27391","post","type-post","status-publish","format-standard","has-post-thumbnail","hentry","category-de-ultimo-minuto"],"_links":{"self":[{"href":"https:\/\/ermdigital.com\/index.php?rest_route=\/wp\/v2\/posts\/27391","targetHints":{"allow":["GET"]}}],"collection":[{"href":"https:\/\/ermdigital.com\/index.php?rest_route=\/wp\/v2\/posts"}],"about":[{"href":"https:\/\/ermdigital.com\/index.php?rest_route=\/wp\/v2\/types\/post"}],"author":[{"embeddable":true,"href":"https:\/\/ermdigital.com\/index.php?rest_route=\/wp\/v2\/users\/1"}],"replies":[{"embeddable":true,"href":"https:\/\/ermdigital.com\/index.php?rest_route=%2Fwp%2Fv2%2Fcomments&post=27391"}],"version-history":[{"count":0,"href":"https:\/\/ermdigital.com\/index.php?rest_route=\/wp\/v2\/posts\/27391\/revisions"}],"wp:featuredmedia":[{"embeddable":true,"href":"https:\/\/ermdigital.com\/index.php?rest_route=\/wp\/v2\/media\/27392"}],"wp:attachment":[{"href":"https:\/\/ermdigital.com\/index.php?rest_route=%2Fwp%2Fv2%2Fmedia&parent=27391"}],"wp:term":[{"taxonomy":"category","embeddable":true,"href":"https:\/\/ermdigital.com\/index.php?rest_route=%2Fwp%2Fv2%2Fcategories&post=27391"},{"taxonomy":"post_tag","embeddable":true,"href":"https:\/\/ermdigital.com\/index.php?rest_route=%2Fwp%2Fv2%2Ftags&post=27391"}],"curies":[{"name":"wp","href":"https:\/\/api.w.org\/{rel}","templated":true}]}}