{"id":27381,"date":"2026-05-03T06:10:00","date_gmt":"2026-05-03T10:10:00","guid":{"rendered":"https:\/\/ermdigital.com\/?p=27381"},"modified":"2026-05-03T06:10:00","modified_gmt":"2026-05-03T10:10:00","slug":"03-de-mayo-dia-mundial-de-la-libertad-de-prensa-voces-libres-frente-al-poder-y-la-censura","status":"publish","type":"post","link":"https:\/\/ermdigital.com\/?p=27381","title":{"rendered":"03 de mayo D\u00eda Mundial de la Libertad de Prensa: Voces libres frente al poder y la censura"},"content":{"rendered":"<p>Cada 3 de mayo se conmemora el <strong>D\u00eda Mundial de la Libertad de Prensa<\/strong>, una fecha proclamada por la Asamblea General de las Naciones Unidas en 1993, para subrayar el papel fundamental del periodismo libre en la construcci\u00f3n de sociedades democr\u00e1ticas. Esta efem\u00e9ride tambi\u00e9n sirve para <strong>evaluar el estado global de la libertad de prensa<\/strong>, defender a los medios frente a ataques a su independencia y rendir homenaje a periodistas que han perdido la vida en el ejercicio de su labor.<\/p>\n<p>La elecci\u00f3n de esta fecha responde al aniversario de la <strong>Declaraci\u00f3n de Windhoek<\/strong>, adoptada en 1991 por periodistas africanos durante un seminario de la UNESCO en Namibia. Este documento sienta las bases para una prensa libre, independiente y pluralista, entendida como aquella que <strong>funciona sin injerencias del poder pol\u00edtico o econ\u00f3mico<\/strong>, lo que constituye un elemento esencial para la democracia.<\/p>\n<h2 class=\"wp-block-heading\"><strong>\u00bfQu\u00e9 es la libertad de prensa?<\/strong><\/h2>\n<p>La <strong>libertad de prensa<\/strong> es el derecho de los medios de comunicaci\u00f3n a investigar, informar y opinar sin ser v\u00edctimas de censura, intimidaci\u00f3n o coacci\u00f3n. Implica tambi\u00e9n la posibilidad de crear medios aut\u00f3nomos y diversos, protegidos constitucionalmente en muchas democracias, como una expresi\u00f3n de la libertad de expresi\u00f3n.<\/p>\n<p><strong>Recomendamos leer:<a href=\"https:\/\/deultimominuto.net\/internacionales\/alerta-global\/\">Alerta global por los casos m\u00e1s graves de represi\u00f3n a la prensa: Ir\u00e1n y China en el centro de la denuncia<\/a><\/strong><\/p>\n<p>En contextos donde el hostigamiento a periodistas, la concentraci\u00f3n medi\u00e1tica o la desinformaci\u00f3n amenazan la verdad, defender este derecho se vuelve m\u00e1s urgente que nunca.<\/p>\n<h2 class=\"wp-block-heading\"><strong>Compromiso y acci\u00f3n global<\/strong><\/h2>\n<p>En esta jornada, se promueven acciones concretas para:<\/p>\n<ul class=\"wp-block-list\">\n<li><strong>Proteger a los periodistas<\/strong> frente a amenazas y agresiones.<\/li>\n<li><strong>Fortalecer la independencia editorial<\/strong> de los medios.<\/li>\n<li><strong>Concienciar<\/strong> sobre el valor de la pluralidad informativa.<\/li>\n<li><strong>Exigir garant\u00edas legales<\/strong> que respalden el ejercicio libre del periodismo.<\/li>\n<\/ul>\n<p>Gobiernos, instituciones, ONGs y ciudadanos son llamados a renovar su compromiso con la defensa de este derecho humano fundamental. Una prensa libre no solo informa: <strong>forma ciudadan\u00eda, fiscaliza al poder y defiende la verdad<\/strong>.<\/p>\n<h2 class=\"wp-block-heading\"><strong>Libertad de prensa en el cine<\/strong><\/h2>\n<p>La lucha por un periodismo libre tambi\u00e9n ha sido reflejada en el cine. Algunas pel\u00edculas emblem\u00e1ticas incluyen:<\/p>\n<ul class=\"wp-block-list\">\n<li><em>Ciudadano Kane<\/em> (1941): cr\u00edtica al poder medi\u00e1tico.<\/li>\n<li><em>Todos los hombres del presidente<\/em> (1976): sobre el esc\u00e1ndalo Watergate.<\/li>\n<li><em>El dilema<\/em> (1999): periodismo frente a la industria tabacalera.<\/li>\n<li><em>Ver\u00f3nica Guerin<\/em> (2003): una periodista asesinada por investigar el narcotr\u00e1fico.<\/li>\n<li><em>Zodiac<\/em> (2007): investigaci\u00f3n period\u00edstica sobre un asesino en serie.<\/li>\n<li><em>Maten al mensajero<\/em> (2014): conexiones entre la CIA y el narcotr\u00e1fico.<\/li>\n<li><em>Spotlight<\/em> (2015): abusos en la Iglesia Cat\u00f3lica.<\/li>\n<li><em>The Post<\/em> (2017): la publicaci\u00f3n de los Papeles del Pent\u00e1gono.<\/li>\n<\/ul>\n<p>\u200bCada 3 de mayo se conmemora el D\u00eda Mundial de la Libertad de Prensa, una fecha proclamada por la Asamblea General de las Naciones Unidas en 1993, para subrayar el papel fundamental del periodismo libre en la construcci\u00f3n de sociedades democr\u00e1ticas. Esta efem\u00e9ride tambi\u00e9n sirve para evaluar el estado global de la libertad de prensa,\u00a0\u00a0Efem\u00e9rides, efem\u00e9rides, libertad de prensa, Mayo, Periodismo, Rep\u00fablica Dominicana\u00a0\u00a0<\/p>\n","protected":false},"excerpt":{"rendered":"<p>Cada 3 de mayo se conmemora el D\u00eda Mundial de la Libertad de Prensa, una fecha proclamada por la Asamblea General de las Naciones Unidas en 1993, para subrayar el papel fundamental del periodismo libre en la construcci\u00f3n de sociedades democr\u00e1ticas. Esta efem\u00e9ride tambi\u00e9n sirve para evaluar el estado global de la libertad de prensa, [&hellip;]<\/p>\n","protected":false},"author":1,"featured_media":27382,"comment_status":"open","ping_status":"open","sticky":false,"template":"","format":"standard","meta":{"amp_status":"","footnotes":""},"categories":[3],"tags":[],"class_list":["post-27381","post","type-post","status-publish","format-standard","has-post-thumbnail","hentry","category-de-ultimo-minuto"],"_links":{"self":[{"href":"https:\/\/ermdigital.com\/index.php?rest_route=\/wp\/v2\/posts\/27381","targetHints":{"allow":["GET"]}}],"collection":[{"href":"https:\/\/ermdigital.com\/index.php?rest_route=\/wp\/v2\/posts"}],"about":[{"href":"https:\/\/ermdigital.com\/index.php?rest_route=\/wp\/v2\/types\/post"}],"author":[{"embeddable":true,"href":"https:\/\/ermdigital.com\/index.php?rest_route=\/wp\/v2\/users\/1"}],"replies":[{"embeddable":true,"href":"https:\/\/ermdigital.com\/index.php?rest_route=%2Fwp%2Fv2%2Fcomments&post=27381"}],"version-history":[{"count":0,"href":"https:\/\/ermdigital.com\/index.php?rest_route=\/wp\/v2\/posts\/27381\/revisions"}],"wp:featuredmedia":[{"embeddable":true,"href":"https:\/\/ermdigital.com\/index.php?rest_route=\/wp\/v2\/media\/27382"}],"wp:attachment":[{"href":"https:\/\/ermdigital.com\/index.php?rest_route=%2Fwp%2Fv2%2Fmedia&parent=27381"}],"wp:term":[{"taxonomy":"category","embeddable":true,"href":"https:\/\/ermdigital.com\/index.php?rest_route=%2Fwp%2Fv2%2Fcategories&post=27381"},{"taxonomy":"post_tag","embeddable":true,"href":"https:\/\/ermdigital.com\/index.php?rest_route=%2Fwp%2Fv2%2Ftags&post=27381"}],"curies":[{"name":"wp","href":"https:\/\/api.w.org\/{rel}","templated":true}]}}