{"id":27375,"date":"2026-05-03T00:19:53","date_gmt":"2026-05-03T04:19:53","guid":{"rendered":"https:\/\/ermdigital.com\/?p=27375"},"modified":"2026-05-03T00:19:53","modified_gmt":"2026-05-03T04:19:53","slug":"caso-llenas-aybar-un-crimen-de-hace-30-anos-que-estremecio-a-republica-dominicana","status":"publish","type":"post","link":"https:\/\/ermdigital.com\/?p=27375","title":{"rendered":"Caso Llenas Aybar: un crimen de hace 30 a\u00f1os que estremeci\u00f3 a Rep\u00fablica Dominicana\u00a0"},"content":{"rendered":"<p>El asesinato del ni\u00f1o Jos\u00e9 Rafael Llenas Aybar, ocurrido el 3 de mayo de 1996, marc\u00f3 un antes y un despu\u00e9s en la sociedad dominicana.<\/p>\n<p><a href=\"https:\/\/listindiario.com\/la-republica\/20260503\/caso-llenas-aybar-crimen-30-anos-estremecio-republica-dominicana_904233.html\">wf_cms.rss.read_more<\/a><\/p>\n<p>]]&gt;\u00a0El crimen ocurri\u00f3 en Pedro Brand y tuvo como autor principal a Redondo Llenas, primo de la v\u00edctima, en complicidad con Juan Manuel Molin\u00e9 Rodr\u00edguez. El pr\u00f3ximo lunes 4 se cumplir\u00e1n 30 a\u00f1os y, al d\u00eda siguiente, est\u00e1 prevista la liberta de Redondo Llenas\u00a0\u00a0\u00a0<\/p>\n<p id=\"m93999-93998-94000\">El asesinato del ni\u00f1o Jos\u00e9 Rafael Llenas Aybar, ocurrido el 3 de mayo de 1996, marc\u00f3 un antes y un despu\u00e9s en la sociedad dominicana.<\/p>\n<p id=\"m94004-94003-94005\">Ahora, el caso vuelve a la atenci\u00f3n p\u00fablica por dos cuestiones: el aniversario n\u00famero 30 de su muerte el pr\u00f3ximo lunes 4 y la inminente salida en libertad de Mario Jos\u00e9 Redondo Llenas, uno de los responsables. Su salida est\u00e1 prevista para el pr\u00f3ximo martes 5.<\/p>\n<p id=\"m94009-94008-94010\">El crimen ocurri\u00f3 en Pedro Brand y tuvo como autor principal a Redondo Llenas, primo de la v\u00edctima, en complicidad con Juan Manuel Molin\u00e9 Rodr\u00edguez. Ambos planificaron el secuestro del menor, de 12 a\u00f1os de edad, seg\u00fan archivos period\u00edsticos.<\/p>\n<p id=\"m94014-94013-94015\">A tres d\u00e9cadas del caso, la familia de Llenas Aybar ha creado una cuenta especial en la red social Instagram para rememorar su vida y publicar testimonios de familiares y amigos que a\u00fan lo recuerdan.<\/p>\n<p id=\"m94019-94018-94020\">\u201cSu memoria sigue viva en todos los que lo amamos\u201d, dice la biograf\u00eda de la cuenta.<\/p>\n<p id=\"m94024-94023-94025\">\u201cQuerido Jos\u00e9: Han pasado 30 a\u00f1os desde que te perdimos f\u00edsicamente, pero tu recuerdo siempre permanece en nuestros corazones\u201d, dice la primera publicaci\u00f3n hace cuatro d\u00edas, acompa\u00f1ada de una imagen que muestra dos brazos unidos y un mensaje: \u201cTu amor nos acompa\u00f1ar\u00e1 por siempre\u201d.<\/p>\n<h3 class=\"c-detail__destacado\">\u00bfC\u00f3mo ocurri\u00f3 el crimen?<\/h3>\n<p id=\"m94029-94028-94030\">El 3 de mayo de 1996 el ni\u00f1o sali\u00f3 de su casa con Redondo Llenas, quien le pidi\u00f3 acompa\u00f1arlo a una supuesta exhibici\u00f3n de motocicletas. Sin embargo, nunca lo llev\u00f3 a ese lugar. En cambio, lo traslad\u00f3 a la casa de Molin\u00e9 Rodr\u00edguez, donde ambos continuaron con el plan.<\/p>\n<p id=\"m94034-94033-94035\">Durante el trayecto, el menor comenz\u00f3 a ponerse nervioso. Los acusados decidieron amarrarlo de pies y manos y lo colocaron en el ba\u00fal de un veh\u00edculo. Luego, se dirigieron hacia una zona cercana al arroyo Lebr\u00f3n, en el kil\u00f3metro 13 de la autopista Duarte.<\/p>\n<p id=\"m94039-94038-94040\">En ese lugar, discutieron qu\u00e9 hacer con el ni\u00f1o. Seg\u00fan los expedientes, tem\u00edan que los denunciara, aunque este les promet\u00eda que no dir\u00eda nada. Fue entonces cuando tomaron la decisi\u00f3n de quitarle la vida.<\/p>\n<p id=\"m94044-94043-94045\">El menor recibi\u00f3 m\u00faltiples heridas con un arma blanca. De acuerdo con el informe, sufri\u00f3 alrededor de 32 pu\u00f1aladas, incluyendo heridas en la nuca y la espalda, adem\u00e1s de una lesi\u00f3n en la yugular que le provoc\u00f3 la muerte.<\/p>\n<p id=\"m94049-94048-94050\">Los responsables abandonaron el cuerpo en el arroyo Lebr\u00f3n. El cad\u00e1ver fue encontrado al d\u00eda siguiente, 4 de mayo, por campesinos de la zona, atado y envuelto en cinta adhesiva.<\/p>\n<p id=\"m94054-94053-94055\">Mientras tanto, la familia del ni\u00f1o ya hab\u00eda iniciado su b\u00fasqueda. Su madre, Ileana Aybar, comenz\u00f3 a preocuparse cuando Redondo Llenas le inform\u00f3 que hab\u00eda dejado al menor en la Plaza Bolera, en la avenida Abraham Lincoln. Al no encontrarlo en el lugar, confirm\u00f3 que no exist\u00eda ninguna actividad como la que le hab\u00edan mencionado.<\/p>\n<p id=\"m94059-94058-94060\">Posteriormente, Redondo Llenas incluso particip\u00f3 en la denuncia de la desaparici\u00f3n, simulando preocupaci\u00f3n por el paradero de su primo.<\/p>\n<p id=\"m94064-94063-94065\">Una de las pruebas clave fue un papel encontrado en las manos del ni\u00f1o, que conten\u00eda el n\u00famero telef\u00f3nico de Kimberlyn Caldas, entonces pareja de Molin\u00e9 Rodr\u00edguez. Esto permiti\u00f3 a las autoridades ubicar a los implicados.<\/p>\n<h3 class=\"c-detail__destacado\">confesi\u00f3n y condenas<\/h3>\n<p id=\"m94069-94068-94070\">Ambos fueron arrestados y confesaron el crimen ante las c\u00e1maras de televisi\u00f3n, lo que gener\u00f3 gran conmoci\u00f3n en el pa\u00eds.<\/p>\n<p id=\"m94074-94073-94075\">Redondo Llenas sostuvo en los interrogatorios que actu\u00f3 inducido por Luis Palmas y Mart\u00edn Palmas Meccia, esposo e hijo, respectivamente, de Teresa Meccia, embajadora de Argentina en la Rep\u00fablica Dominicana en el momento, seg\u00fan recoge el peri\u00f3dico La Naci\u00f3n.<\/p>\n<p id=\"m94079-94078-94080\">Se a\u00f1ade que el asesino, quien no mencion\u00f3 a los argentinos hasta cuatro meses despu\u00e9s de ser detenido, durante el tercer interrogatorio, afirm\u00f3 que Luis Palmas lo indujo a formar parte de una presunta organizaci\u00f3n criminal que inclu\u00eda tr\u00e1fico de drogas, asesinatos y secuestros.<\/p>\n<p id=\"m94084-94083-94085\">Molin\u00e9 Rodr\u00edguez, en ese proceso, no implic\u00f3 a la familia Palmas y asegur\u00f3 que no hubo participaci\u00f3n directa de una tercera persona. Ret\u00f3 varias veces a que Redondo Llenas relatara lo que hizo, y c\u00f3mo lo hizo, pero se mantuvo en silencio.<\/p>\n<p id=\"m94089-94088-94090\">La familia Palmas abandon\u00f3 Santo Domingo cuando se hizo p\u00fablica la confesi\u00f3n del asesino.<\/p>\n<p id=\"m94094-94093-94095\">En primera instancia, los dos fueron condenados a 30 a\u00f1os de prisi\u00f3n, la pena m\u00e1xima en ese momento. Posteriormente, en apelaci\u00f3n, la condena de Molin\u00e9 Rodr\u00edguez fue reducida a 20 a\u00f1os. En 2006, la Suprema Corte de Justicia dej\u00f3 firmes las sentencias.<\/p>\n<p id=\"m94099-94098-94100\">Molin\u00e9 Rodr\u00edguez cumpli\u00f3 su condena completa y fue puesto en libertad en mayo de 2016.<\/p>\n<p id=\"m94104-94103-94105\">Por su parte, Redondo Llenas permaneci\u00f3 en prisi\u00f3n, donde incluso estudi\u00f3 Derecho como parte de su proceso de rehabilitaci\u00f3n. En varias ocasiones solicit\u00f3 libertad condicional, pero le fue negada.<\/p>\n<p>\u00a0<\/p>\n","protected":false},"excerpt":{"rendered":"<p>El asesinato del ni\u00f1o Jos\u00e9 Rafael Llenas Aybar, ocurrido el 3 de mayo de 1996, marc\u00f3 un antes y un despu\u00e9s en la sociedad dominicana. wf_cms.rss.read_more ]]&gt;\u00a0El crimen ocurri\u00f3 en Pedro Brand y tuvo como autor principal a Redondo Llenas, primo de la v\u00edctima, en complicidad con Juan Manuel Molin\u00e9 Rodr\u00edguez. El pr\u00f3ximo lunes 4 [&hellip;]<\/p>\n","protected":false},"author":1,"featured_media":27376,"comment_status":"open","ping_status":"open","sticky":false,"template":"","format":"standard","meta":{"amp_status":"","footnotes":""},"categories":[5],"tags":[],"class_list":["post-27375","post","type-post","status-publish","format-standard","has-post-thumbnail","hentry","category-politica"],"_links":{"self":[{"href":"https:\/\/ermdigital.com\/index.php?rest_route=\/wp\/v2\/posts\/27375","targetHints":{"allow":["GET"]}}],"collection":[{"href":"https:\/\/ermdigital.com\/index.php?rest_route=\/wp\/v2\/posts"}],"about":[{"href":"https:\/\/ermdigital.com\/index.php?rest_route=\/wp\/v2\/types\/post"}],"author":[{"embeddable":true,"href":"https:\/\/ermdigital.com\/index.php?rest_route=\/wp\/v2\/users\/1"}],"replies":[{"embeddable":true,"href":"https:\/\/ermdigital.com\/index.php?rest_route=%2Fwp%2Fv2%2Fcomments&post=27375"}],"version-history":[{"count":0,"href":"https:\/\/ermdigital.com\/index.php?rest_route=\/wp\/v2\/posts\/27375\/revisions"}],"wp:featuredmedia":[{"embeddable":true,"href":"https:\/\/ermdigital.com\/index.php?rest_route=\/wp\/v2\/media\/27376"}],"wp:attachment":[{"href":"https:\/\/ermdigital.com\/index.php?rest_route=%2Fwp%2Fv2%2Fmedia&parent=27375"}],"wp:term":[{"taxonomy":"category","embeddable":true,"href":"https:\/\/ermdigital.com\/index.php?rest_route=%2Fwp%2Fv2%2Fcategories&post=27375"},{"taxonomy":"post_tag","embeddable":true,"href":"https:\/\/ermdigital.com\/index.php?rest_route=%2Fwp%2Fv2%2Ftags&post=27375"}],"curies":[{"name":"wp","href":"https:\/\/api.w.org\/{rel}","templated":true}]}}