{"id":27082,"date":"2026-05-02T00:00:00","date_gmt":"2026-05-02T04:00:00","guid":{"rendered":"https:\/\/ermdigital.com\/?p=27082"},"modified":"2026-05-02T00:00:00","modified_gmt":"2026-05-02T04:00:00","slug":"gobierno-exalta-trayectoria-empresarial-y-el-compromiso-obrero-en-premio-al-merito-laboral","status":"publish","type":"post","link":"https:\/\/ermdigital.com\/?p=27082","title":{"rendered":"Gobierno exalta trayectoria empresarial y el compromiso obrero en Premio al M\u00e9rito Laboral\u00a0"},"content":{"rendered":"<p>En un emotivo acto de reconocimiento a la productividad nacional, el presidente Luis Abinader encabez\u00f3 ayer la primera edici\u00f3n del Premio Anual al M\u00e9rito Laboral.onocimiento a la productividad nacional, el presidente Luis Abinader encabez\u00f3 ayer la primera edici\u00f3n del Premio Anual al M\u00e9rito Laboral.<\/p>\n<p><a href=\"https:\/\/listindiario.com\/la-republica\/gobierno\/20260502\/gobierno-exalta-trayectoria-empresarial-compromiso-obrero-premio-merito-laboral_904110.html\">wf_cms.rss.read_more<\/a><\/p>\n<p>]]&gt;\u00a0La ceremonia, celebrada en el Sal\u00f3n Las Cari\u00e1tides del Palacio Nacional, distingui\u00f3 a empresarios emblem\u00e1ticos y trabajadores destacados por sus aportes fundamentales al desarrollo econ\u00f3mico y la cohesi\u00f3n social del pa\u00eds.\u00a0\u00a0\u00a0<\/p>\n<p id=\"m70192-70191-70193\">En un emotivo acto de reconocimiento a la productividad nacional, el presidente Luis Abinader encabez\u00f3 ayer la primera edici\u00f3n del Premio Anual al M\u00e9rito Laboral.onocimiento a la productividad nacional, el presidente Luis Abinader encabez\u00f3 ayer la primera edici\u00f3n del Premio Anual al M\u00e9rito Laboral.<\/p>\n<p id=\"m70197-70196-70198\">La ceremonia, celebrada en el Sal\u00f3n Las Cari\u00e1tides del Palacio Nacional, distingui\u00f3 a empresarios emblem\u00e1ticos y trabajadores destacados por sus aportes fundamentales al desarrollo econ\u00f3mico y la cohesi\u00f3n social del pa\u00eds.  El jefe de Estado reconoci\u00f3  la trayectoria de los principales l\u00edderes empresariales dominicanos y la dedicaci\u00f3n y valor de la clase obrera.<\/p>\n<p id=\"m70202-70201-70203\">El evento puso de relieve la carrera de tres figuras cumbres del sector privado dominicano. Jos\u00e9 Luis \u201cPep\u00edn\u201d Corripio Estrada, presidente del Grupo Corripio; Frank Rainieri, fundador del Grupo Punta Cana; y el empresario F\u00e9lix Garc\u00eda Castellanos, recibieron el Galard\u00f3n a la Trayectoria en la Generaci\u00f3n de Oportunidades Laborales.<\/p>\n<p id=\"m70207-70206-70208\">El evento puso de relieve la carrera de tres figuras cumbres del sector privado dominicano. Jos\u00e9 Luis \u201cPep\u00edn\u201d Corripio Estrada, presidente del Grupo Corripio; Frank Rainieri, fundador del Grupo Punta Cana; y el empresario F\u00e9lix Garc\u00eda Castellanos, recibieron el Galard\u00f3n a la Trayectoria en la Generaci\u00f3n de Oportunidades Laborales.<\/p>\n<p id=\"m70212-70211-70213\">Durante su intervenci\u00f3n, Corripio Estrada ofreci\u00f3 una reflexi\u00f3n sobre el prop\u00f3sito del \u00e9xito: \u201cEl verdadero \u00e9xito no se mide en t\u00e9rminos econ\u00f3micos, sino en el impacto positivo que realicen en provecho de la sociedad donde se vive\u201d, afirm\u00f3 el empresario, cuya fundaci\u00f3n ha sido pilar en proyectos sociales y de salud. Al recibir el premio, Corripio dedic\u00f3 el honor a sus 14,000 colaboradores.<\/p>\n<p id=\"m70217-70216-70218\">Por su parte, Frank Rainieri destac\u00f3 la evoluci\u00f3n de las relaciones laborales en el pa\u00eds: \u201cMe remonto a los a\u00f1os 80 y 90, cuando comenzamos a reunirnos el sector empresarial y el laboral en medio de cr\u00edticas. Estar hoy aqu\u00ed dice que hemos trabajado juntos por nuestro pa\u00eds; es el mayor de los reconocimientos\u201d.<\/p>\n<p id=\"m70222-70221-70223\">El premio honr\u00f3 la \u00e9tica y el esfuerzo del trabajador dominicano. El Gran Galard\u00f3n al Trabajador Meritorio recay\u00f3 sobre William Radham\u00e9s Tejada Alc\u00e1ntara, de Nestl\u00e9 Dominicana, y dirigente de la CNUS, por su intachable hoja de servicios.<\/p>\n<p id=\"m70227-70226-70228\">Asimismo, se otorgaron medallas por la Excelencia en el Trabajo a Dom\u00ednica Cabral de Rijo (CNTD); por Innovaci\u00f3n a Victoria Garc\u00eda Ravelo (CNUS); y por Liderazgo a Manolo Ram\u00edrez (CASC). Un momento de especial distinci\u00f3n fue el reconocimiento a Gabriel Antonio Del R\u00edo Do\u00f1\u00e9, presidente de la CASC, premiado por su hist\u00f3rica defensa de los derechos de los trabajadores.E<\/p>\n<p id=\"m70232-70231-70233\">l ministro de Trabajo, Eddy Olivares, subray\u00f3 que la alianza entre el Gobierno, empleadores y trabajadores es el motor de un futuro pr\u00f3spero.<\/p>\n<p id=\"m70237-70236-70238\">Se comprometi\u00f3 a seguir impulsando pol\u00edticas que fortalezcan el empleo digno y el di\u00e1logo social como herramienta de paz laboral.<\/p>\n<p id=\"m70242-70241-70243\">Desde el sector empleador, Celso Juan Marranzini, presidente del Conep, valor\u00f3 este premio y reconoci\u00f3 el esfuerzo de m\u00e1s de cinco millones de trabajadores que sostienen la actividad productiva del pa\u00eds.<\/p>\n<p>\u00a0<\/p>\n","protected":false},"excerpt":{"rendered":"<p>En un emotivo acto de reconocimiento a la productividad nacional, el presidente Luis Abinader encabez\u00f3 ayer la primera edici\u00f3n del Premio Anual al M\u00e9rito Laboral.onocimiento a la productividad nacional, el presidente Luis Abinader encabez\u00f3 ayer la primera edici\u00f3n del Premio Anual al M\u00e9rito Laboral. wf_cms.rss.read_more ]]&gt;\u00a0La ceremonia, celebrada en el Sal\u00f3n Las Cari\u00e1tides del Palacio [&hellip;]<\/p>\n","protected":false},"author":1,"featured_media":27083,"comment_status":"open","ping_status":"open","sticky":false,"template":"","format":"standard","meta":{"amp_status":"","footnotes":""},"categories":[5],"tags":[],"class_list":["post-27082","post","type-post","status-publish","format-standard","has-post-thumbnail","hentry","category-politica"],"_links":{"self":[{"href":"https:\/\/ermdigital.com\/index.php?rest_route=\/wp\/v2\/posts\/27082","targetHints":{"allow":["GET"]}}],"collection":[{"href":"https:\/\/ermdigital.com\/index.php?rest_route=\/wp\/v2\/posts"}],"about":[{"href":"https:\/\/ermdigital.com\/index.php?rest_route=\/wp\/v2\/types\/post"}],"author":[{"embeddable":true,"href":"https:\/\/ermdigital.com\/index.php?rest_route=\/wp\/v2\/users\/1"}],"replies":[{"embeddable":true,"href":"https:\/\/ermdigital.com\/index.php?rest_route=%2Fwp%2Fv2%2Fcomments&post=27082"}],"version-history":[{"count":0,"href":"https:\/\/ermdigital.com\/index.php?rest_route=\/wp\/v2\/posts\/27082\/revisions"}],"wp:featuredmedia":[{"embeddable":true,"href":"https:\/\/ermdigital.com\/index.php?rest_route=\/wp\/v2\/media\/27083"}],"wp:attachment":[{"href":"https:\/\/ermdigital.com\/index.php?rest_route=%2Fwp%2Fv2%2Fmedia&parent=27082"}],"wp:term":[{"taxonomy":"category","embeddable":true,"href":"https:\/\/ermdigital.com\/index.php?rest_route=%2Fwp%2Fv2%2Fcategories&post=27082"},{"taxonomy":"post_tag","embeddable":true,"href":"https:\/\/ermdigital.com\/index.php?rest_route=%2Fwp%2Fv2%2Ftags&post=27082"}],"curies":[{"name":"wp","href":"https:\/\/api.w.org\/{rel}","templated":true}]}}