{"id":27007,"date":"2026-05-01T19:47:04","date_gmt":"2026-05-01T23:47:04","guid":{"rendered":"https:\/\/ermdigital.com\/?p=27007"},"modified":"2026-05-01T19:47:04","modified_gmt":"2026-05-01T23:47:04","slug":"beauty-fest-ole-2026-apuesta-por-la-belleza-integral-destacando-el-rol-de-la-mujer-en-la-sociedad-afirma-joeli-suriel","status":"publish","type":"post","link":"https:\/\/ermdigital.com\/?p=27007","title":{"rendered":"Beauty Fest Ol\u00e9 2026 apuesta por la \u201cbelleza integral\u201d destacando el rol de la mujer en la sociedad afirma Joel\u00ed Suriel"},"content":{"rendered":"<p><strong>Santo Domingo.<\/strong>\u2013 El lanzamiento del Beauty Fest Ol\u00e9 2026 estuvo marcado por un enfoque que trasciende las ofertas y los grandes precios, al poner en el centro la conversaci\u00f3n la carga emocional que enfrentan las mujeres, seg\u00fan destac\u00f3 Joel\u00ed Suriel Gerente de Mercadeo y Comunicaciones del Grupo Ol\u00e9 durante la actividad.<\/p>\n<p>En el evento, realizado por Hipermercados Ol\u00e9 en su sucursal de la avenida 27 de Febrero, Suriel explic\u00f3 que la propuesta de este a\u00f1o busca elevar la experiencia de las clientas, integrando no solo descuentos, sino tambi\u00e9n espacios de reflexi\u00f3n y aprendizaje a trav\u00e9s de charlas y actividades durante todo el mes de mayo.<\/p>\n<p>\u201cLa experiencia va m\u00e1s all\u00e1 de las ofertas. Queremos crear un espacio donde la mujer pueda sentirse identificada, valorada y acompa\u00f1ada en su realidad diaria\u201d, expres\u00f3 Suriel, al referirse a la evoluci\u00f3n del concepto del festival, que incluye una convenci\u00f3n de belleza de varios d\u00edas con programaci\u00f3n continua.<\/p>\n<p>La ejecutiva asegur\u00f3 que uno de los principales ejes de esta edici\u00f3n es visibilizar el rol de la mujer en la sociedad y las m\u00faltiples responsabilidades que asume, se\u00f1alando que, a pesar de esas cargas, muchas contin\u00faan dando lo mejor de s\u00ed en cada \u00e1mbito de sus vidas.<\/p>\n<p><strong>Recomendamos leer:<a href=\"https:\/\/deultimominuto.net\/estilo\/cientos-abarrotan-hipermercados\/\">Cientos abarrotan Hipermercados Ol\u00e9 en el lanzamiento del Beauty Fest Ol\u00e9 2026<\/a><br \/><\/strong><\/p>\n<p>En ese contexto, Suriel introdujo el concepto de \u201cbelleza emocional\u201d, al explicar que las exigencias del d\u00eda a d\u00eda como los roles de madre, profesional, amiga o emprendedorapueden limitar el tiempo y la disposici\u00f3n para el autocuidado, afectando la forma en que muchas mujeres se perciben a s\u00ed mismas.<\/p>\n<p>Finalmente, indic\u00f3 que la iniciativa busca motivar a las mujeres a reconocer esa realidad sin ignorarla, pero tambi\u00e9n a priorizar espacios de cuidado personal, entendi\u00e9ndolos como una necesidad y no como un lujo, dentro de la propuesta integral del Beauty Fest Ol\u00e9 2026, el cual se extender\u00e1 durante todo el mes de mayo en todas sus sucursales.<\/p>\n<p>\u200bSanto Domingo.\u2013 El lanzamiento del Beauty Fest Ol\u00e9 2026 estuvo marcado por un enfoque que trasciende las ofertas y los grandes precios, al poner en el centro la conversaci\u00f3n la carga emocional que enfrentan las mujeres, seg\u00fan destac\u00f3 Joel\u00ed Suriel Gerente de Mercadeo y Comunicaciones del Grupo Ol\u00e9 durante la actividad. En el evento, realizado\u00a0\u00a0Estilo, Beauty Fest Ol\u00e9 2026\u00a0\u00a0<\/p>\n","protected":false},"excerpt":{"rendered":"<p>Santo Domingo.\u2013 El lanzamiento del Beauty Fest Ol\u00e9 2026 estuvo marcado por un enfoque que trasciende las ofertas y los grandes precios, al poner en el centro la conversaci\u00f3n la carga emocional que enfrentan las mujeres, seg\u00fan destac\u00f3 Joel\u00ed Suriel Gerente de Mercadeo y Comunicaciones del Grupo Ol\u00e9 durante la actividad. En el evento, realizado [&hellip;]<\/p>\n","protected":false},"author":1,"featured_media":27008,"comment_status":"open","ping_status":"open","sticky":false,"template":"","format":"standard","meta":{"amp_status":"","footnotes":""},"categories":[3],"tags":[],"class_list":["post-27007","post","type-post","status-publish","format-standard","has-post-thumbnail","hentry","category-de-ultimo-minuto"],"_links":{"self":[{"href":"https:\/\/ermdigital.com\/index.php?rest_route=\/wp\/v2\/posts\/27007","targetHints":{"allow":["GET"]}}],"collection":[{"href":"https:\/\/ermdigital.com\/index.php?rest_route=\/wp\/v2\/posts"}],"about":[{"href":"https:\/\/ermdigital.com\/index.php?rest_route=\/wp\/v2\/types\/post"}],"author":[{"embeddable":true,"href":"https:\/\/ermdigital.com\/index.php?rest_route=\/wp\/v2\/users\/1"}],"replies":[{"embeddable":true,"href":"https:\/\/ermdigital.com\/index.php?rest_route=%2Fwp%2Fv2%2Fcomments&post=27007"}],"version-history":[{"count":0,"href":"https:\/\/ermdigital.com\/index.php?rest_route=\/wp\/v2\/posts\/27007\/revisions"}],"wp:featuredmedia":[{"embeddable":true,"href":"https:\/\/ermdigital.com\/index.php?rest_route=\/wp\/v2\/media\/27008"}],"wp:attachment":[{"href":"https:\/\/ermdigital.com\/index.php?rest_route=%2Fwp%2Fv2%2Fmedia&parent=27007"}],"wp:term":[{"taxonomy":"category","embeddable":true,"href":"https:\/\/ermdigital.com\/index.php?rest_route=%2Fwp%2Fv2%2Fcategories&post=27007"},{"taxonomy":"post_tag","embeddable":true,"href":"https:\/\/ermdigital.com\/index.php?rest_route=%2Fwp%2Fv2%2Ftags&post=27007"}],"curies":[{"name":"wp","href":"https:\/\/api.w.org\/{rel}","templated":true}]}}