{"id":27005,"date":"2026-05-01T19:50:36","date_gmt":"2026-05-01T23:50:36","guid":{"rendered":"https:\/\/ermdigital.com\/?p=27005"},"modified":"2026-05-01T19:50:36","modified_gmt":"2026-05-01T23:50:36","slug":"rector-de-la-uasd-es-reconocido-por-gremio-de-empleados","status":"publish","type":"post","link":"https:\/\/ermdigital.com\/?p=27005","title":{"rendered":"Rector de la UASD es reconocido por gremio de empleados"},"content":{"rendered":"<p><strong>Santo Domingo, R.D.\u2014<\/strong> La Asociaci\u00f3n de Empleados Universitarios (ASODEMU) destac\u00f3 el papel <a href=\"https:\/\/deultimominuto.net\/estilo\/uasd-celebra-graduacion-del-diplomado-en-derecho-migratorio-y-consular-en-nueva-york\/\">desempe\u00f1ado<\/a> por el rector de la Universidad Aut\u00f3noma de Santo Domingo, Editrudis Beltr\u00e1n Cris\u00f3stomo, en la materializaci\u00f3n de importantes reivindicaciones a favor de los trabajadores de la instituci\u00f3n.<\/p>\n<p>Durante un acto institucional, el presidente del gremio, Jos\u00e9 B. Rosario Cuevas, afirm\u00f3 que las conquistas alcanzadas en los \u00faltimos a\u00f1os han sido posibles gracias a una gesti\u00f3n caracterizada por la apertura al di\u00e1logo y la disposici\u00f3n de escuchar las demandas del personal universitario.<\/p>\n<p>Rosario Cuevas se\u00f1al\u00f3 que, al inicio de la actual administraci\u00f3n en noviembre de 2022, exist\u00eda un panorama complejo, con reclamos acumulados y una comunidad laboral que requer\u00eda respuestas concretas. No obstante, asegur\u00f3 que la rector\u00eda asumi\u00f3 el compromiso de atender esas necesidades.<\/p>\n<p>En ese sentido, valor\u00f3 decisiones como la aprobaci\u00f3n de un aumento salarial de un 15 % pendiente, la ejecuci\u00f3n de m\u00e1s de 1,300 acciones en beneficio de los empleados y la realizaci\u00f3n de m\u00e1s de 500 nombramientos.<\/p>\n<p>Asimismo, resalt\u00f3 la implementaci\u00f3n del salario n\u00famero 14, considerado un logro hist\u00f3rico para el sector, as\u00ed como la indexaci\u00f3n salarial de un 30 %, medidas que \u2014indic\u00f3\u2014 reflejan un enfoque de justicia y dignificaci\u00f3n del trabajador universitario.<\/p>\n<p><strong>Recomendamos leer: <a href=\"https:\/\/deultimominuto.net\/nacionales\/leonel-fernandez-recibe-en-funglode-a-jorge-asjana-candidato-a-rector-de-la-uasd\/\">Leonel Fern\u00e1ndez recibe en Funglode a Jorge Asjana, candidato a rector de la UASD<\/a><\/strong><\/p>\n<p>En el marco de la conmemoraci\u00f3n del D\u00eda Internacional del Trabajo, ASODEMU subray\u00f3 que estos avances representan no solo mejoras econ\u00f3micas, sino tambi\u00e9n el reconocimiento al esfuerzo de miles de trabajadores que sostienen el funcionamiento diario de la academia.<\/p>\n<p>\u201cEl respaldo recibido ha sido determinante. Aqu\u00ed hubo voluntad para escuchar y para actuar\u201d, expres\u00f3 el dirigente gremial.<\/p>\n<p>Finalmente, la organizaci\u00f3n reafirm\u00f3 su compromiso de continuar promoviendo el bienestar del personal universitario, al tiempo que reiter\u00f3 su valoraci\u00f3n a la gesti\u00f3n del rector Beltr\u00e1n por impulsar cambios concretos en favor de la comunidad laboral.<\/p>\n<figure class=\"wp-block-gallery has-nested-images columns-default is-cropped wp-block-gallery-1 is-layout-flex wp-block-gallery-is-layout-flex\">\n<figure class=\"wp-block-image size-large\"><img loading=\"lazy\" decoding=\"async\" width=\"1000\" height=\"667\" data-id=\"649372\" src=\"https:\/\/cdn.deultimominuto.net\/wp-content\/uploads\/2026\/05\/WhatsApp-Image-2026-05-01-at-7.38.28-PM.jpeg\" alt=\"Rector de la UASD es reconocido por gremio de empleados - Noticias de hoy en Rep\u00fablica Dominicana | De \u00daltimo Minuto\" class=\"wp-image-649372\" title=\"Rector de la UASD es reconocido por gremio de empleados | 3 |\"><\/figure>\n<figure class=\"wp-block-image size-large\"><img decoding=\"async\" loading=\"lazy\" width=\"1000\" height=\"667\" data-id=\"649371\" src=\"https:\/\/cdn.deultimominuto.net\/wp-content\/uploads\/2026\/05\/WhatsApp-Image-2026-05-01-at-7.38.27-PM-1.jpeg\" alt=\"Rector de la UASD es reconocido por gremio de empleados - Noticias de hoy en Rep\u00fablica Dominicana | De \u00daltimo Minuto\" class=\"wp-image-649371\" title=\"Rector de la UASD es reconocido por gremio de empleados | 4 |\"><\/figure>\n<figure class=\"wp-block-image size-large\"><img decoding=\"async\" loading=\"lazy\" width=\"1000\" height=\"667\" data-id=\"649373\" src=\"https:\/\/cdn.deultimominuto.net\/wp-content\/uploads\/2026\/05\/WhatsApp-Image-2026-05-01-at-7.38.27-PM.jpeg\" alt=\"Rector de la UASD es reconocido por gremio de empleados - Noticias de hoy en Rep\u00fablica Dominicana | De \u00daltimo Minuto\" class=\"wp-image-649373\" title=\"Rector de la UASD es reconocido por gremio de empleados | 5 |\"><\/figure>\n<\/figure>\n<p>\u200bSanto Domingo, R.D.\u2014 La Asociaci\u00f3n de Empleados Universitarios (ASODEMU) destac\u00f3 el papel desempe\u00f1ado por el rector de la Universidad Aut\u00f3noma de Santo Domingo, Editrudis Beltr\u00e1n Cris\u00f3stomo, en la materializaci\u00f3n de importantes reivindicaciones a favor de los trabajadores de la instituci\u00f3n. Durante un acto institucional, el presidente del gremio, Jos\u00e9 B. Rosario Cuevas, afirm\u00f3 que las\u00a0\u00a0Nacionales\u00a0\u00a0<\/p>\n","protected":false},"excerpt":{"rendered":"<p>Santo Domingo, R.D.\u2014 La Asociaci\u00f3n de Empleados Universitarios (ASODEMU) destac\u00f3 el papel desempe\u00f1ado por el rector de la Universidad Aut\u00f3noma de Santo Domingo, Editrudis Beltr\u00e1n Cris\u00f3stomo, en la materializaci\u00f3n de importantes reivindicaciones a favor de los trabajadores de la instituci\u00f3n. Durante un acto institucional, el presidente del gremio, Jos\u00e9 B. Rosario Cuevas, afirm\u00f3 que las [&hellip;]<\/p>\n","protected":false},"author":1,"featured_media":27006,"comment_status":"open","ping_status":"open","sticky":false,"template":"","format":"standard","meta":{"amp_status":"","footnotes":""},"categories":[3],"tags":[],"class_list":["post-27005","post","type-post","status-publish","format-standard","has-post-thumbnail","hentry","category-de-ultimo-minuto"],"_links":{"self":[{"href":"https:\/\/ermdigital.com\/index.php?rest_route=\/wp\/v2\/posts\/27005","targetHints":{"allow":["GET"]}}],"collection":[{"href":"https:\/\/ermdigital.com\/index.php?rest_route=\/wp\/v2\/posts"}],"about":[{"href":"https:\/\/ermdigital.com\/index.php?rest_route=\/wp\/v2\/types\/post"}],"author":[{"embeddable":true,"href":"https:\/\/ermdigital.com\/index.php?rest_route=\/wp\/v2\/users\/1"}],"replies":[{"embeddable":true,"href":"https:\/\/ermdigital.com\/index.php?rest_route=%2Fwp%2Fv2%2Fcomments&post=27005"}],"version-history":[{"count":0,"href":"https:\/\/ermdigital.com\/index.php?rest_route=\/wp\/v2\/posts\/27005\/revisions"}],"wp:featuredmedia":[{"embeddable":true,"href":"https:\/\/ermdigital.com\/index.php?rest_route=\/wp\/v2\/media\/27006"}],"wp:attachment":[{"href":"https:\/\/ermdigital.com\/index.php?rest_route=%2Fwp%2Fv2%2Fmedia&parent=27005"}],"wp:term":[{"taxonomy":"category","embeddable":true,"href":"https:\/\/ermdigital.com\/index.php?rest_route=%2Fwp%2Fv2%2Fcategories&post=27005"},{"taxonomy":"post_tag","embeddable":true,"href":"https:\/\/ermdigital.com\/index.php?rest_route=%2Fwp%2Fv2%2Ftags&post=27005"}],"curies":[{"name":"wp","href":"https:\/\/api.w.org\/{rel}","templated":true}]}}