{"id":27001,"date":"2026-05-01T19:58:54","date_gmt":"2026-05-01T23:58:54","guid":{"rendered":"https:\/\/ermdigital.com\/?p=27001"},"modified":"2026-05-01T19:58:54","modified_gmt":"2026-05-01T23:58:54","slug":"maribel-espaillat-declara-en-vista-preliminar-del-caso-jet-set-que-aun-se-pregunta-por-que-sobrevivio","status":"publish","type":"post","link":"https:\/\/ermdigital.com\/?p=27001","title":{"rendered":"Maribel Espaillat declara en vista preliminar del Caso Jet Set que a\u00fan se pregunta por qu\u00e9 sobrevivi\u00f3"},"content":{"rendered":"<p><strong>Por: Preciosa Jim\u00e9nez<\/strong><\/p>\n<p><strong>Santo Domingo.-<\/strong> En el marco de la vista preliminar del caso Jet Set, Maribel Espaillat compareci\u00f3 ante el tribunal y ofreci\u00f3 su testimonio sobre el hecho, relatando c\u00f3mo vivi\u00f3 los momentos de la tragedia.<\/p>\n<p>En medio de la audiencia, durante su intervenci\u00f3n, la imputada Maribel Espaillat manifest\u00f3 que \u201ctodav\u00eda se pregunta por qu\u00e9 Dios la salv\u00f3\u201d.<\/p>\n<p>Previo a esta declaraci\u00f3n, trascendieron testimonios sobre momentos de angustia vividos tras el hecho ocurrido en el centro de entretenimiento Jet Set, donde sobrevivientes narraron escenas de desesperaci\u00f3n bajo los escombros, describiendo la incertidumbre del momento y el impacto emocional de la tragedia.<\/p>\n<h4 class=\"wp-block-heading\"><strong>Recomendamos leer: <a href=\"https:\/\/deultimominuto.net\/enlaces\/\" data-type=\"page\" data-id=\"491852\">Wilson Camacho defiende derecho de v\u00edctimas a expresarse en audiencia del caso Jet Set<\/a><\/strong><a href=\"https:\/\/deultimominuto.net\/category\/nacionales\/\"><\/a><\/h4>\n<p>Maribel relat\u00f3 a un familiar que no comprend\u00eda lo ocurrido en el lugar. \u201cYo no s\u00e9 qu\u00e9 pas\u00f3, creo que se cay\u00f3 el techo. Yo estaba debajo del techo\u2026\u201d, expres\u00f3, al tiempo que describi\u00f3 la sensaci\u00f3n de encierro y el caos vivido durante la emergencia.<\/p>\n<p>Asimismo, se\u00f1al\u00f3 haber presenciado personas heridas durante el rescate, lo que aument\u00f3 su desesperaci\u00f3n. \u201cYo no s\u00e9 de d\u00f3nde saqu\u00e9 fuerza ese d\u00eda\u2026 Dios sabe que jam\u00e1s pens\u00e9 que esto iba a pasar\u201d, manifest\u00f3, pidiendo fortaleza para las familias afectadas.<\/p>\n<p>La audiencia contin\u00faa desarroll\u00e1ndose en el tribunal correspondiente, en medio de la expectativa de las partes involucradas en el proceso.<\/p>\n<figure class=\"wp-block-image size-full\"><img loading=\"lazy\" decoding=\"async\" width=\"451\" height=\"349\" src=\"https:\/\/cdn.deultimominuto.net\/wp-content\/uploads\/2026\/05\/marbel.jpg\" alt=\"Maribel Espaillat declara en vista preliminar del Caso Jet Set que a\u00fan se pregunta por qu\u00e9 sobrevivi\u00f3\" class=\"wp-image-649380\" title=\"Maribel Espaillat declara en vista preliminar del Caso Jet Set que a\u00fan se pregunta por qu\u00e9 sobrevivi\u00f3 | 2 |\"><figcaption class=\"wp-element-caption\">Maribel Espaillat declara en vista preliminar del Caso Jet Set que a\u00fan se pregunta por qu\u00e9 sobrevivi\u00f3<\/figcaption><\/figure>\n<p>\u200bPor: Preciosa Jim\u00e9nez Santo Domingo.- En el marco de la vista preliminar del caso Jet Set, Maribel Espaillat compareci\u00f3 ante el tribunal y ofreci\u00f3 su testimonio sobre el hecho, relatando c\u00f3mo vivi\u00f3 los momentos de la tragedia. En medio de la audiencia, durante su intervenci\u00f3n, la imputada Maribel Espaillat manifest\u00f3 que \u201ctodav\u00eda se pregunta por\u00a0\u00a0Nacionales, Jet Set, Maribel Espaillat\u00a0\u00a0<\/p>\n","protected":false},"excerpt":{"rendered":"<p>Por: Preciosa Jim\u00e9nez Santo Domingo.- En el marco de la vista preliminar del caso Jet Set, Maribel Espaillat compareci\u00f3 ante el tribunal y ofreci\u00f3 su testimonio sobre el hecho, relatando c\u00f3mo vivi\u00f3 los momentos de la tragedia. En medio de la audiencia, durante su intervenci\u00f3n, la imputada Maribel Espaillat manifest\u00f3 que \u201ctodav\u00eda se pregunta por [&hellip;]<\/p>\n","protected":false},"author":1,"featured_media":27002,"comment_status":"open","ping_status":"open","sticky":false,"template":"","format":"standard","meta":{"amp_status":"","footnotes":""},"categories":[3],"tags":[],"class_list":["post-27001","post","type-post","status-publish","format-standard","has-post-thumbnail","hentry","category-de-ultimo-minuto"],"_links":{"self":[{"href":"https:\/\/ermdigital.com\/index.php?rest_route=\/wp\/v2\/posts\/27001","targetHints":{"allow":["GET"]}}],"collection":[{"href":"https:\/\/ermdigital.com\/index.php?rest_route=\/wp\/v2\/posts"}],"about":[{"href":"https:\/\/ermdigital.com\/index.php?rest_route=\/wp\/v2\/types\/post"}],"author":[{"embeddable":true,"href":"https:\/\/ermdigital.com\/index.php?rest_route=\/wp\/v2\/users\/1"}],"replies":[{"embeddable":true,"href":"https:\/\/ermdigital.com\/index.php?rest_route=%2Fwp%2Fv2%2Fcomments&post=27001"}],"version-history":[{"count":0,"href":"https:\/\/ermdigital.com\/index.php?rest_route=\/wp\/v2\/posts\/27001\/revisions"}],"wp:featuredmedia":[{"embeddable":true,"href":"https:\/\/ermdigital.com\/index.php?rest_route=\/wp\/v2\/media\/27002"}],"wp:attachment":[{"href":"https:\/\/ermdigital.com\/index.php?rest_route=%2Fwp%2Fv2%2Fmedia&parent=27001"}],"wp:term":[{"taxonomy":"category","embeddable":true,"href":"https:\/\/ermdigital.com\/index.php?rest_route=%2Fwp%2Fv2%2Fcategories&post=27001"},{"taxonomy":"post_tag","embeddable":true,"href":"https:\/\/ermdigital.com\/index.php?rest_route=%2Fwp%2Fv2%2Ftags&post=27001"}],"curies":[{"name":"wp","href":"https:\/\/api.w.org\/{rel}","templated":true}]}}