{"id":26999,"date":"2026-05-01T20:02:42","date_gmt":"2026-05-02T00:02:42","guid":{"rendered":"https:\/\/ermdigital.com\/?p=26999"},"modified":"2026-05-01T20:02:42","modified_gmt":"2026-05-02T00:02:42","slug":"leon-xiv-nombra-como-obispo-en-virginia-occidental-a-un-migrante-salvadoreno-critico-con-trump","status":"publish","type":"post","link":"https:\/\/ermdigital.com\/?p=26999","title":{"rendered":"Le\u00f3n XIV nombra como obispo en Virginia Occidental a un migrante salvadore\u00f1o cr\u00edtico con Trump"},"content":{"rendered":"<p><strong>Washington.-<\/strong> El papa Le\u00f3n XIV nombr\u00f3 este viernes al salvadore\u00f1o Evelio Menj\u00edvar Ayala, quien vivi\u00f3 como<a href=\"https:\/\/efe.com\/mundo\/2026-05-02\/obispo-virginia-migrante-salvadoreno\/\" target=\"_blank\" rel=\"noopener\"> indocumentado <\/a>en Estados Unidos tras llegar en 1990 y ha sido cr\u00edtico de las pol\u00edticas migratorias del presidente, Donald Trump, como nuevo obispo de la di\u00f3cesis de Wheeling-Charleston, en Virginia Occidental.<\/p>\n<p>Menj\u00edvar Ayala, de 56 a\u00f1os, fue designado en el cargo de acuerdo con un comunicado del Vaticano y se ha desempe\u00f1ado hasta ahora como obispo auxiliar en Washington.<\/p>\n<p>La decisi\u00f3n de Le\u00f3n XIV se produce despu\u00e9s de que el obispo Mark Edward Brennan dejara el cargo tras presentar su renuncia por edad, conforme a lo establecido por el derecho can\u00f3nico, que fija en 75 a\u00f1os la edad de retiro de los obispos.<\/p>\n<p>El salvadore\u00f1o ha relatado en entrevistas con medios cat\u00f3licos como el Catholic Standard c\u00f3mo migr\u00f3 a Estados Unidos en 1990 debido a la pobreza, en medio del conflicto armado interno en su pa\u00eds, que dej\u00f3 m\u00e1s de 75.000 muertos entre 1980 y 1992.<\/p>\n<h2 class=\"wp-block-heading\"><strong>En 2022 fue nombrado obispo auxiliar<\/strong><\/h2>\n<p>Menj\u00edvar Ayala se estableci\u00f3 en Washington, donde inici\u00f3 su camino hacia el sacerdocio y estudi\u00f3 Filosof\u00eda y Teolog\u00eda en instituciones religiosas, hasta que fue ordenado sacerdote en 2004.<\/p>\n<p>El nuevo obispo ha sido descrito por medios estadounidenses como cr\u00edtico de las pol\u00edticas migratorias impulsadas durante la Administraci\u00f3n de Donald Trump, en particular aquellas orientadas al endurecimiento de las deportaciones y el control fronterizo.<\/p>\n<h5 class=\"wp-block-heading\"><strong>Recomendamos leer:<a href=\"https:\/\/deultimominuto.net\/internacionales\/leon-xiv-y-la-arzobispa\/\">Le\u00f3n XIV y la arzobispa de Canterbury rezaron juntos en el Vaticano<\/a><\/strong><\/h5>\n<p>Seg\u00fan estos reportes, ha cuestionado el enfoque que asocia la migraci\u00f3n irregular con criminalidad.<\/p>\n<p>Durante sus 20 a\u00f1os de servicio religioso, ha desarrollado la mayor parte de su ministerio en comunidades hispanas y migrantes en la capital estadounidense y sus alrededores, donde se ha desempe\u00f1ado como p\u00e1rroco y formador, adem\u00e1s de asumir responsabilidades diocesanas.<\/p>\n<p>En 2022 fue nombrado obispo auxiliar de Washington, hasta su reciente designaci\u00f3n como obispo titular de la di\u00f3cesis de Wheeling-Charleston, en un estado de 1,8 millones de habitantes donde cerca del 6 % de la poblaci\u00f3n es cat\u00f3lica.<\/p>\n<p>El nombramiento de Le\u00f3n XIV se produce dos semanas despu\u00e9s de que fuera criticado por Trump, quien lo calific\u00f3 de \u00abd\u00e9bil\u00bb por cuestionar la actuaci\u00f3n militar estadounidense en Ir\u00e1n.<\/p>\n<p>\u200bWashington.- El papa Le\u00f3n XIV nombr\u00f3 este viernes al salvadore\u00f1o Evelio Menj\u00edvar Ayala, quien vivi\u00f3 como indocumentado en Estados Unidos tras llegar en 1990 y ha sido cr\u00edtico de las pol\u00edticas migratorias del presidente, Donald Trump, como nuevo obispo de la di\u00f3cesis de Wheeling-Charleston, en Virginia Occidental. Menj\u00edvar Ayala, de 56 a\u00f1os, fue designado en\u00a0\u00a0Internacionales, Evelio Menj\u00edvar Ayala\u00a0\u00a0<\/p>\n","protected":false},"excerpt":{"rendered":"<p>Washington.- El papa Le\u00f3n XIV nombr\u00f3 este viernes al salvadore\u00f1o Evelio Menj\u00edvar Ayala, quien vivi\u00f3 como indocumentado en Estados Unidos tras llegar en 1990 y ha sido cr\u00edtico de las pol\u00edticas migratorias del presidente, Donald Trump, como nuevo obispo de la di\u00f3cesis de Wheeling-Charleston, en Virginia Occidental. Menj\u00edvar Ayala, de 56 a\u00f1os, fue designado en [&hellip;]<\/p>\n","protected":false},"author":1,"featured_media":27000,"comment_status":"open","ping_status":"open","sticky":false,"template":"","format":"standard","meta":{"amp_status":"","footnotes":""},"categories":[3],"tags":[],"class_list":["post-26999","post","type-post","status-publish","format-standard","has-post-thumbnail","hentry","category-de-ultimo-minuto"],"_links":{"self":[{"href":"https:\/\/ermdigital.com\/index.php?rest_route=\/wp\/v2\/posts\/26999","targetHints":{"allow":["GET"]}}],"collection":[{"href":"https:\/\/ermdigital.com\/index.php?rest_route=\/wp\/v2\/posts"}],"about":[{"href":"https:\/\/ermdigital.com\/index.php?rest_route=\/wp\/v2\/types\/post"}],"author":[{"embeddable":true,"href":"https:\/\/ermdigital.com\/index.php?rest_route=\/wp\/v2\/users\/1"}],"replies":[{"embeddable":true,"href":"https:\/\/ermdigital.com\/index.php?rest_route=%2Fwp%2Fv2%2Fcomments&post=26999"}],"version-history":[{"count":0,"href":"https:\/\/ermdigital.com\/index.php?rest_route=\/wp\/v2\/posts\/26999\/revisions"}],"wp:featuredmedia":[{"embeddable":true,"href":"https:\/\/ermdigital.com\/index.php?rest_route=\/wp\/v2\/media\/27000"}],"wp:attachment":[{"href":"https:\/\/ermdigital.com\/index.php?rest_route=%2Fwp%2Fv2%2Fmedia&parent=26999"}],"wp:term":[{"taxonomy":"category","embeddable":true,"href":"https:\/\/ermdigital.com\/index.php?rest_route=%2Fwp%2Fv2%2Fcategories&post=26999"},{"taxonomy":"post_tag","embeddable":true,"href":"https:\/\/ermdigital.com\/index.php?rest_route=%2Fwp%2Fv2%2Ftags&post=26999"}],"curies":[{"name":"wp","href":"https:\/\/api.w.org\/{rel}","templated":true}]}}