{"id":26997,"date":"2026-05-01T20:07:07","date_gmt":"2026-05-02T00:07:07","guid":{"rendered":"https:\/\/ermdigital.com\/?p=26997"},"modified":"2026-05-01T20:07:07","modified_gmt":"2026-05-02T00:07:07","slug":"suman-11-muertos-y-31-heridos-tras-el-accidente-de-un-autobus-turistico-en-el-pacifico-de-mexico","status":"publish","type":"post","link":"https:\/\/ermdigital.com\/?p=26997","title":{"rendered":"Suman 11 muertos y 31 heridos tras el accidente de un autob\u00fas tur\u00edstico en el Pac\u00edfico de M\u00e9xico"},"content":{"rendered":"<p><strong>Guadalajara.- <\/strong>La Fiscal\u00eda General del Estado de Nayarit confirm\u00f3 este viernes la muerte de 11 personas y 31 heridos en el <a href=\"https:\/\/efe.com\/mundo\/2026-05-02\/accidente-mexico-nayarit\/\" target=\"_blank\" rel=\"noopener\">municipio<\/a> de Amatl\u00e1n de Ca\u00f1as, fronterizo con Jalisco, tras la volcadura de un autob\u00fas tur\u00edstico de la l\u00ednea Transportation que proven\u00eda de la localidad de San Pedro Tlaquepaque y se dirig\u00eda a un centro recreativo en Nayarit.<\/p>\n<p>Sin especificar el motivo de la volcadura, las autoridades mexicanas precisaron que seis personas fallecieron en el lugar de los hechos y cinco en hospitales.<\/p>\n<p>Adem\u00e1s apunt\u00f3 que, seg\u00fan el reciente conteo de los heridos, hay alrededor de cuatro menores lesionados, el m\u00e1s joven de nombre Dereck Uriel Hern\u00e1ndez, de 2 a\u00f1os.<\/p>\n<p>\u201cElementos de la Polic\u00eda de Investigaci\u00f3n, agentes del Ministerio P\u00fablico y peritos, en coordinaci\u00f3n con diversas corporaciones de emergencia y seguridad, realizan las diligencias correspondientes, as\u00ed como labores de atenci\u00f3n, procesamiento de la escena y apoyo a las personas afectadas\u201d, precis\u00f3 el comunicado compartido por la fiscal\u00eda.<\/p>\n<p><strong>Recomendamos leer:<a href=\"https:\/\/deultimominuto.net\/internacionales\/sheinbaum-afirma-que-la-cumbre\/\">Sheinbaum afirma que la cumbre UE-M\u00e9xico servir\u00e1 para \u00ababrir nuevas v\u00edas de intercambio\u00bb<\/a><\/strong><\/p>\n<h2 class=\"wp-block-heading\"><strong>El accidente en el pac\u00edfico de M\u00e9xico<\/strong><\/h2>\n<p>Por su parte, el Gobierno de Nayarit detall\u00f3 en un mensaje en redes sociales que el accidente ocurri\u00f3 a siete kil\u00f3metros de Amatl\u00e1n de Ca\u00f1as a la altura de la localidad de Pie de la Cuesta.<\/p>\n<p>\u201cEn coordinaci\u00f3n con autoridades del estado de Jalisco, Bomberos de Nayarit, Polic\u00eda Estatal, la Unidad de Drones (C\u00f3ndor), la Fiscal\u00eda General del Estado y Protecci\u00f3n Civil Municipal mantienen presencia en la zona, realizando labores de atenci\u00f3n, auxilio y aseguramiento del \u00e1rea\u201d, ahond\u00f3.<\/p>\n<p>El gobierno de Jalisco (oeste de\u00a0M\u00e9xico) inform\u00f3 que, en coordinaci\u00f3n con los servicios m\u00e9dicos de emergencias de Nayarit, atendi\u00f3 y traslad\u00f3 a 21 personas lesionadas de las cuales 20 fueron diagnosticadas con lesiones de urgencias relativas por diversos politraumatismos.<\/p>\n<h2 class=\"wp-block-heading\"><strong>Gobernadores se refieren al suceso<\/strong><\/h2>\n<p>Los param\u00e9dicos trasladaron tambi\u00e9n a un hombre de 38 a\u00f1os que presentaba contusi\u00f3n tor\u00e1cica y estaba en estado grave, a un hospital del Instituto Mexicano del Seguro Social en Tala, Jalisco, a unos 80 kil\u00f3metros del lugar del accidente.<\/p>\n<p>El gobernador de Jalisco, Pablo Lemus Navarro, dio a conocer en sus redes sociales que la entidad \u201casumir\u00e1 los costos funerarios y de traslado de las personas fallecidas as\u00ed como de la atenci\u00f3n m\u00e9dica de quienes resultaron heridos\u201d.<\/p>\n<p>Adem\u00e1s, se\u00f1al\u00f3 que mantiene comunicaci\u00f3n con el gobernador de Nayarit, Miguel \u00c1ngel Navarro, para coordinar los trabajos, as\u00ed como con las familias afectadas \u201cpara garantizar que no les falte nada en esta complicada situaci\u00f3n\u201d.<\/p>\n<p>Tambi\u00e9n, el gobernador de Nayarit, Miguel \u00c1ngel Navarro, lament\u00f3 el tr\u00e1gico accidente al tiempo que expres\u00f3 su p\u00e9same a familias de las v\u00edctimas.<\/p>\n<p>\u200bGuadalajara.- La Fiscal\u00eda General del Estado de Nayarit confirm\u00f3 este viernes la muerte de 11 personas y 31 heridos en el municipio de Amatl\u00e1n de Ca\u00f1as, fronterizo con Jalisco, tras la volcadura de un autob\u00fas tur\u00edstico de la l\u00ednea Transportation que proven\u00eda de la localidad de San Pedro Tlaquepaque y se dirig\u00eda a un centro\u00a0\u00a0Internacionales, M\u00e9xico\u00a0\u00a0<\/p>\n","protected":false},"excerpt":{"rendered":"<p>Guadalajara.- La Fiscal\u00eda General del Estado de Nayarit confirm\u00f3 este viernes la muerte de 11 personas y 31 heridos en el municipio de Amatl\u00e1n de Ca\u00f1as, fronterizo con Jalisco, tras la volcadura de un autob\u00fas tur\u00edstico de la l\u00ednea Transportation que proven\u00eda de la localidad de San Pedro Tlaquepaque y se dirig\u00eda a un centro [&hellip;]<\/p>\n","protected":false},"author":1,"featured_media":26998,"comment_status":"open","ping_status":"open","sticky":false,"template":"","format":"standard","meta":{"amp_status":"","footnotes":""},"categories":[3],"tags":[],"class_list":["post-26997","post","type-post","status-publish","format-standard","has-post-thumbnail","hentry","category-de-ultimo-minuto"],"_links":{"self":[{"href":"https:\/\/ermdigital.com\/index.php?rest_route=\/wp\/v2\/posts\/26997","targetHints":{"allow":["GET"]}}],"collection":[{"href":"https:\/\/ermdigital.com\/index.php?rest_route=\/wp\/v2\/posts"}],"about":[{"href":"https:\/\/ermdigital.com\/index.php?rest_route=\/wp\/v2\/types\/post"}],"author":[{"embeddable":true,"href":"https:\/\/ermdigital.com\/index.php?rest_route=\/wp\/v2\/users\/1"}],"replies":[{"embeddable":true,"href":"https:\/\/ermdigital.com\/index.php?rest_route=%2Fwp%2Fv2%2Fcomments&post=26997"}],"version-history":[{"count":0,"href":"https:\/\/ermdigital.com\/index.php?rest_route=\/wp\/v2\/posts\/26997\/revisions"}],"wp:featuredmedia":[{"embeddable":true,"href":"https:\/\/ermdigital.com\/index.php?rest_route=\/wp\/v2\/media\/26998"}],"wp:attachment":[{"href":"https:\/\/ermdigital.com\/index.php?rest_route=%2Fwp%2Fv2%2Fmedia&parent=26997"}],"wp:term":[{"taxonomy":"category","embeddable":true,"href":"https:\/\/ermdigital.com\/index.php?rest_route=%2Fwp%2Fv2%2Fcategories&post=26997"},{"taxonomy":"post_tag","embeddable":true,"href":"https:\/\/ermdigital.com\/index.php?rest_route=%2Fwp%2Fv2%2Ftags&post=26997"}],"curies":[{"name":"wp","href":"https:\/\/api.w.org\/{rel}","templated":true}]}}