{"id":26914,"date":"2026-05-01T16:22:35","date_gmt":"2026-05-01T20:22:35","guid":{"rendered":"https:\/\/ermdigital.com\/?p=26914"},"modified":"2026-05-01T16:22:35","modified_gmt":"2026-05-01T20:22:35","slug":"republica-dominicana-formaliza-contribucion-al-fondo-fiduciario-en-apoyo-a-la-fuerza-de-supresion-de-bandas-en-haiti","status":"publish","type":"post","link":"https:\/\/ermdigital.com\/?p=26914","title":{"rendered":"Rep\u00fablica Dominicana formaliza contribuci\u00f3n al Fondo Fiduciario en apoyo a la Fuerza de Supresi\u00f3n de Bandas en Hait\u00ed"},"content":{"rendered":"<p><span class=\"field field--name-title field--type-string field--label-hidden\">Rep\u00fablica Dominicana formaliza contribuci\u00f3n al Fondo Fiduciario en apoyo a la Fuerza de Supresi\u00f3n de Bandas en Hait\u00ed <\/span><br \/>\n<span class=\"field field--name-uid field--type-entity-reference field--label-hidden\"><span>rosahenriquez<\/span><\/span><br \/>\n<span class=\"field field--name-created field--type-created field--label-hidden\"><time datetime=\"2026-05-01T16:22:35-04:00\" title=\"Viernes, Mayo 1, 2026 - 16:22\" class=\"datetime\">1 de  Mayo 2026 | 16:22<\/time><br \/>\n<\/span><\/p>\n<div class=\"clearfix text-formatted field field--name-body field--type-text-with-summary field--label-hidden field__item\">\n<div class=\"OutlineElement Ltr SCXW55308371 BCX0\">\n<p class=\"text-align-justify\"><span class=\"TextRun SCXW55308371 BCX0 NormalTextRun\" lang=\"ES-DO\">Nueva <\/span><span class=\"TextRun SCXW55308371 BCX0 NormalTextRun ContextualSpellingAndGrammarErrorV2Themed\" lang=\"ES-DO\">York.-<\/span><span class=\"TextRun SCXW55308371 BCX0 NormalTextRun\" lang=\"ES-DO\"> El ministro de Relaciones Exteriores, <strong>Roberto \u00c1lvarez<\/strong>, hizo entrega personal al secretario general adjunto de las <strong>Naciones Unidas<\/strong> para el Apoyo Operacional, <\/span><span class=\"TextRun SCXW55308371 BCX0 NormalTextRun SpellingErrorV2Themed\" lang=\"ES-DO\"><strong>Atul<\/strong><\/span><span class=\"TextRun SCXW55308371 BCX0 NormalTextRun\" lang=\"ES-DO\"><strong> <\/strong><\/span><span class=\"TextRun SCXW55308371 BCX0 NormalTextRun SpellingErrorV2Themed\" lang=\"ES-DO\"><strong>Khare<\/strong><\/span><span class=\"TextRun SCXW55308371 BCX0 NormalTextRun\" lang=\"ES-DO\"><strong>,<\/strong> de la comunicaci\u00f3n oficial mediante la cual Rep\u00fablica Dominicana <strong>formaliza su contribuci\u00f3n<\/strong> al Fondo Fiduciario de las Naciones Unidas para el <strong>apoyo a la Fuerza de Supresi\u00f3n de Bandas <\/strong>(GSF, siglas en ingl\u00e9s) en Hait\u00ed.<\/span><span class=\"EOP SCXW55308371 BCX0\">\u00a0<\/span><\/p>\n<\/div>\n<div class=\"OutlineElement Ltr SCXW55308371 BCX0\">\n<p class=\"text-align-justify\"><span class=\"TextRun SCXW55308371 BCX0 NormalTextRun\" lang=\"ES-DO\">A trav\u00e9s de esta nota, el pa\u00eds notific\u00f3 el aporte de <strong>USD 10,000,000.00,<\/strong> a ser canalizados directamente al <strong>Fondo Fiduciario<\/strong> como contribuci\u00f3n para el 2026. Asimismo, la comunicaci\u00f3n reafirma la disposici\u00f3n de la Rep\u00fablica Dominicana de continuar respaldando estos esfuerzos, con el compromiso de realizar un <strong>aporte adicional<\/strong> de <strong>USD 10,000,000.00 en el a\u00f1o 2027<\/strong>.<\/span><span class=\"EOP SCXW55308371 BCX0\">\u00a0<\/span><\/p>\n<\/div>\n<div class=\"OutlineElement Ltr SCXW55308371 BCX0\">\n<p class=\"text-align-justify\"><span class=\"TextRun SCXW55308371 BCX0 NormalTextRun\" lang=\"ES-DO\">Durante el encuentro, el canciller \u00c1lvarez, acompa\u00f1ado del embajador <strong>Wellington Bencosme<\/strong>, representante permanente de la Rep\u00fablica Dominicana <strong>ante las Naciones Unidas,<\/strong> reiter\u00f3 la firme convicci\u00f3n del <strong>gobierno del presidente Luis <\/strong><\/span><span class=\"TextRun SCXW55308371 BCX0 NormalTextRun SpellingErrorV2Themed\" lang=\"ES-DO\"><strong>Abinader<\/strong><\/span><span class=\"TextRun SCXW55308371 BCX0 NormalTextRun\" lang=\"ES-DO\"> de acompa\u00f1ar de manera decidida los esfuerzos de la comunidad internacional en favor de la <strong>estabilidad, la seguridad y el desarrollo de Hait\u00ed<\/strong>, en el entendido de que la paz duradera en la naci\u00f3n vecina constituye una prioridad estrat\u00e9gica para la Rep\u00fablica Dominicana y para la regi\u00f3n en su conjunto.<\/span><span class=\"EOP SCXW55308371 BCX0\">\u00a0<\/span><\/p>\n<\/div>\n<p><img decoding=\"async\" src=\"https:\/\/www.presidencia.gob.do\/sites\/default\/files\/inline-images\/Dise%C3%B1o%20sin%20t%C3%ADtulo%20-%202026-05-01T000433.877.png\" data-entity-uuid=\"d5e659f0-b148-4ef1-a40b-cd5c9bc24e9d\" data-entity-type=\"file\" width=\"1300\" height=\"730\" loading=\"lazy\">\n<\/p>\n<div class=\"OutlineElement Ltr SCXW55308371 BCX0\">\n<p class=\"text-align-justify\"><span class=\"TextRun SCXW55308371 BCX0 NormalTextRun\" lang=\"ES-DO\">Por su parte, el secretario general adjunto, <\/span><span class=\"TextRun SCXW55308371 BCX0 NormalTextRun SpellingErrorV2Themed\" lang=\"ES-DO\"><strong>Atul<\/strong><\/span><span class=\"TextRun SCXW55308371 BCX0 NormalTextRun\" lang=\"ES-DO\"><strong> <\/strong><\/span><span class=\"TextRun SCXW55308371 BCX0 NormalTextRun SpellingErrorV2Themed\" lang=\"ES-DO\"><strong>Khare<\/strong><\/span><span class=\"TextRun SCXW55308371 BCX0 NormalTextRun\" lang=\"ES-DO\">, agradeci\u00f3 la <strong>solidaridad y el liderazgo<\/strong> demostrado por la Rep\u00fablica Dominicana, y destac\u00f3 el valor de contribuciones como esta para el <strong>funcionamiento efectivo<\/strong> del Fondo Fiduciario y, en \u00faltima instancia, para el cumplimiento del mandato confiado por el <strong>Consejo de Seguridad.<\/strong><\/span><span class=\"EOP SCXW55308371 BCX0\">\u00a0<\/span><\/p>\n<\/div>\n<div class=\"OutlineElement Ltr SCXW55308371 BCX0\">\n<p class=\"text-align-justify\"><span class=\"TextRun SCXW55308371 BCX0 NormalTextRun\" lang=\"ES-DO\">Con esta entrega, la Rep\u00fablica Dominicana formaliza ante las Naciones Unidas un compromiso que reafirma su <strong>tradicional vocaci\u00f3n multilateral<\/strong>, contribuyendo de manera <strong>concreta y verificable<\/strong> al fortalecimiento de los mecanismos internacionales <strong>de respuesta a la crisis de seguridad <\/strong>en la regi\u00f3n.<\/span><span class=\"EOP SCXW55308371 BCX0\">\u00a0<\/span><\/p>\n<\/div>\n<\/div>\n<div class=\"field field--name-field-image field--type-image field--label-hidden field__item\">  <img decoding=\"async\" loading=\"lazy\" src=\"https:\/\/www.presidencia.gob.do\/sites\/default\/files\/news\/2026-05\/Dise%C3%B1o%20sin%20t%C3%ADtulo%20-%202026-05-01T000410.844.png\" width=\"1300\" height=\"730\" alt=\"Mirex\"><\/p>\n<\/div>\n<p>\u00a0Rep\u00fablica Dominicana formaliza contribuci\u00f3n al Fondo Fiduciario en apoyo a la Fuerza de Supresi\u00f3n de Bandas en Hait\u00ed<br \/>\nrosahenriquez<br \/>\n1 de  Mayo 2026 | 16:22<\/p>\n<p>Nueva York.- El ministro de Relaciones Exteriores, Roberto \u00c1lvarez, hizo entrega personal al secretario general adjunto de las Naciones Unidas para el Apoyo Operacional, Atul Khare, de la comunicaci\u00f3n oficial mediante la cual Rep\u00fablica Dominicana formaliza su contribuci\u00f3n al Fondo Fiduciario de las Naciones Unidas para el apoyo a la Fuerza de Supresi\u00f3n de Bandas (GSF, siglas en ingl\u00e9s) en Hait\u00ed.\u00a0<\/p>\n<p>A trav\u00e9s de esta nota, el pa\u00eds notific\u00f3 el aporte de USD 10,000,000.00, a ser canalizados directamente al Fondo Fiduciario como contribuci\u00f3n para el 2026. Asimismo, la comunicaci\u00f3n reafirma la disposici\u00f3n de la Rep\u00fablica Dominicana de continuar respaldando estos esfuerzos, con el compromiso de realizar un aporte adicional de USD 10,000,000.00 en el a\u00f1o 2027.\u00a0<\/p>\n<p>Durante el encuentro, el canciller \u00c1lvarez, acompa\u00f1ado del embajador Wellington Bencosme, representante permanente de la Rep\u00fablica Dominicana ante las Naciones Unidas, reiter\u00f3 la firme convicci\u00f3n del gobierno del presidente Luis Abinader de acompa\u00f1ar de manera decidida los esfuerzos de la comunidad internacional en favor de la estabilidad, la seguridad y el desarrollo de Hait\u00ed, en el entendido de que la paz duradera en la naci\u00f3n vecina constituye una prioridad estrat\u00e9gica para la Rep\u00fablica Dominicana y para la regi\u00f3n en su conjunto.\u00a0<\/p>\n<p>Por su parte, el secretario general adjunto, Atul Khare, agradeci\u00f3 la solidaridad y el liderazgo demostrado por la Rep\u00fablica Dominicana, y destac\u00f3 el valor de contribuciones como esta para el funcionamiento efectivo del Fondo Fiduciario y, en \u00faltima instancia, para el cumplimiento del mandato confiado por el Consejo de Seguridad.\u00a0<\/p>\n<p>Con esta entrega, la Rep\u00fablica Dominicana formaliza ante las Naciones Unidas un compromiso que reafirma su tradicional vocaci\u00f3n multilateral, contribuyendo de manera concreta y verificable al fortalecimiento de los mecanismos internacionales de respuesta a la crisis de seguridad en la regi\u00f3n.\u00a0\u00a0\u00a0\u00a0<\/p>\n","protected":false},"excerpt":{"rendered":"<p>Rep\u00fablica Dominicana formaliza contribuci\u00f3n al Fondo Fiduciario en apoyo a la Fuerza de Supresi\u00f3n de Bandas en Hait\u00ed rosahenriquez 1 de Mayo 2026 | 16:22 Nueva York.- El ministro de Relaciones Exteriores, Roberto \u00c1lvarez, hizo entrega personal al secretario general adjunto de las Naciones Unidas para el Apoyo Operacional, Atul Khare, de la comunicaci\u00f3n oficial [&hellip;]<\/p>\n","protected":false},"author":1,"featured_media":26915,"comment_status":"open","ping_status":"open","sticky":false,"template":"","format":"standard","meta":{"amp_status":"","footnotes":""},"categories":[8],"tags":[],"class_list":["post-26914","post","type-post","status-publish","format-standard","has-post-thumbnail","hentry","category-republica"],"_links":{"self":[{"href":"https:\/\/ermdigital.com\/index.php?rest_route=\/wp\/v2\/posts\/26914","targetHints":{"allow":["GET"]}}],"collection":[{"href":"https:\/\/ermdigital.com\/index.php?rest_route=\/wp\/v2\/posts"}],"about":[{"href":"https:\/\/ermdigital.com\/index.php?rest_route=\/wp\/v2\/types\/post"}],"author":[{"embeddable":true,"href":"https:\/\/ermdigital.com\/index.php?rest_route=\/wp\/v2\/users\/1"}],"replies":[{"embeddable":true,"href":"https:\/\/ermdigital.com\/index.php?rest_route=%2Fwp%2Fv2%2Fcomments&post=26914"}],"version-history":[{"count":0,"href":"https:\/\/ermdigital.com\/index.php?rest_route=\/wp\/v2\/posts\/26914\/revisions"}],"wp:featuredmedia":[{"embeddable":true,"href":"https:\/\/ermdigital.com\/index.php?rest_route=\/wp\/v2\/media\/26915"}],"wp:attachment":[{"href":"https:\/\/ermdigital.com\/index.php?rest_route=%2Fwp%2Fv2%2Fmedia&parent=26914"}],"wp:term":[{"taxonomy":"category","embeddable":true,"href":"https:\/\/ermdigital.com\/index.php?rest_route=%2Fwp%2Fv2%2Fcategories&post=26914"},{"taxonomy":"post_tag","embeddable":true,"href":"https:\/\/ermdigital.com\/index.php?rest_route=%2Fwp%2Fv2%2Ftags&post=26914"}],"curies":[{"name":"wp","href":"https:\/\/api.w.org\/{rel}","templated":true}]}}