{"id":26912,"date":"2026-05-01T16:22:07","date_gmt":"2026-05-01T20:22:07","guid":{"rendered":"https:\/\/ermdigital.com\/?p=26912"},"modified":"2026-05-01T16:22:07","modified_gmt":"2026-05-01T20:22:07","slug":"las-patronales-seibanas-tienen-en-las-tardes-taurinas-su-principal-atractivo-cultural","status":"publish","type":"post","link":"https:\/\/ermdigital.com\/?p=26912","title":{"rendered":"Las patronales seibanas tienen en las tardes taurinas su principal atractivo cultural"},"content":{"rendered":"<p>&lt;![CDATA[<\/p>\n<p>Las <b>Fiestas Patronales de El Seibo<\/b>, en honor a la Sant\u00edsima Cruz, dan inicio este viernes 1 de mayo con una amplia agenda de actividades que se extender\u00e1n hasta el d\u00eda 10.<\/p>\n<p><a href=\"https:\/\/listindiario.com\/entretenimiento\/20260501\/tardes-taurinas-continuan-siendo-principal-atractivo-cultural-patronales-seibanas_904047.html\">wf_cms.rss.read_more<\/a><\/p>\n<p>]]&gt;<\/p>\n<p>\u200bLas tradicionales y concurridas corridas de toros tienen como escenario la Plaza Multiusos y Cultural de la provincia.\u00a0\u00a0Entretenimiento\u00a0<\/p>\n","protected":false},"excerpt":{"rendered":"<p>&lt;![CDATA[ Las Fiestas Patronales de El Seibo, en honor a la Sant\u00edsima Cruz, dan inicio este viernes 1 de mayo con una amplia agenda de actividades que se extender\u00e1n hasta el d\u00eda 10. wf_cms.rss.read_more ]]&gt; \u200bLas tradicionales y concurridas corridas de toros tienen como escenario la Plaza Multiusos y Cultural de la provincia.\u00a0\u00a0Entretenimiento\u00a0<\/p>\n","protected":false},"author":1,"featured_media":26913,"comment_status":"open","ping_status":"open","sticky":false,"template":"","format":"standard","meta":{"amp_status":"","footnotes":""},"categories":[9],"tags":[],"class_list":["post-26912","post","type-post","status-publish","format-standard","has-post-thumbnail","hentry","category-espectaculo"],"_links":{"self":[{"href":"https:\/\/ermdigital.com\/index.php?rest_route=\/wp\/v2\/posts\/26912","targetHints":{"allow":["GET"]}}],"collection":[{"href":"https:\/\/ermdigital.com\/index.php?rest_route=\/wp\/v2\/posts"}],"about":[{"href":"https:\/\/ermdigital.com\/index.php?rest_route=\/wp\/v2\/types\/post"}],"author":[{"embeddable":true,"href":"https:\/\/ermdigital.com\/index.php?rest_route=\/wp\/v2\/users\/1"}],"replies":[{"embeddable":true,"href":"https:\/\/ermdigital.com\/index.php?rest_route=%2Fwp%2Fv2%2Fcomments&post=26912"}],"version-history":[{"count":0,"href":"https:\/\/ermdigital.com\/index.php?rest_route=\/wp\/v2\/posts\/26912\/revisions"}],"wp:featuredmedia":[{"embeddable":true,"href":"https:\/\/ermdigital.com\/index.php?rest_route=\/wp\/v2\/media\/26913"}],"wp:attachment":[{"href":"https:\/\/ermdigital.com\/index.php?rest_route=%2Fwp%2Fv2%2Fmedia&parent=26912"}],"wp:term":[{"taxonomy":"category","embeddable":true,"href":"https:\/\/ermdigital.com\/index.php?rest_route=%2Fwp%2Fv2%2Fcategories&post=26912"},{"taxonomy":"post_tag","embeddable":true,"href":"https:\/\/ermdigital.com\/index.php?rest_route=%2Fwp%2Fv2%2Ftags&post=26912"}],"curies":[{"name":"wp","href":"https:\/\/api.w.org\/{rel}","templated":true}]}}