{"id":26904,"date":"2026-05-01T15:26:48","date_gmt":"2026-05-01T19:26:48","guid":{"rendered":"https:\/\/ermdigital.com\/?p=26904"},"modified":"2026-05-01T15:26:48","modified_gmt":"2026-05-01T19:26:48","slug":"superate-impacta-a-mas-de-62000-familias-con-subsidios-sociales-en-la-vega","status":"publish","type":"post","link":"https:\/\/ermdigital.com\/?p=26904","title":{"rendered":"Sup\u00e9rate impacta a m\u00e1s de 62,000 familias con subsidios sociales en La Vega"},"content":{"rendered":"<p><span class=\"field field--name-title field--type-string field--label-hidden\">Sup\u00e9rate impacta a m\u00e1s de 62,000 familias con subsidios sociales en La Vega <\/span><br \/>\n<span class=\"field field--name-uid field--type-entity-reference field--label-hidden\"><span>rosahenriquez<\/span><\/span><br \/>\n<span class=\"field field--name-created field--type-created field--label-hidden\"><time datetime=\"2026-05-01T15:26:48-04:00\" title=\"Viernes, Mayo 1, 2026 - 15:26\" class=\"datetime\">1 de  Mayo 2026 | 15:26<\/time><br \/>\n<\/span><\/p>\n<div class=\"clearfix text-formatted field field--name-body field--type-text-with-summary field--label-hidden field__item\">\n<div class=\"OutlineElement Ltr SCXW92920386 BCX0\">\n<p class=\"text-align-justify\"><span class=\"TextRun SCXW92920386 BCX0 NormalTextRun\" lang=\"ES-DO\">La <\/span><span class=\"TextRun SCXW92920386 BCX0 NormalTextRun ContextualSpellingAndGrammarErrorV2Themed\" lang=\"ES-DO\">Vega.-<\/span><span class=\"TextRun SCXW92920386 BCX0 NormalTextRun\" lang=\"ES-DO\"> <strong>La Direcci\u00f3n de Desarrollo Social Sup\u00e9rate<\/strong> se traslad\u00f3 este viernes a la provincia de <strong>La Vega<\/strong> para escuchar de cerca a las <strong>familias beneficiarias<\/strong> de los programas de protecci\u00f3n social ofrecidos a <strong>miles de hogares<\/strong> en esta demarcaci\u00f3n, con el objetivo de identificar <strong>avances y desaf\u00edos<\/strong> en el acceso a los subsidios y en el desarrollo de capacidades para la <strong>superaci\u00f3n de la pobreza.<\/strong><\/span><span class=\"EOP SCXW92920386 BCX0\">\u00a0<\/span><\/p>\n<\/div>\n<div class=\"OutlineElement Ltr SCXW92920386 BCX0\">\n<p class=\"text-align-justify\"><span class=\"TextRun SCXW92920386 BCX0 NormalTextRun\" lang=\"ES-DO\">Las acciones de protecci\u00f3n social de Sup\u00e9rate en esta provincia alcanzan a un total de <strong>62,345 familias<\/strong> de los municipios <strong>Concepci\u00f3n de La Vega, Constanza, Jarabacoa, <\/strong><\/span><span class=\"TextRun SCXW92920386 BCX0 NormalTextRun SpellingErrorV2Themed\" lang=\"ES-DO\"><strong>Jima<\/strong><\/span><span class=\"TextRun SCXW92920386 BCX0 NormalTextRun\" lang=\"ES-DO\"><strong> Abajo<\/strong> y la comunidad<strong> <\/strong><\/span><span class=\"TextRun SCXW92920386 BCX0 NormalTextRun SpellingErrorV2Themed\" lang=\"ES-DO\"><strong>Jima<\/strong><\/span><span class=\"TextRun SCXW92920386 BCX0 NormalTextRun\" lang=\"ES-DO\"><strong> Arriba<\/strong>, donde hogares en condiciones de vulnerabilidad reciben distintos subsidios que contribuyen a mejorar su calidad de vida y a fortalecer su bienestar <strong>econ\u00f3mico y social.<\/strong><\/span><span class=\"EOP SCXW92920386 BCX0\">\u00a0<\/span><\/p>\n<\/div>\n<div class=\"OutlineElement Ltr SCXW92920386 BCX0\">\n<p class=\"text-align-justify\"><span class=\"TextRun SCXW92920386 BCX0 NormalTextRun\" lang=\"ES-DO\">En un di\u00e1logo cercano con las familias beneficiarias, la directora general de Sup\u00e9rate, <strong>Mayra Jim\u00e9nez<\/strong>, expres\u00f3 que, en La Vega, el programa <strong>Alim\u00e9ntate<\/strong> impacta a <strong>61,496<\/strong> familias, siendo el de mayor cobertura; seguido de <strong>Bono Gas<\/strong>, con <strong>53,201<\/strong> hogares beneficiados, y <strong>Bono Luz<\/strong>, que alcanza a <strong>32,821<\/strong> familias.\u00a0 Asimismo, el subsidio <strong>Avanza <\/strong>beneficia a <strong>3,994<\/strong> hogares, mientras que <strong>Aprende<\/strong> llega a <strong>1,973<\/strong> familias.<\/span><span class=\"EOP SCXW92920386 BCX0\">\u00a0<\/span><\/p>\n<\/div>\n<p><img decoding=\"async\" src=\"https:\/\/www.presidencia.gob.do\/sites\/default\/files\/inline-images\/Dise%C3%B1o%20sin%20t%C3%ADtulo%20-%202026-04-30T230808.580.png\" data-entity-uuid=\"f482cf88-74a6-43d0-a5d6-421b2d16a046\" data-entity-type=\"file\" width=\"1300\" height=\"730\" loading=\"lazy\"><\/p>\n<div class=\"OutlineElement Ltr SCXW92920386 BCX0\">\n<p class=\"text-align-justify\"><span class=\"TextRun SCXW92920386 BCX0 NormalTextRun\" lang=\"ES-DO\">Por otro lado, Iniciativas dirigidas a poblaciones espec\u00edficas, como <strong>Sup\u00e9rate Mujer<\/strong> y el apoyo a familias con ni\u00f1as, ni\u00f1os y adolescentes contin\u00faan ampliando la cobertura social bajo un <strong>enfoque inclusivo<\/strong>. Actualmente, el <strong>Fondo de Discapacidad Sup\u00e9rate<\/strong> impacta a <strong>234 familias<\/strong> en esta demarcaci\u00f3n, agreg\u00f3 Jim\u00e9nez<\/span><span class=\"EOP SCXW92920386 BCX0\">\u00a0<\/span><\/p>\n<\/div>\n<div class=\"OutlineElement Ltr SCXW92920386 BCX0\">\n<p class=\"text-align-justify\"><em><span class=\"TextRun SCXW92920386 BCX0 NormalTextRun\" lang=\"ES-DO\">\u201cM\u00e1s all\u00e1 de los subsidios, la instituci\u00f3n trabaja de cerca con las familias en sus comunidades y hogares, brindando acompa\u00f1amiento sociofamiliar a trav\u00e9s de la escucha, la orientaci\u00f3n y visitas casa por casa, para garantizar su bienestar, el acceso a la educaci\u00f3n y la salud, y el ejercicio pleno de sus derechos\u201d,<\/span><\/em><span class=\"TextRun SCXW92920386 BCX0 NormalTextRun\" lang=\"ES-DO\"> se\u00f1al\u00f3 la directora general de Sup\u00e9rate.<\/span><span class=\"EOP SCXW92920386 BCX0\">\u00a0<\/span><\/p>\n<\/div>\n<div class=\"OutlineElement Ltr SCXW92920386 BCX0\">\n<p class=\"text-align-justify\"><span class=\"TextRun SCXW92920386 BCX0 NormalTextRun\" lang=\"ES-DO\">La jornada cont\u00f3 con la participaci\u00f3n de <strong>1,187 personas<\/strong>, donde las familias valoraron el impacto positivo de estos programas y <strong>expresaron inquietudes<\/strong> como la ampliaci\u00f3n de la cobertura y aumento en el monto de la tarjeta Sup\u00e9rate, as\u00ed como la extensi\u00f3n del acompa\u00f1amiento sociofamiliar a <strong>mayor n\u00famero de hogares.<\/strong><\/span><span class=\"EOP SCXW92920386 BCX0\">\u00a0<\/span><\/p>\n<\/div>\n<div class=\"OutlineElement Ltr SCXW92920386 BCX0\">\n<p><img decoding=\"async\" src=\"https:\/\/www.presidencia.gob.do\/sites\/default\/files\/inline-images\/Dise%C3%B1o%20sin%20t%C3%ADtulo%20%28100%29.png\" data-entity-uuid=\"50e6dead-4f53-4a23-82fb-f41d11d1dbf3\" data-entity-type=\"file\" width=\"1300\" height=\"730\" loading=\"lazy\"><\/p>\n<p class=\"text-align-justify\"><span class=\"TextRun SCXW92920386 BCX0 NormalTextRun\" lang=\"ES-DO\">El acto cont\u00f3 con la presencia del senador de la provincia de La Vega, <strong>Rogelio <\/strong><\/span><span class=\"TextRun SCXW92920386 BCX0 NormalTextRun SpellingErrorV2Themed\" lang=\"ES-DO\"><strong>Genao<\/strong><\/span><span class=\"TextRun SCXW92920386 BCX0 NormalTextRun\" lang=\"ES-DO\"><strong>,<\/strong> quien resalt\u00f3 el esfuerzo de Sup\u00e9rate, por acercarse a las comunidades y escuchar de manera directa a las familias beneficiarias, lo que refleja el enfoque de la <strong>pol\u00edtica social del presidente Luis <\/strong><\/span><span class=\"TextRun SCXW92920386 BCX0 NormalTextRun SpellingErrorV2Themed\" lang=\"ES-DO\"><strong>Abinader<\/strong><\/span><span class=\"TextRun SCXW92920386 BCX0 NormalTextRun\" lang=\"ES-DO\"><strong>,<\/strong> centrada en atender a quienes m\u00e1s lo necesitan.<\/span><span class=\"EOP SCXW92920386 BCX0\">\u00a0<\/span><\/p>\n<\/div>\n<div class=\"OutlineElement Ltr SCXW92920386 BCX0\">\n<p class=\"text-align-justify\"><span class=\"TextRun SCXW92920386 BCX0 NormalTextRun\" lang=\"ES-DO\">En tanto, la directora de la Regional de Cibao Sur de Sup\u00e9rate, <strong>Aracelis P\u00e9rez<\/strong>, expres\u00f3 que <\/span><em><span class=\"TextRun SCXW92920386 BCX0 NormalTextRun\" lang=\"ES-DO\">\u201ceste encuentro se concibe como un espacio de escucha activa, orientado a conocer de primera mano las experiencias, avances y desaf\u00edos de las comunidades, as\u00ed como las oportunidades que se pueden seguir construyendo de manera conjunta\u201d.<\/span><\/em><span class=\"EOP SCXW92920386 BCX0\">\u00a0<\/span><\/p>\n<\/div>\n<div class=\"OutlineElement Ltr SCXW92920386 BCX0\">\n<p class=\"text-align-justify\"><span class=\"TextRun SCXW92920386 BCX0 NormalTextRun\" lang=\"ES-DO\">La jornada tuvo lugar en el multiuso del centro de la Universidad Aut\u00f3noma de Santo Domingo (UASD), La vega, al que asistieron la diputada <strong>Carolin Mercedes<\/strong>; la alcaldesa del municipio de Concepci\u00f3n, <strong>Amparo Custodio<\/strong>; el alcalde del distrito municipal El Rinc\u00f3n, <strong>Enmanuel Ram\u00edrez<\/strong>; el director del centro UASD, en La Vega, <strong>Cristian Gonz\u00e1lez<\/strong>; el gerente regional del Seguro Nacional de Salud (<\/span><span class=\"TextRun SCXW92920386 BCX0 NormalTextRun SpellingErrorV2Themed\" lang=\"ES-DO\">SeNaSa<\/span><span class=\"TextRun SCXW92920386 BCX0 NormalTextRun\" lang=\"ES-DO\">), <strong>Iv\u00e1n C\u00e1rdenas<\/strong>; las regidoras <strong>Luz del Alba y <\/strong><\/span><span class=\"TextRun SCXW92920386 BCX0 NormalTextRun SpellingErrorV2Themed\" lang=\"ES-DO\"><strong>Clari<\/strong><\/span><span class=\"TextRun SCXW92920386 BCX0 NormalTextRun\" lang=\"ES-DO\"><strong> \u00c1ngeles,<\/strong> y autoridades locales.<\/span><span class=\"EOP SCXW92920386 BCX0\">\u00a0<\/span><\/p>\n<\/div>\n<\/div>\n<div class=\"field field--name-field-image field--type-image field--label-hidden field__item\">  <img decoding=\"async\" loading=\"lazy\" src=\"https:\/\/www.presidencia.gob.do\/sites\/default\/files\/news\/2026-05\/Dise%C3%B1o%20sin%20t%C3%ADtulo%20-%202026-04-30T230830.651.png\" width=\"1300\" height=\"730\" alt=\"Sup\u00e9rate\"><\/p>\n<\/div>\n<p>\u00a0Sup\u00e9rate impacta a m\u00e1s de 62,000 familias con subsidios sociales en La Vega<br \/>\nrosahenriquez<br \/>\n1 de  Mayo 2026 | 15:26<\/p>\n<p>La Vega.- La Direcci\u00f3n de Desarrollo Social Sup\u00e9rate se traslad\u00f3 este viernes a la provincia de La Vega para escuchar de cerca a las familias beneficiarias de los programas de protecci\u00f3n social ofrecidos a miles de hogares en esta demarcaci\u00f3n, con el objetivo de identificar avances y desaf\u00edos en el acceso a los subsidios y en el desarrollo de capacidades para la superaci\u00f3n de la pobreza.\u00a0<\/p>\n<p>Las acciones de protecci\u00f3n social de Sup\u00e9rate en esta provincia alcanzan a un total de 62,345 familias de los municipios Concepci\u00f3n de La Vega, Constanza, Jarabacoa, Jima Abajo y la comunidad Jima Arriba, donde hogares en condiciones de vulnerabilidad reciben distintos subsidios que contribuyen a mejorar su calidad de vida y a fortalecer su bienestar econ\u00f3mico y social.\u00a0<\/p>\n<p>En un di\u00e1logo cercano con las familias beneficiarias, la directora general de Sup\u00e9rate, Mayra Jim\u00e9nez, expres\u00f3 que, en La Vega, el programa Alim\u00e9ntate impacta a 61,496 familias, siendo el de mayor cobertura; seguido de Bono Gas, con 53,201 hogares beneficiados, y Bono Luz, que alcanza a 32,821 familias.\u00a0 Asimismo, el subsidio Avanza beneficia a 3,994 hogares, mientras que Aprende llega a 1,973 familias.\u00a0<\/p>\n<p>Por otro lado, Iniciativas dirigidas a poblaciones espec\u00edficas, como Sup\u00e9rate Mujer y el apoyo a familias con ni\u00f1as, ni\u00f1os y adolescentes contin\u00faan ampliando la cobertura social bajo un enfoque inclusivo. Actualmente, el Fondo de Discapacidad Sup\u00e9rate impacta a 234 familias en esta demarcaci\u00f3n, agreg\u00f3 Jim\u00e9nez\u00a0<\/p>\n<p>\u201cM\u00e1s all\u00e1 de los subsidios, la instituci\u00f3n trabaja de cerca con las familias en sus comunidades y hogares, brindando acompa\u00f1amiento sociofamiliar a trav\u00e9s de la escucha, la orientaci\u00f3n y visitas casa por casa, para garantizar su bienestar, el acceso a la educaci\u00f3n y la salud, y el ejercicio pleno de sus derechos\u201d, se\u00f1al\u00f3 la directora general de Sup\u00e9rate.\u00a0<\/p>\n<p>La jornada cont\u00f3 con la participaci\u00f3n de 1,187 personas, donde las familias valoraron el impacto positivo de estos programas y expresaron inquietudes como la ampliaci\u00f3n de la cobertura y aumento en el monto de la tarjeta Sup\u00e9rate, as\u00ed como la extensi\u00f3n del acompa\u00f1amiento sociofamiliar a mayor n\u00famero de hogares.\u00a0<\/p>\n<p>El acto cont\u00f3 con la presencia del senador de la provincia de La Vega, Rogelio Genao, quien resalt\u00f3 el esfuerzo de Sup\u00e9rate, por acercarse a las comunidades y escuchar de manera directa a las familias beneficiarias, lo que refleja el enfoque de la pol\u00edtica social del presidente Luis Abinader, centrada en atender a quienes m\u00e1s lo necesitan.\u00a0<\/p>\n<p>En tanto, la directora de la Regional de Cibao Sur de Sup\u00e9rate, Aracelis P\u00e9rez, expres\u00f3 que \u201ceste encuentro se concibe como un espacio de escucha activa, orientado a conocer de primera mano las experiencias, avances y desaf\u00edos de las comunidades, as\u00ed como las oportunidades que se pueden seguir construyendo de manera conjunta\u201d.\u00a0<\/p>\n<p>La jornada tuvo lugar en el multiuso del centro de la Universidad Aut\u00f3noma de Santo Domingo (UASD), La vega, al que asistieron la diputada Carolin Mercedes; la alcaldesa del municipio de Concepci\u00f3n, Amparo Custodio; el alcalde del distrito municipal El Rinc\u00f3n, Enmanuel Ram\u00edrez; el director del centro UASD, en La Vega, Cristian Gonz\u00e1lez; el gerente regional del Seguro Nacional de Salud (SeNaSa), Iv\u00e1n C\u00e1rdenas; las regidoras Luz del Alba y Clari \u00c1ngeles, y autoridades locales.\u00a0\u00a0\u00a0\u00a0<\/p>\n","protected":false},"excerpt":{"rendered":"<p>Sup\u00e9rate impacta a m\u00e1s de 62,000 familias con subsidios sociales en La Vega rosahenriquez 1 de Mayo 2026 | 15:26 La Vega.- La Direcci\u00f3n de Desarrollo Social Sup\u00e9rate se traslad\u00f3 este viernes a la provincia de La Vega para escuchar de cerca a las familias beneficiarias de los programas de protecci\u00f3n social ofrecidos a miles [&hellip;]<\/p>\n","protected":false},"author":1,"featured_media":26905,"comment_status":"open","ping_status":"open","sticky":false,"template":"","format":"standard","meta":{"amp_status":"","footnotes":""},"categories":[8],"tags":[],"class_list":["post-26904","post","type-post","status-publish","format-standard","has-post-thumbnail","hentry","category-republica"],"_links":{"self":[{"href":"https:\/\/ermdigital.com\/index.php?rest_route=\/wp\/v2\/posts\/26904","targetHints":{"allow":["GET"]}}],"collection":[{"href":"https:\/\/ermdigital.com\/index.php?rest_route=\/wp\/v2\/posts"}],"about":[{"href":"https:\/\/ermdigital.com\/index.php?rest_route=\/wp\/v2\/types\/post"}],"author":[{"embeddable":true,"href":"https:\/\/ermdigital.com\/index.php?rest_route=\/wp\/v2\/users\/1"}],"replies":[{"embeddable":true,"href":"https:\/\/ermdigital.com\/index.php?rest_route=%2Fwp%2Fv2%2Fcomments&post=26904"}],"version-history":[{"count":0,"href":"https:\/\/ermdigital.com\/index.php?rest_route=\/wp\/v2\/posts\/26904\/revisions"}],"wp:featuredmedia":[{"embeddable":true,"href":"https:\/\/ermdigital.com\/index.php?rest_route=\/wp\/v2\/media\/26905"}],"wp:attachment":[{"href":"https:\/\/ermdigital.com\/index.php?rest_route=%2Fwp%2Fv2%2Fmedia&parent=26904"}],"wp:term":[{"taxonomy":"category","embeddable":true,"href":"https:\/\/ermdigital.com\/index.php?rest_route=%2Fwp%2Fv2%2Fcategories&post=26904"},{"taxonomy":"post_tag","embeddable":true,"href":"https:\/\/ermdigital.com\/index.php?rest_route=%2Fwp%2Fv2%2Ftags&post=26904"}],"curies":[{"name":"wp","href":"https:\/\/api.w.org\/{rel}","templated":true}]}}