{"id":26853,"date":"2026-05-01T09:01:44","date_gmt":"2026-05-01T13:01:44","guid":{"rendered":"https:\/\/ermdigital.com\/?p=26853"},"modified":"2026-05-01T09:01:44","modified_gmt":"2026-05-01T13:01:44","slug":"extension-de-los-nacidos-en-abril-no-afecta-proceso-de-adquisicion-de-nueva-cedula-a-los-de-mayo","status":"publish","type":"post","link":"https:\/\/ermdigital.com\/?p=26853","title":{"rendered":"Extensi\u00f3n de los nacidos en abril no afecta proceso de adquisici\u00f3n de nueva c\u00e9dula a los de mayo\u00a0"},"content":{"rendered":"<p>La Junta Central Electoral (JCE) anunci\u00f3 que <b>extender\u00e1 el plazo a los nacidos en el mes de abril<\/b> para  adquirir la nueva c\u00e9dula de identidad y electoral.<\/p>\n<p><a href=\"https:\/\/listindiario.com\/la-republica\/20260501\/extension-nacidos-en-mayo-proceso-cedulacion-nacidos-abril_904009.html\">wf_cms.rss.read_more<\/a><\/p>\n<p>]]&gt;\u00a0Los nacidos en abril tienen hasta el 11 de este mes de mayo para adquirir la nueva c\u00e9dula. Sin embargo, esto no afecta a las personas que nacieron en este mes, ya que pueden acudir a uno de los 193 centros, en los horarios establecidos a obtener el documento.\u00a0\u00a0\u00a0<\/p>\n<p id=\"m22320-22319-22321\">La Junta Central Electoral (JCE) anunci\u00f3 que <b>extender\u00e1 el plazo a los nacidos en el mes de abril<\/b> para  adquirir la nueva c\u00e9dula de identidad y electoral.<\/p>\n<p id=\"m22325-22324-22326\">La medida se tom\u00f3 debido a que los nacidos el mes pasado iniciaron el proceso el d\u00eda 12, por lo que <b>no agotaron un mes completo en la obtenci\u00f3n de su nuevo documento.<\/b><\/p>\n<p id=\"m22330-22329-22331\">Los nacidos en abril tienen <b>hasta el 11 de este mes de mayo para adquirir la nueva c\u00e9dula.<\/b> Sin embargo, esto <b>no afecta a las personas que nacieron en este mes<\/b>, ya que pueden acudir a uno de los 193 centros, en los horarios establecidos a obtener el documento.<\/p>\n<p id=\"m22335-22334-22336\">La JCE recuerda que la adquisici\u00f3n de la c\u00e9dula no se realiza por el d\u00eda de cumplea\u00f1os, m\u00e1s bien por el mes. <b>A los nacidos en mayo les corresponde desde este viernes primero hasta el domingo 31.<\/b><\/p>\n<p id=\"m22340-22339-22341\">Para este mes de mayo, el \u00f3rgano electoral ha anunciado que iniciar\u00e1 <b>el proceso de cedulaci\u00f3n para los dominicanos en el exterior<\/b>. Hasta el momento no se ha informado la fecha establecida, pero el proceso ser\u00e1 por citas y sin necesidad de acudir a los centros en el mes de cumplea\u00f1os.<\/p>\n<p id=\"m22345-22344-22346\">En 152 centros, se expide el documento de lunes a viernes, <b>de 8:00 de la ma\u00f1ana a 7:00 de la noche.<\/b> S\u00e1bados, domingos y d\u00edas feriados de 8:00 de la ma\u00f1ana a 5:00 de la tarde.<\/p>\n<p id=\"m22350-22349-22351\">En 32 centros a nivel nacional, en especial en \u201caquellos municipios cabeceras\u201d, se estar\u00e1 realizando el proceso de entrega d<b>e 8:00 de la ma\u00f1ana a 9:00 de la noche.<\/b><\/p>\n<p id=\"m22355-22354-22356\">Y en ocho centros a nivel nacional la entrega ser\u00e1 durante las 24 horas del d\u00eda. De 7:00 de la ma\u00f1ana a 11:00 de la noche, para aquellos que acudan por su mes de cumplea\u00f1os, y de<b> 11:00 de la noche a 7:00 de la ma\u00f1ana,<\/b> para los ciudadanos que hagan una cita a trav\u00e9s de la p\u00e1gina <a href=\"https:\/\/citas.jce.gob.do\/\" rel=\"nofollow noreferrer\" title=\"https:\/\/citas.jce.gob.do\/\"><b>https:\/\/citas.jce.gob.do<\/b><\/a> y quieran el documento fuera del mes de cumplea\u00f1os.<\/p>\n<p id=\"m22360-22359-22361\">Los centros en que se entregar\u00e1 el documento de identidad durante 24 horas son las oficinas de la Junta Central Electoral ubicadas en <b>La Feria, Las Am\u00e9ricas, Herrera<\/b>, San Crist\u00f3bal, La Vega, Santiago, La Romana y San Crist\u00f3bal.<\/p>\n<aside class=\"c-detail-box c-detail__group\" id=\"m22365-22364-22366\">\n<ul class=\"c-detail__group__list\">\n<li class=\"c-detail__group__item\" id=\"m22422-22421-22423\">\n<figure class=\"c-detail__group__item__thumb image-container\"><img loading=\"lazy\" decoding=\"async\" width=\"110\" height=\"110\" alt=\"As\u00ed ser\u00e1 la nueva c\u00e9dula de identidad presentada este jueves por la Junta Central Electoral.\" src=\"https:\/\/listindiario.com\/files\/image_110_110\/files\/fp\/uploads\/2025\/12\/18\/69443d6ed5581.r_d.690-401.png\" data-full-src=\"https:\/\/listindiario.com\/uploads\/2025\/12\/18\/69443d6ed5581.png\" \/><\/figure>\n<\/p>\n<h3 class=\"c-detail__group__item__title\">\n                <a id=\"m22462-22461-22463\" href=\"https:\/\/listindiario.com\/la-republica\/20260429\/maquillada-sacar-mi-nueva-cedula_903723.html\">\u00bfPuedo ir maquillada a sacar mi nueva c\u00e9dula?<\/a><\/h3>\n<\/li>\n<li class=\"c-detail__group__item\" id=\"m22442-22441-22443\">\n<figure class=\"c-detail__group__item__thumb image-container\"><img loading=\"lazy\" decoding=\"async\" width=\"110\" height=\"110\" alt=\"Las citas son para personas que acudan a plazas comerciales y los 8 centros en horarios de madrugada.\" src=\"https:\/\/listindiario.com\/files\/image_110_110\/uploads\/2026\/04\/09\/69d78ab112e6b.png\" data-full-src=\"https:\/\/listindiario.com\/uploads\/2026\/04\/09\/69d78ab112e6b.png\" \/><\/figure>\n<\/p>\n<h3 class=\"c-detail__group__item__title\">\n                <a id=\"m22479-22478-22480\" href=\"https:\/\/listindiario.com\/la-republica\/20260409\/jce-pagina-citas-nueva-cedula_901088.html\">JCE habilita p\u00e1gina de citas para solicitar nueva c\u00e9dula<\/a><\/h3>\n<\/li>\n<\/ul>\n<p class=\"c-detail__group__title\">Lea tambi\u00e9n<\/p>\n<\/aside>\n<p>\u00a0<\/p>\n","protected":false},"excerpt":{"rendered":"<p>La Junta Central Electoral (JCE) anunci\u00f3 que extender\u00e1 el plazo a los nacidos en el mes de abril para adquirir la nueva c\u00e9dula de identidad y electoral. wf_cms.rss.read_more ]]&gt;\u00a0Los nacidos en abril tienen hasta el 11 de este mes de mayo para adquirir la nueva c\u00e9dula. Sin embargo, esto no afecta a las personas que [&hellip;]<\/p>\n","protected":false},"author":1,"featured_media":26785,"comment_status":"open","ping_status":"open","sticky":false,"template":"","format":"standard","meta":{"amp_status":"","footnotes":""},"categories":[5],"tags":[],"class_list":["post-26853","post","type-post","status-publish","format-standard","has-post-thumbnail","hentry","category-politica"],"_links":{"self":[{"href":"https:\/\/ermdigital.com\/index.php?rest_route=\/wp\/v2\/posts\/26853","targetHints":{"allow":["GET"]}}],"collection":[{"href":"https:\/\/ermdigital.com\/index.php?rest_route=\/wp\/v2\/posts"}],"about":[{"href":"https:\/\/ermdigital.com\/index.php?rest_route=\/wp\/v2\/types\/post"}],"author":[{"embeddable":true,"href":"https:\/\/ermdigital.com\/index.php?rest_route=\/wp\/v2\/users\/1"}],"replies":[{"embeddable":true,"href":"https:\/\/ermdigital.com\/index.php?rest_route=%2Fwp%2Fv2%2Fcomments&post=26853"}],"version-history":[{"count":0,"href":"https:\/\/ermdigital.com\/index.php?rest_route=\/wp\/v2\/posts\/26853\/revisions"}],"wp:featuredmedia":[{"embeddable":true,"href":"https:\/\/ermdigital.com\/index.php?rest_route=\/wp\/v2\/media\/26785"}],"wp:attachment":[{"href":"https:\/\/ermdigital.com\/index.php?rest_route=%2Fwp%2Fv2%2Fmedia&parent=26853"}],"wp:term":[{"taxonomy":"category","embeddable":true,"href":"https:\/\/ermdigital.com\/index.php?rest_route=%2Fwp%2Fv2%2Fcategories&post=26853"},{"taxonomy":"post_tag","embeddable":true,"href":"https:\/\/ermdigital.com\/index.php?rest_route=%2Fwp%2Fv2%2Ftags&post=26853"}],"curies":[{"name":"wp","href":"https:\/\/api.w.org\/{rel}","templated":true}]}}