{"id":26851,"date":"2026-05-01T10:43:33","date_gmt":"2026-05-01T14:43:33","guid":{"rendered":"https:\/\/ermdigital.com\/?p=26851"},"modified":"2026-05-01T10:43:33","modified_gmt":"2026-05-01T14:43:33","slug":"juez-raymundo-mejia-retoma-conocimiento-audiencia-preliminar-en-caso-jet-set","status":"publish","type":"post","link":"https:\/\/ermdigital.com\/?p=26851","title":{"rendered":"Juez Raymundo Mej\u00eda retoma conocimiento audiencia preliminar en caso Jet Set\u00a0"},"content":{"rendered":"<p>El juez del Primer Juzgado de la Instrucci\u00f3n del Distrito Nacional, retom\u00f3 la continuaci\u00f3n del <b>juicio preliminar<\/b> que se sigue en contra de los propietarios de la discoteca Jet Set, <b>Antonio y Maribel Espaillat<\/b>.<\/p>\n<p><a href=\"https:\/\/listindiario.com\/la-republica\/justicia\/20260501\/juez-raymundo-mejia-retoma-conocimiento-audiencia-preliminar-caso-jet-set_904022.html\">wf_cms.rss.read_more<\/a><\/p>\n<p>]]&gt;\u00a0Inform\u00f3 se dar\u00e1 el espacio para que los acusados Antonio y Maribel, en caso de que as\u00ed lo decidan, ofrezcan sus declaraciones de manera voluntaria ante el tribunal.\u00a0\u00a0\u00a0<\/p>\n<p id=\"m23172-23171-23173\">El juez del Primer Juzgado de la Instrucci\u00f3n del Distrito Nacional, retom\u00f3 la continuaci\u00f3n del <b>juicio preliminar<\/b> que se sigue en contra de los propietarios de la discoteca Jet Set, <b>Antonio y Maribel Espaillat<\/b>.<\/p>\n<p id=\"m23177-23176-23178\">El magistrado <b>Raymundo Mej\u00eda<\/b>, inici\u00f3 el proceso d\u00e1ndole la oportunidad a la defensa de Antonio y Maribel Espaillat, de presentar <b>argumentos t\u00e9cnicos<\/b>, refutar las pruebas del Ministerio P\u00fablico y presentar sus conclusiones formales.<\/p>\n<p id=\"m23182-23181-23183\">Asimismo, inform\u00f3 se dar\u00e1 el espacio para que los acusados <b>Antonio y Maribel<\/b>, en caso de que as\u00ed lo decidan, ofrezcan sus declaraciones de <b>manera voluntaria ante el tribunal<\/b>.<\/p>\n<p id=\"m23187-23186-23188\">Empero, previo, dio la oportunidad a los abogados de querellantes y v\u00edctimas, que no comparecieron en la audiencia anterior para que <b>presentaran sus conclusiones<\/b> y algunas palabras finales de las v\u00edctimas.<\/p>\n<p id=\"m23192-23191-23193\">El magistrado aclar\u00f3 que, dada la <b>fase avanzada de la instrucci\u00f3n<\/b>, no proceden nuevos aplazamientos para estudio de las partes.<\/p>\n<p id=\"m23197-23196-23198\">El tribunal ha adoptado la modalidad de <b>recesos cortos<\/b> debido a lo avanzado de las horas y la continuidad de las jornadas de trabajo.<\/p>\n<h3 class=\"c-detail__destacado\">Seguridad y Rechazo a la Violencia<\/h3>\n<p id=\"m23202-23201-23203\">El juez sostuvo que sobre el reforzamiento del per\u00edmetro de seguridad en el <b>Palacio de Justicia<\/b>. Esta medida responde a incidentes previos de agresi\u00f3n que el tribunal conden\u00f3 en\u00e9rgicamente.<\/p>\n<p id=\"m23207-23206-23208\">\"No se puede permitir que se agreda de ninguna manera a <b>ninguna de las partes<\/b>, ni a <b>querellantes ni a imputados<\/b>. Condenamos cualquier tipo de agresi\u00f3n y hemos pedido la colaboraci\u00f3n de los abogados para mantener el orden\", enfatiz\u00f3 el juez.<\/p>\n<h3 class=\"c-detail__destacado\">Cronolog\u00eda de las Audiencias<\/h3>\n<p id=\"m23212-23211-23213\">6 de abril: <b>Apertura de la audiencia<\/b> donde el <b>Ministerio P\u00fablico<\/b> present\u00f3 formalmente su acto conclusivo, solicitando la admisi\u00f3n de la totalidad de las pruebas y la apertura a juicio de los encartados.<\/p>\n<p id=\"m23217-23216-23218\">20 de abril: En una jornada sin precedentes, el tribunal escuch\u00f3 las intervenciones de aproximadamente <b>60 abogados<\/b>.<\/p>\n<p id=\"m23222-23221-23223\">27 de abril: Concluyeron las presentaciones de los <b>abogados querellantes<\/b> y se otorg\u00f3 el espacio para que las v\u00edctimas ofrecieran sus testimonios ante el tribunal.\u00a0<\/p>\n<aside class=\"c-detail-box c-detail__group\" id=\"m23227-23226-23228\">\n<ul class=\"c-detail__group__list\">\n<li class=\"c-detail__group__item\" id=\"m23289-23288-23290\">\n<figure class=\"c-detail__group__item__thumb image-container\"><img loading=\"lazy\" decoding=\"async\" width=\"110\" height=\"110\" alt=\"Deyanira Sosa, madre de la fallecida Merissa Yismel Tejeda Sosa.\" src=\"https:\/\/listindiario.com\/files\/image_110_110\/uploads\/2026\/04\/27\/69efea5bb828e.jpeg\" data-full-src=\"https:\/\/listindiario.com\/uploads\/2026\/04\/27\/69efea5bb828e.jpeg\" \/><\/figure>\n<\/p>\n<h3 class=\"c-detail__group__item__title\">\n                <a id=\"m23309-23308-23310\" href=\"https:\/\/listindiario.com\/la-republica\/justicia\/20260427\/clamor-justicia-cambio-tipificacion-penal-pedimentos-victimas-jet-set-juez_903504.html\">Clamor de justicia y cambio de tipificaci\u00f3n penal: Los pedidos de las v\u00edctimas del Jet Set al juez<\/a><\/h3>\n<\/li>\n<\/ul>\n<p class=\"c-detail__group__title\">Lea tambi\u00e9n<\/p>\n<\/aside>\n<aside class=\"c-detail-box c-detail__group\" id=\"m23232-23231-23233\">\n<ul class=\"c-detail__group__list\">\n<li class=\"c-detail__group__item\" id=\"m23326-23325-23327\">\n<figure class=\"c-detail__group__item__thumb image-container\"><img loading=\"lazy\" decoding=\"async\" width=\"110\" height=\"110\" alt=\"El juez Raymundo Mej\u00eda que lleva el caso del Jet Set en contra de los hermanos Espiallat, propietarios de la discoteca colapsada el 8 de abril de 2025.\" src=\"https:\/\/listindiario.com\/files\/image_110_110\/files\/fp\/uploads\/2026\/04\/06\/69d3c8d23a990.r_d.229-466.png\" data-full-src=\"https:\/\/listindiario.com\/uploads\/2026\/04\/06\/69d3c8d23a990.png\" \/><\/figure>\n<\/p>\n<h3 class=\"c-detail__group__item__title\">\n                <a id=\"m23346-23345-23347\" href=\"https:\/\/listindiario.com\/videos\/20260427\/juez-explica-error-cometio-ministerio-publico-peritaje-caso-jet-set_903508.html\">Juez explica cual fue el error que cometi\u00f3 el Ministerio P\u00fablico durante peritaje del caso Jet Set<\/a><\/h3>\n<\/li>\n<\/ul>\n<p class=\"c-detail__group__title\">Lea tambi\u00e9n<\/p>\n<\/aside>\n<p>\u00a0<\/p>\n","protected":false},"excerpt":{"rendered":"<p>El juez del Primer Juzgado de la Instrucci\u00f3n del Distrito Nacional, retom\u00f3 la continuaci\u00f3n del juicio preliminar que se sigue en contra de los propietarios de la discoteca Jet Set, Antonio y Maribel Espaillat. wf_cms.rss.read_more ]]&gt;\u00a0Inform\u00f3 se dar\u00e1 el espacio para que los acusados Antonio y Maribel, en caso de que as\u00ed lo decidan, ofrezcan [&hellip;]<\/p>\n","protected":false},"author":1,"featured_media":26805,"comment_status":"open","ping_status":"open","sticky":false,"template":"","format":"standard","meta":{"amp_status":"","footnotes":""},"categories":[5],"tags":[],"class_list":["post-26851","post","type-post","status-publish","format-standard","has-post-thumbnail","hentry","category-politica"],"_links":{"self":[{"href":"https:\/\/ermdigital.com\/index.php?rest_route=\/wp\/v2\/posts\/26851","targetHints":{"allow":["GET"]}}],"collection":[{"href":"https:\/\/ermdigital.com\/index.php?rest_route=\/wp\/v2\/posts"}],"about":[{"href":"https:\/\/ermdigital.com\/index.php?rest_route=\/wp\/v2\/types\/post"}],"author":[{"embeddable":true,"href":"https:\/\/ermdigital.com\/index.php?rest_route=\/wp\/v2\/users\/1"}],"replies":[{"embeddable":true,"href":"https:\/\/ermdigital.com\/index.php?rest_route=%2Fwp%2Fv2%2Fcomments&post=26851"}],"version-history":[{"count":0,"href":"https:\/\/ermdigital.com\/index.php?rest_route=\/wp\/v2\/posts\/26851\/revisions"}],"wp:featuredmedia":[{"embeddable":true,"href":"https:\/\/ermdigital.com\/index.php?rest_route=\/wp\/v2\/media\/26805"}],"wp:attachment":[{"href":"https:\/\/ermdigital.com\/index.php?rest_route=%2Fwp%2Fv2%2Fmedia&parent=26851"}],"wp:term":[{"taxonomy":"category","embeddable":true,"href":"https:\/\/ermdigital.com\/index.php?rest_route=%2Fwp%2Fv2%2Fcategories&post=26851"},{"taxonomy":"post_tag","embeddable":true,"href":"https:\/\/ermdigital.com\/index.php?rest_route=%2Fwp%2Fv2%2Ftags&post=26851"}],"curies":[{"name":"wp","href":"https:\/\/api.w.org\/{rel}","templated":true}]}}