{"id":26741,"date":"2026-04-30T22:21:44","date_gmt":"2026-05-01T02:21:44","guid":{"rendered":"https:\/\/ermdigital.com\/?p=26741"},"modified":"2026-04-30T22:21:44","modified_gmt":"2026-05-01T02:21:44","slug":"inefi-y-miderec-rescatan-club-de-boxeo-y-cultural-samuel-santana","status":"publish","type":"post","link":"https:\/\/ermdigital.com\/inefi-y-miderec-rescatan-club-de-boxeo-y-cultural-samuel-santana\/","title":{"rendered":"Inefi y Miderec rescatan club de boxeo y Cultural Samuel Santana"},"content":{"rendered":"<p>\u00a0\u00a0<\/p>\n<p>El Instituto Nacional de Educaci\u00f3n F\u00edsica (<strong>Inefi<\/strong>) y el Ministerio de Deportes y Recreaci\u00f3n (<strong>Miderec<\/strong>) unieron esfuerzos para rescatar el Club Deportivo y Cultural Samuel Santana, en el sector de <strong>Capotillo<\/strong>, mediante la entrega de un nuevo cuadril\u00e1tero y utiler\u00eda deportiva especializada.<\/p>\n<p>El acto fue encabezado por el director ejecutivo del <strong>Inefi<\/strong>, <strong>Alberto Rodr\u00edguez Mella<\/strong>, quien estuvo acompa\u00f1ado por los medallistas ol\u00edmpicos <strong>F\u00e9lix D\u00edaz<\/strong> y <strong>Cristian Pinales<\/strong>.\u00a0<\/p>\n<p>La iniciativa busca impactar positivamente a m\u00e1s de <strong>200 ni\u00f1os y adolescentes<\/strong> de entre 8 y 16 a\u00f1os, quienes ahora cuentan con <strong>guantes<\/strong>, protectores y un <strong>ring reglamentario<\/strong> para su formaci\u00f3n.<\/p>\n<h2><strong>Compromiso con el talento<\/strong> barrial<\/h2>\n<p><strong>Rodr\u00edguez Mella<\/strong> destac\u00f3 que esta intervenci\u00f3n responde a una promesa institucional de <strong>dignificar el espacio<\/strong> donde entrenan los <strong>futuros boxeadores<\/strong> del pa\u00eds.<\/p>\n<p>\u00a0\"Me llen\u00e9 de orgullo al saber la cantidad de boxeadores que han salido de aqu\u00ed pese a no tener un ring; era nuestro deber instalarlo\", afirm\u00f3 el funcionario, al tiempo que anunci\u00f3 que el rescate del club tambi\u00e9n incluir\u00e1 el acondicionamiento de <strong>\u00e1reas para tenis de mesa<\/strong>, ajedrez y taekwondo.<\/p>\n<p>De su lado, D\u00edaz y Pinales valoraron la gesti\u00f3n, se\u00f1alando que el <strong>apoyo del Inefi<\/strong> a la ni\u00f1ez escolar, combinado con el seguimiento acad\u00e9mico, es la clave para descubrir y potenciar nuevos talentos en diversas disciplinas.<\/p>\n<h2>Sobre el <strong>Club Samuel Santana<\/strong><\/h2>\n<ul class=\"list-text\">\n<li>Con <strong>46 a\u00f1os de historia<\/strong>, el <strong>Club Deportivo y Cultural Samuel Santana<\/strong> es un pilar fundamental en la barriada de Capotillo.<\/li>\n<\/ul>\n<div class=\"w-full pt-2 float-left inside-related\"><strong>RELACIONADAS<\/strong><\/p>\n<article class=\"flex flex-wrap border-b pb-4 mb-3 inline-block\">\n<div class=\"xl:w-2\/12 w-4\/12\">\n<figure class=\"mb-0\"><img loading=\"lazy\" decoding=\"async\" src=\"https:\/\/resources.diariolibre.com\/images\/2026\/04\/10\/inefi-arranca-construccion-de-un-nuevo-estadio-en-puerto-plata-026bd075-focus-0.11-0.48-149-99.jpg\" width=\"149\" height=\"99\" title=\"Inefi arranca la construcci\u00f3n de un nuevo estadio en Puerto Plata\" alt=\"Inefi arranca la construcci\u00f3n de un nuevo estadio en Puerto Plata\" class=\"object-cover\" \/><\/figure>\n<\/div>\n<\/article>\n<article class=\"flex flex-wrap border-b pb-4 mb-3 inline-block\">\n<div class=\"xl:w-2\/12 w-4\/12\">\n<figure class=\"mb-0\"><img loading=\"lazy\" decoding=\"async\" src=\"https:\/\/resources.diariolibre.com\/images\/2026\/04\/01\/marileidy-paulino-ratifica-calidad-de-la-pista-del-inefi-en-sfm-0e762751-focus-min0.14-0.29-149-99.jpg\" width=\"149\" height=\"99\" title=\"Marileidy Paulino ratifica calidad de la nueva pista del Inefi en SFM\" alt=\"Marileidy Paulino ratifica calidad de la nueva pista del Inefi en SFM\" class=\"object-cover\" \/><\/figure>\n<\/div>\n<\/article>\n<article class=\"flex flex-wrap border-b pb-4 mb-3 inline-block\">\n<div class=\"xl:w-2\/12 w-4\/12\">\n<figure class=\"mb-0\"><img loading=\"lazy\" decoding=\"async\" src=\"https:\/\/resources.diariolibre.com\/images\/2026\/04\/24\/el-inefi-y-odefar-ponen-en-marcha-escuelas-en-movimiento-7cc47236-focus-0.04-0.35-149-99.jpg\" width=\"149\" height=\"99\" title=\"Inefi y Odefar ponen en marcha &quot;Escuelas en Movimiento&quot;\" alt=\"Inefi y Odefar ponen en marcha &quot;Escuelas en Movimiento&quot;\" class=\"object-cover\" \/><\/figure>\n<\/div>\n<\/article>\n<\/div>\n<p>Fundado con la misi\u00f3n de ser un refugio de superaci\u00f3n para la juventud, el centro ha superado d\u00e9cadas de precariedad para mantenerse como un semillero de atletas. Tras esta entrega, su presidente, <strong>Genaro Prenza<\/strong>, inform\u00f3 que la <strong>capacidad de atenci\u00f3n<\/strong> del club subir\u00e1 de 60 a m\u00e1s de <strong>200 j\u00f3venes deportistas<\/strong>.<\/p>\n<div class=\"border-t border-b py-2 my-5 tags-container\"><strong>TEMAS &#8211; <\/strong><\/p>\n<ul>\n<li><\/li>\n<li>\n<div class=\"inline-block border p-2 rounded-full align-middle\">\n<p><a href=\"https:\/\/www.diariolibre.com\/tags\/miderec\/4411\" title=\"Miderec\">Miderec<\/a><\/p>\n<\/div>\n<\/li>\n<li>\n<div class=\"inline-block border p-2 rounded-full align-middle\">\n<p><a href=\"https:\/\/www.diariolibre.com\/tags\/club-samuel-santana\/379138\" title=\"Club Samuel Santana\">Club Samuel Santana<\/a><\/p>\n<\/div>\n<\/li>\n<\/ul>\n<\/div>\n<p>\u00a0<\/p>\n","protected":false},"excerpt":{"rendered":"<p>\u00a0\u00a0 El Instituto Nacional de Educaci\u00f3n F\u00edsica (Inefi) y el Ministerio de Deportes y Recreaci\u00f3n (Miderec) unieron esfuerzos para rescatar el Club Deportivo y Cultural Samuel Santana, en el sector de Capotillo, mediante la entrega de un nuevo cuadril\u00e1tero y utiler\u00eda deportiva especializada. El acto fue encabezado por el director ejecutivo del Inefi, Alberto Rodr\u00edguez [&hellip;]<\/p>\n","protected":false},"author":1,"featured_media":26742,"comment_status":"open","ping_status":"open","sticky":false,"template":"","format":"standard","meta":{"amp_status":"","footnotes":""},"categories":[4],"tags":[],"class_list":["post-26741","post","type-post","status-publish","format-standard","has-post-thumbnail","hentry","category-deportes"],"_links":{"self":[{"href":"https:\/\/ermdigital.com\/wp-json\/wp\/v2\/posts\/26741","targetHints":{"allow":["GET"]}}],"collection":[{"href":"https:\/\/ermdigital.com\/wp-json\/wp\/v2\/posts"}],"about":[{"href":"https:\/\/ermdigital.com\/wp-json\/wp\/v2\/types\/post"}],"author":[{"embeddable":true,"href":"https:\/\/ermdigital.com\/wp-json\/wp\/v2\/users\/1"}],"replies":[{"embeddable":true,"href":"https:\/\/ermdigital.com\/wp-json\/wp\/v2\/comments?post=26741"}],"version-history":[{"count":0,"href":"https:\/\/ermdigital.com\/wp-json\/wp\/v2\/posts\/26741\/revisions"}],"wp:featuredmedia":[{"embeddable":true,"href":"https:\/\/ermdigital.com\/wp-json\/wp\/v2\/media\/26742"}],"wp:attachment":[{"href":"https:\/\/ermdigital.com\/wp-json\/wp\/v2\/media?parent=26741"}],"wp:term":[{"taxonomy":"category","embeddable":true,"href":"https:\/\/ermdigital.com\/wp-json\/wp\/v2\/categories?post=26741"},{"taxonomy":"post_tag","embeddable":true,"href":"https:\/\/ermdigital.com\/wp-json\/wp\/v2\/tags?post=26741"}],"curies":[{"name":"wp","href":"https:\/\/api.w.org\/{rel}","templated":true}]}}